{"id":74952,"date":"2025-06-09T08:04:37","date_gmt":"2025-06-09T13:04:37","guid":{"rendered":"https:\/\/esreviral.com\/?p=74952"},"modified":"2025-06-09T08:11:41","modified_gmt":"2025-06-09T13:11:41","slug":"fallecio-la-periodista-venezolana-patricia-fuenmayor","status":"publish","type":"post","link":"https:\/\/esreviral.com\/?p=74952","title":{"rendered":"Falleci\u00f3 la periodista Venezolana Patricia Fuenmayor"},"content":{"rendered":"\n<p><strong>La industria de la televisi\u00f3n est\u00e1 de luto en Venezuela, M\u00e9xico y Estados Unidos<\/strong> tras confirmarse el fallecimiento de <strong>Patricia Fuenmayor<\/strong>, periodista y conductora venezolana, colaboradora de <em>Despierta Am\u00e9rica<\/em> y <em>Edici\u00f3n Digital Nueva York<\/em>. Perdi\u00f3 la vida durante la madrugada de este lunes 9 de junio a los 51 a\u00f1os de edad, seg\u00fan informaron sus compa\u00f1eros de Univision.<\/p>\n\n\n\n<p>Inicialmente, <em>Despierta Am\u00e9rica<\/em> dio a conocer la noticia a trav\u00e9s de sus redes sociales, se\u00f1alando que Fuenmayor falleci\u00f3 en Nueva York, ciudad en la que resid\u00eda y trabajaba. Aunque en un primer momento no se revelaron las causas del deceso, posteriormente <strong>se confirm\u00f3 que luchaba contra una larga y dura enfermedad: c\u00e1ncer.<\/strong><\/p>\n\n\n\n<p class=\"has-text-align-center\"><strong><a href=\"https:\/\/chat.whatsapp.com\/KWkTmakY3I05kNdd2oZl6d\"><em>\u00daNETE A NUESTRO GRUPO DE WHATSAPP PARA ESTAR INFORMADO<\/em><\/a><\/strong><\/p>\n\n\n<div class=\"wp-block-image\">\n<figure class=\"aligncenter size-full\"><img fetchpriority=\"high\" decoding=\"async\" width=\"768\" height=\"458\" src=\"https:\/\/esreviral.com\/wp-content\/uploads\/2025\/06\/AnyConv.com__f768x1-1138865_1138992_5050.webp\" alt=\"\" class=\"wp-image-74954\" srcset=\"https:\/\/esreviral.com\/wp-content\/uploads\/2025\/06\/AnyConv.com__f768x1-1138865_1138992_5050.webp 768w, https:\/\/esreviral.com\/wp-content\/uploads\/2025\/06\/AnyConv.com__f768x1-1138865_1138992_5050-300x179.webp 300w\" sizes=\"(max-width: 768px) 100vw, 768px\" \/><\/figure><\/div>\n\n\n<p><\/p>\n\n\n\n<h3 class=\"wp-block-heading\"><strong><mark style=\"background-color:rgba(0, 0, 0, 0)\" class=\"has-inline-color has-vivid-red-color\">\u00bfQui\u00e9n fue Patricia Fuenmayor?<\/mark><\/strong><\/h3>\n\n\n\n<p><strong>Patricia Fuenmayor <\/strong>comenz\u00f3 su carrera en el mundo del espect\u00e1culo en 1997, cuando particip\u00f3 en el <strong>Miss Venezuela<\/strong>, representando al estado Zulia. Aunque no gan\u00f3 el certamen, fue una de las finalistas y, un a\u00f1o m\u00e1s tarde, obtuvo el t\u00edtulo de <strong>Miss Sudam\u00e9rica<\/strong>, lo que le abri\u00f3 las puertas de la televisi\u00f3n venezolana.<\/p>\n\n\n\n<p>Su primera incursi\u00f3n fue como presentadora del clima en Venevisi\u00f3n, donde trabaj\u00f3 durante casi tres a\u00f1os. Paralelamente, inici\u00f3 su carrera radial en el programa <em>De cerquita<\/em>, y m\u00e1s adelante se desempe\u00f1\u00f3 como presentadora deportiva en <em>Teledeportes<\/em>, donde cubri\u00f3 eventos internacionales.<\/p>\n\n\n\n<p>Fuenmayor se gradu\u00f3 como periodista en la Universidad Santa Mar\u00eda de Caracas, y esa formaci\u00f3n acad\u00e9mica respald\u00f3 su crecimiento profesional en medios. En 2003 fue seleccionada por el canal E! Entertainment para cubrir las principales semanas de la moda del mundo, consolid\u00e1ndose como anfitriona de eventos internacionales.<\/p>\n\n\n\n<p>Un a\u00f1o despu\u00e9s, en 2004, debut\u00f3 como conductora del programa <em>De Boca en Boca<\/em>, espacio en el que entrevist\u00f3 a figuras de talla mundial como <strong>Shakira<\/strong> y <strong>Marc Anthony<\/strong>, entre otros. Su estilo fresco y carism\u00e1tico la posicion\u00f3 como una figura respetada en el medio.<\/p>\n\n\n<div class=\"wp-block-image\">\n<figure class=\"aligncenter size-full\"><img decoding=\"async\" width=\"768\" height=\"960\" src=\"https:\/\/esreviral.com\/wp-content\/uploads\/2025\/06\/f768x1-1138875_1139002_5050.jpg\" alt=\"\" class=\"wp-image-74958\" srcset=\"https:\/\/esreviral.com\/wp-content\/uploads\/2025\/06\/f768x1-1138875_1139002_5050.jpg 768w, https:\/\/esreviral.com\/wp-content\/uploads\/2025\/06\/f768x1-1138875_1139002_5050-240x300.jpg 240w\" sizes=\"(max-width: 768px) 100vw, 768px\" \/><\/figure><\/div>\n\n\n<h3 class=\"wp-block-heading\"><strong><mark style=\"background-color:rgba(0, 0, 0, 0)\" class=\"has-inline-color has-vivid-red-color\">De Venezuela a Nueva York<\/mark><\/strong><\/h3>\n\n\n\n<p>En 2017, Fuenmayor se traslad\u00f3 a Nueva York, donde se integr\u00f3 como presentadora a <em>Edici\u00f3n Digital Nueva York<\/em>, noticiero de Univision dedicado a la comunidad hispana. Desde all\u00ed se destac\u00f3 por su profesionalismo, cercan\u00eda con la audiencia y presencia activa en redes sociales.<\/p>\n\n\n\n<p>Durante la pandemia de COVID-19, comparti\u00f3 con honestidad su diagn\u00f3stico positivo, generando una ola de apoyo por parte de sus seguidores. Su voz c\u00e1lida, su autenticidad frente a c\u00e1mara y su trayectoria vers\u00e1til la convirtieron en una de las comunicadoras venezolanas m\u00e1s queridas de los \u00faltimos a\u00f1os.<\/p>\n\n\n\n<p>Patricia Fuenmayor deja un legado de trabajo, perseverancia y pasi\u00f3n por la comunicaci\u00f3n. Su partida enluta al periodismo hispano y deja un profundo vac\u00edo entre quienes la admiraron y acompa\u00f1aron en cada etapa de su carrera.<\/p>\n\n\n\n<p class=\"has-text-align-center\"><em><strong><em><strong><em><strong><em><strong><a href=\"https:\/\/t.me\/esreviral\">\u00daNETE A NUESTRO CANAL DE TELEGRAM PARA ESTAR INFORMADO<\/a><\/strong><\/em><\/strong><\/em><\/strong><\/em><\/strong><\/em><\/p>\n\n\n\n<p class=\"has-text-align-right\"><em style=\"\"><b>Con Informaci\u00f3n de<\/b><\/em><strong><em> <\/em><\/strong><strong><em>heraldodemexico.com.mx.-<\/em><\/strong><\/p>\n","protected":false},"excerpt":{"rendered":"<p>La venezolana perdi\u00f3 la vida en Nueva York este 9 de junio. Hasta el momento se desconocen los motivos de la muerte de la modelo y conductora de televisi\u00f3n<\/p>\n","protected":false},"author":3,"featured_media":74953,"comment_status":"closed","ping_status":"closed","sticky":false,"template":"","format":"standard","meta":{"jnews-multi-image_gallery":[],"jnews_single_post":{"format":"standard"},"jnews_primary_category":[],"jnews_social_meta":[],"jnews_review":[],"enable_review":"","type":"","name":"","summary":"","brand":"","sku":"","good":[],"bad":[],"score_override":"","override_value":"","rating":[],"price":[],"jnews_override_counter":[],"jnews_post_split":[],"footnotes":""},"categories":[43],"tags":[5655,8431,136,31210,45,31209,19979],"class_list":["post-74952","post","type-post","status-publish","format-standard","has-post-thumbnail","hentry","category-actualidad","tag-conductora-de-television","tag-despierta-america","tag-estados-unidos","tag-miss-venezuela-1997","tag-noticias","tag-patricia-fuenmayor","tag-periodista-venezolana"],"amp_enabled":true,"_links":{"self":[{"href":"https:\/\/esreviral.com\/index.php?rest_route=\/wp\/v2\/posts\/74952"}],"collection":[{"href":"https:\/\/esreviral.com\/index.php?rest_route=\/wp\/v2\/posts"}],"about":[{"href":"https:\/\/esreviral.com\/index.php?rest_route=\/wp\/v2\/types\/post"}],"author":[{"embeddable":true,"href":"https:\/\/esreviral.com\/index.php?rest_route=\/wp\/v2\/users\/3"}],"replies":[{"embeddable":true,"href":"https:\/\/esreviral.com\/index.php?rest_route=%2Fwp%2Fv2%2Fcomments&post=74952"}],"version-history":[{"count":2,"href":"https:\/\/esreviral.com\/index.php?rest_route=\/wp\/v2\/posts\/74952\/revisions"}],"predecessor-version":[{"id":74959,"href":"https:\/\/esreviral.com\/index.php?rest_route=\/wp\/v2\/posts\/74952\/revisions\/74959"}],"wp:featuredmedia":[{"embeddable":true,"href":"https:\/\/esreviral.com\/index.php?rest_route=\/wp\/v2\/media\/74953"}],"wp:attachment":[{"href":"https:\/\/esreviral.com\/index.php?rest_route=%2Fwp%2Fv2%2Fmedia&parent=74952"}],"wp:term":[{"taxonomy":"category","embeddable":true,"href":"https:\/\/esreviral.com\/index.php?rest_route=%2Fwp%2Fv2%2Fcategories&post=74952"},{"taxonomy":"post_tag","embeddable":true,"href":"https:\/\/esreviral.com\/index.php?rest_route=%2Fwp%2Fv2%2Ftags&post=74952"}],"curies":[{"name":"wp","href":"https:\/\/api.w.org\/{rel}","templated":true}]}}