{"id":74895,"date":"2025-06-06T11:49:00","date_gmt":"2025-06-06T16:49:00","guid":{"rendered":"https:\/\/esreviral.com\/?p=74895"},"modified":"2025-06-06T11:49:02","modified_gmt":"2025-06-06T16:49:02","slug":"arrestado-sexagenario-por-abuso-sexual-contra-una-adolescente","status":"publish","type":"post","link":"https:\/\/esreviral.com\/?p=74895","title":{"rendered":"Arrestado sexagenario por abuso sexual contra una adolescente"},"content":{"rendered":"\n<p><strong>Un sujeto identificado como Niexe Joaqu\u00edn Urdaneta de 61 a\u00f1os de edad<\/strong>, fue detenido por funcionarios del Cuerpo de Polic\u00eda Bolivariana del estado Zulia Venezuela (Cpbez), por presuntamente <strong>abusar sexualmente de una adolescente de 12 a\u00f1os de edad.<\/strong><\/p>\n\n\n\n<p><strong>El caso fue denunciado por la progenitora de la menor<\/strong>, quien se\u00f1al\u00f3 al sexagenario de abusar de su hija, seg\u00fan&nbsp;<strong>la ni\u00f1a hab\u00eda confesado a una vecina que Urdaneta tocaba sus partes \u00edntimas.<\/strong><\/p>\n\n\n\n<p>Una vez capturado el adulto mayor fue conducido al Centro de Coordinaci\u00f3n Policial Sur del Lago Oeste, donde&nbsp;<strong>qued\u00f3 a disposici\u00f3n de la Fiscal\u00eda 16 del Ministerio P\u00fablico<\/strong>, instancia encargada de continuar con las indagaciones del caso.<\/p>\n\n\n\n<p><strong>La menor fue llevada al Hospital General de Santa B\u00e1rbara, donde fue remitida al Servicio Nacional de Medicina<\/strong>&nbsp;y Ciencias Forenses.<\/p>\n\n\n\n<p class=\"has-text-align-center\"><strong><a href=\"https:\/\/chat.whatsapp.com\/KWkTmakY3I05kNdd2oZl6d\"><em>\u00daNETE A NUESTRO GRUPO DE WHATSAPP PARA ESTAR INFORMADO<\/em><\/a><\/strong><\/p>\n\n\n\n<p class=\"has-text-align-center\"><em><strong><em><strong><em><strong><em><strong><a href=\"https:\/\/t.me\/esreviral\">\u00daNETE A NUESTRO CANAL DE TELEGRAM PARA ESTAR INFORMADO<\/a><\/strong><\/em><\/strong><\/em><\/strong><\/em><\/strong><\/em><\/p>\n\n\n\n<p class=\"has-text-align-right\"><strong><em>Con Informaci\u00f3n de diarioversionfinal.com.-<\/em><\/strong><\/p>\n","protected":false},"excerpt":{"rendered":"<p>El caso fue denunciado por la progenitora de la menor. La ni\u00f1a hab\u00eda confesado a una vecina que el acusado tocaba sus partes \u00edntimas. El caso qued\u00f3 a disposici\u00f3n de la Fiscal\u00eda 16 del Ministerio P\u00fablico<\/p>\n","protected":false},"author":3,"featured_media":74896,"comment_status":"closed","ping_status":"closed","sticky":false,"template":"","format":"standard","meta":{"jnews-multi-image_gallery":[],"jnews_single_post":{"format":"standard"},"jnews_primary_category":[],"jnews_social_meta":[],"jnews_review":[],"enable_review":"","type":"","name":"","summary":"","brand":"","sku":"","good":[],"bad":[],"score_override":"","override_value":"","rating":[],"price":[],"jnews_override_counter":[],"jnews_post_split":[],"footnotes":""},"categories":[64,66],"tags":[398,4153,182,45,56],"class_list":["post-74895","post","type-post","status-publish","format-standard","has-post-thumbnail","hentry","category-sucesos","category-venezuela","tag-abuso-sexual","tag-estado-zulia","tag-ministerio-publico","tag-noticias","tag-venezuela"],"amp_enabled":true,"_links":{"self":[{"href":"https:\/\/esreviral.com\/index.php?rest_route=\/wp\/v2\/posts\/74895"}],"collection":[{"href":"https:\/\/esreviral.com\/index.php?rest_route=\/wp\/v2\/posts"}],"about":[{"href":"https:\/\/esreviral.com\/index.php?rest_route=\/wp\/v2\/types\/post"}],"author":[{"embeddable":true,"href":"https:\/\/esreviral.com\/index.php?rest_route=\/wp\/v2\/users\/3"}],"replies":[{"embeddable":true,"href":"https:\/\/esreviral.com\/index.php?rest_route=%2Fwp%2Fv2%2Fcomments&post=74895"}],"version-history":[{"count":1,"href":"https:\/\/esreviral.com\/index.php?rest_route=\/wp\/v2\/posts\/74895\/revisions"}],"predecessor-version":[{"id":74897,"href":"https:\/\/esreviral.com\/index.php?rest_route=\/wp\/v2\/posts\/74895\/revisions\/74897"}],"wp:featuredmedia":[{"embeddable":true,"href":"https:\/\/esreviral.com\/index.php?rest_route=\/wp\/v2\/media\/74896"}],"wp:attachment":[{"href":"https:\/\/esreviral.com\/index.php?rest_route=%2Fwp%2Fv2%2Fmedia&parent=74895"}],"wp:term":[{"taxonomy":"category","embeddable":true,"href":"https:\/\/esreviral.com\/index.php?rest_route=%2Fwp%2Fv2%2Fcategories&post=74895"},{"taxonomy":"post_tag","embeddable":true,"href":"https:\/\/esreviral.com\/index.php?rest_route=%2Fwp%2Fv2%2Ftags&post=74895"}],"curies":[{"name":"wp","href":"https:\/\/api.w.org\/{rel}","templated":true}]}}