{"id":74861,"date":"2025-06-06T08:25:41","date_gmt":"2025-06-06T13:25:41","guid":{"rendered":"https:\/\/esreviral.com\/?p=74861"},"modified":"2025-06-06T08:25:42","modified_gmt":"2025-06-06T13:25:42","slug":"david-beckham-sera-nombrado-como-caballero-por-el-rey-carlos-iii","status":"publish","type":"post","link":"https:\/\/esreviral.com\/?p=74861","title":{"rendered":"David Beckham ser\u00e1 nombrado como caballero por el Rey Carlos III"},"content":{"rendered":"\n<p>Despu\u00e9s de a\u00f1os de trabajo filantr\u00f3pico, lecciones de elocuci\u00f3n para suavizar su acento de Essex, una pasi\u00f3n inesperada por la jardiner\u00eda y una intensa estrategia de relaciones p\u00fablicas, <strong>David Beckham finalmente recibir\u00e1 el t\u00edtulo de caballero<\/strong>. El exfutbolista y empresario brit\u00e1nico ser\u00e1 nombrado <strong><em>\u00abSir\u00bb <\/em><\/strong>la pr\u00f3xima semana, como parte de las celebraciones oficiales por el <strong>cumplea\u00f1os del rey Carlos III, <\/strong>con quien ha forjado una estrecha relaci\u00f3n.<\/p>\n\n\n\n<p>A sus 50 a\u00f1os de edad, Beckham figurar\u00e1 en la tradicional lista de honores del soberano brit\u00e1nico. Su esposa, Victoria Beckham \u2014dise\u00f1adora de moda y exintegrante de las Spice Girls\u2014 tambi\u00e9n recibir\u00e1 un t\u00edtulo honor\u00edfico: ser\u00e1 conocida como Lady Beckham.<\/p>\n\n\n\n<p class=\"has-text-align-center\"><strong><a href=\"https:\/\/chat.whatsapp.com\/KWkTmakY3I05kNdd2oZl6d\"><em>\u00daNETE A NUESTRO GRUPO DE WHATSAPP PARA ESTAR INFORMADO<\/em><\/a><\/strong><\/p>\n\n\n<div class=\"wp-block-image\">\n<figure class=\"aligncenter size-large\"><img decoding=\"async\" src=\"https:\/\/www.ole.com.ar\/2025\/06\/06\/2K0FyF8eE_720x0__1.jpg\" alt=\"\"\/><\/figure>\n<\/div>\n\n\n<h3 class=\"wp-block-heading\"><strong><mark style=\"background-color:rgba(0, 0, 0, 0)\" class=\"has-inline-color has-vivid-red-color\">La \u00abotra\u00bb familia real brit\u00e1nica<\/mark><\/strong><\/h3>\n\n\n\n<p>Los Beckham han cultivado una imagen p\u00fablica que los ha llevado a convertirse, para muchos, en la \u201c<strong><em>otra familia real<\/em><\/strong>\u201d del Reino Unido, con conflictos familiares que en ocasiones recuerdan a los de los mism\u00edsimos Windsor.<\/p>\n\n\n\n<p>David y Victoria se casaron en julio de 1999 y tienen cuatro hijos: Brooklyn, Romeo, Cruz y Harper. Sin embargo, la relaci\u00f3n entre el mayor de ellos, Brooklyn, y el resto de la familia ha estado marcada por tensiones desde su boda con la actriz Nicola Peltz, celebrada en abril de 2022 en Palm Beach, Florida. Uno de los puntos de quiebre fue el vestido de novia: Nicola opt\u00f3 por no usar el dise\u00f1o que su suegra hab\u00eda preparado para ella.<\/p>\n\n\n\n<p>Aunque en marzo de 2023 Nicola neg\u00f3 p\u00fablicamente cualquier conflicto en una entrevista con <em>Cosmopolitan<\/em>, versiones posteriores revelaron que las tensiones continuaban. En mayo de 2025, una fuente cercana a la familia asegur\u00f3: <strong><em>\u201cCada vez que logran un momento feliz, todo se desmorona\u201d.<\/em><\/strong> Seg\u00fan esa misma fuente, Brooklyn se siente dividido: \u201c<strong><em>Es su familia, pero su relaci\u00f3n con David siempre ha parecido m\u00e1s un asunto de negocios que un v\u00ednculo afectivo real\u201d.<\/em><\/strong><\/p>\n\n\n\n<p>Brooklyn no asisti\u00f3 al festejo por los 50 a\u00f1os de su padre, ni en Londres ni en Par\u00eds. Tampoco apareci\u00f3 en las fotos familiares. En cambio, se lo vio en una fiesta en Montecito, en la casa de los duques de Sussex, Harry y Meghan, quienes tambi\u00e9n han roto v\u00ednculos con la familia real brit\u00e1nica.<\/p>\n\n\n\n<p>La relaci\u00f3n entre Victoria Beckham y Meghan Markle tambi\u00e9n se enfri\u00f3 luego de que esta \u00faltima sospechara que la dise\u00f1adora filtraba informaci\u00f3n a la prensa sensacionalista.<\/p>\n\n\n\n<figure class=\"wp-block-image size-large\"><img decoding=\"async\" src=\"https:\/\/fotografias.larazon.es\/clipping\/cmsimages01\/2025\/06\/06\/2CAA166A-2308-408B-8A5F-79CCB90A83B2\/rey-carlos-iii-david-beckham_98.jpg?crop=1920,1080,x0,y0&amp;width=1900&amp;height=1069&amp;optimize=low&amp;format=webply\" alt=\"\"\/><\/figure>\n\n\n\n<h3 class=\"wp-block-heading\"><strong><mark style=\"background-color:rgba(0, 0, 0, 0)\" class=\"has-inline-color has-vivid-red-color\">Una vida de servicio y reinvenci\u00f3n<\/mark><\/strong><\/h3>\n\n\n\n<p>David Beckham ha estado cerca de recibir el t\u00edtulo de caballero durante m\u00e1s de una d\u00e9cada. Su historial incluye m\u00e1s de 100 partidos con la selecci\u00f3n inglesa y un compromiso constante con causas ben\u00e9ficas, especialmente aquellas enfocadas en mejorar las condiciones de vida de ni\u00f1os en situaci\u00f3n vulnerable.<\/p>\n\n\n\n<p>Desde 2003, cuando recibi\u00f3 la OBE (Orden del Imperio Brit\u00e1nico), su perfil filantr\u00f3pico ha crecido. En 2011, fue propuesto por primera vez para ser nombrado caballero, despu\u00e9s de su participaci\u00f3n junto al pr\u00edncipe William en la exitosa campa\u00f1a para que Londres fuera sede de los Juegos Ol\u00edmpicos de 2012. Sin embargo, su nombramiento fue aplazado por su presunta vinculaci\u00f3n con un esquema de evasi\u00f3n fiscal del que finalmente fue absuelto en 2021.<\/p>\n\n\n\n<p>Beckham tambi\u00e9n ha sido embajador especial de UNICEF durante 20 a\u00f1os. Este a\u00f1o, fue galardonado con el Premio de Cristal del Foro Econ\u00f3mico Mundial por su trabajo en defensa de los derechos de la infancia. Durante su discurso en Davos, hizo un llamado a garantizar la igualdad de oportunidades para las ni\u00f1as, inspir\u00e1ndose en su hija Harper, de 13 a\u00f1os.<\/p>\n\n\n\n<h3 class=\"wp-block-heading\"><strong><mark style=\"background-color:rgba(0, 0, 0, 0)\" class=\"has-inline-color has-vivid-red-color\">La cercan\u00eda con la corona<\/mark><\/strong><\/h3>\n\n\n\n<p>En los \u00faltimos meses, la presencia p\u00fablica de los Beckham junto a la realeza se ha intensificado. En mayo, asistieron a la exposici\u00f3n de flores de Chelsea, donde se fotografiaron junto al rey Carlos III y la reina Camila. David luci\u00f3 una gran flor en el ojal, s\u00edmbolo de su nuevo inter\u00e9s por la jardiner\u00eda. Tambi\u00e9n participaron de una cena en Highgrove, la residencia privada del rey, para promover las relaciones anglo-italianas.<\/p>\n\n\n\n<p>Beckham es actualmente embajador oficial de la King\u2019s Foundation, donde apoya programas educativos y actividades que buscan fortalecer la conexi\u00f3n de los j\u00f3venes con la naturaleza. En el documental de Netflix sobre su vida, revel\u00f3 su pasi\u00f3n por la apicultura, que practica en la finca familiar de los Cotswolds, en Oxfordshire.<\/p>\n\n\n\n<p class=\"has-text-align-center\"><em><strong><em><strong><em><strong><em><strong><a href=\"https:\/\/t.me\/esreviral\">\u00daNETE A NUESTRO CANAL DE TELEGRAM PARA ESTAR INFORMADO<\/a><\/strong><\/em><\/strong><\/em><\/strong><\/em><\/strong><\/em><\/p>\n\n\n\n<h3 class=\"wp-block-heading\"><strong><mark style=\"background-color:rgba(0, 0, 0, 0)\" class=\"has-inline-color has-vivid-red-color\">Empresario del f\u00fatbol<\/mark><\/strong><\/h3>\n\n\n\n<p>M\u00e1s all\u00e1 de su legado deportivo, Beckham ha sabido reconvertirse en un empresario del f\u00fatbol. En mayo, se confirm\u00f3 que forma parte de un consorcio que asumi\u00f3 el control del Salford City FC, junto a su excompa\u00f1ero Gary Neville. Su objetivo declarado es llevar al equipo, actualmente en la League Two, hasta la Premier League: \u201cSiempre sue\u00f1o en grande\u201d, dijo a <em>The Athletic<\/em>. \u201cQuiero ver al club en lo m\u00e1s alto, aunque a\u00fan queda mucho trabajo por hacer\u201d.<\/p>\n\n\n\n<p>En Estados Unidos, es propietario de la franquicia Inter Miami de la MLS, equipo al que ha logrado atraer a figuras como Lionel Messi, Luis Su\u00e1rez, Jordi Alba y Sergio Busquets. Sus familias, seg\u00fan se sabe, han estrechado lazos en Florida, donde los Beckham residen actualmente la mayor parte del tiempo.<\/p>\n\n\n\n<p class=\"has-text-align-right\"><strong><em>Con Informaci\u00f3n de Clarin.-<\/em><\/strong><\/p>\n","protected":false},"excerpt":{"rendered":"<p>Hay un intenso trabajo de relaciones p\u00fablicas detr\u00e1s del este t\u00edtulo honor\u00edfico.<br \/>\nEl futbolista se ha vuelto confidente del monarca. Victoria, su esposa, ser\u00e1 Lady Beckham.<\/p>\n","protected":false},"author":3,"featured_media":74862,"comment_status":"closed","ping_status":"closed","sticky":false,"template":"","format":"standard","meta":{"jnews-multi-image_gallery":[],"jnews_single_post":{"format":"standard"},"jnews_primary_category":[],"jnews_social_meta":[],"jnews_review":[],"enable_review":"","type":"","name":"","summary":"","brand":"","sku":"","good":[],"bad":[],"score_override":"","override_value":"","rating":[],"price":[],"jnews_override_counter":[],"jnews_post_split":[],"footnotes":""},"categories":[88],"tags":[1094,45,2844,4214,31152],"class_list":["post-74861","post","type-post","status-publish","format-standard","has-post-thumbnail","hentry","category-internacionales","tag-david-beckham","tag-noticias","tag-reino-unido","tag-rey-carlos-iii","tag-titulo-de-caballero"],"_links":{"self":[{"href":"https:\/\/esreviral.com\/index.php?rest_route=\/wp\/v2\/posts\/74861","targetHints":{"allow":["GET"]}}],"collection":[{"href":"https:\/\/esreviral.com\/index.php?rest_route=\/wp\/v2\/posts"}],"about":[{"href":"https:\/\/esreviral.com\/index.php?rest_route=\/wp\/v2\/types\/post"}],"author":[{"embeddable":true,"href":"https:\/\/esreviral.com\/index.php?rest_route=\/wp\/v2\/users\/3"}],"replies":[{"embeddable":true,"href":"https:\/\/esreviral.com\/index.php?rest_route=%2Fwp%2Fv2%2Fcomments&post=74861"}],"version-history":[{"count":1,"href":"https:\/\/esreviral.com\/index.php?rest_route=\/wp\/v2\/posts\/74861\/revisions"}],"predecessor-version":[{"id":74863,"href":"https:\/\/esreviral.com\/index.php?rest_route=\/wp\/v2\/posts\/74861\/revisions\/74863"}],"wp:featuredmedia":[{"embeddable":true,"href":"https:\/\/esreviral.com\/index.php?rest_route=\/wp\/v2\/media\/74862"}],"wp:attachment":[{"href":"https:\/\/esreviral.com\/index.php?rest_route=%2Fwp%2Fv2%2Fmedia&parent=74861"}],"wp:term":[{"taxonomy":"category","embeddable":true,"href":"https:\/\/esreviral.com\/index.php?rest_route=%2Fwp%2Fv2%2Fcategories&post=74861"},{"taxonomy":"post_tag","embeddable":true,"href":"https:\/\/esreviral.com\/index.php?rest_route=%2Fwp%2Fv2%2Ftags&post=74861"}],"curies":[{"name":"wp","href":"https:\/\/api.w.org\/{rel}","templated":true}]}}