{"id":74836,"date":"2025-06-07T09:04:45","date_gmt":"2025-06-07T14:04:45","guid":{"rendered":"https:\/\/esreviral.com\/?p=74836"},"modified":"2025-06-07T09:04:46","modified_gmt":"2025-06-07T14:04:46","slug":"que-hacer-este-fin-de-semana-en-caba-colon-para-ninos-feria-francesa-y-jazz-en-recoleta","status":"publish","type":"post","link":"https:\/\/esreviral.com\/?p=74836","title":{"rendered":"Qu\u00e9 hacer este fin de Semana en CABA: Col\u00f3n para ni\u00f1os, feria francesa y jazz en Recoleta\u00a0"},"content":{"rendered":"\n<p><strong><mark style=\"background-color:rgba(0, 0, 0, 0)\" class=\"has-inline-color has-vivid-red-color\">Moli\u00e9re en el Col\u00f3n para Ni\u00f1os<\/mark><\/strong><\/p>\n\n\n\n<p>Este fin de semana empieza el ciclo <strong>Col\u00f3n para Ni\u00f1os<\/strong>, un espacio que invita a los m\u00e1s peque\u00f1os a descubrir el encanto de la m\u00fasica y la danza con una serie de\u00a0<strong>espect\u00e1culos para toda la familia<\/strong>. El programa inaugura con Moliendo a Moli\u00e8re, una funci\u00f3n sobre el universo po\u00e9tico del dramaturgo, con m\u00fasica de Jean-Baptiste Lully y Marc-Antoine Charpentier. Para chicos desde los cinco a\u00f1os, se presentar\u00e1 el s\u00e1bado a las 16 y el domingo a las 11. Las entradas se compran en la Boleter\u00eda del Teatro (Tucum\u00e1n 1171) o en\u00a0<a href=\"http:\/\/www.teatrocolon.org.ar\/\" target=\"_blank\" rel=\"noreferrer noopener\">www.teatrocolon.org.ar<\/a>.<\/p>\n\n\n\n<p><strong><mark style=\"background-color:rgba(0, 0, 0, 0)\" class=\"has-inline-color has-vivid-red-color\">39 a\u00f1os de tradici\u00f3n en Mataderos<\/mark><\/strong><\/p>\n\n\n\n<p>Este domingo celebrar\u00e1 su aniversario la Feria de Mataderos, el&nbsp;<strong>mercado porte\u00f1o a cielo abierto<\/strong>&nbsp;que mantiene vivas las tradiciones argentinas a trav\u00e9s de la gastronom\u00eda, las artesan\u00edas, los talleres y espect\u00e1culos art\u00edsticos, muestras del patrimonio cultural del pa\u00eds. Se har\u00e1 de 11 a 18 en Av. Lisandro de la Torre y Av. de Los Corrales.<\/p>\n\n\n\n<p><strong><mark style=\"background-color:rgba(0, 0, 0, 0)\" class=\"has-inline-color has-vivid-red-color\">15k en el Aut\u00f3dromo<\/mark><\/strong><\/p>\n\n\n\n<p>El G\u00e1lvez ser\u00e1 sede de una carrera distinta:&nbsp;<strong>running sobre la pista de autos<\/strong>. Habr\u00e1 competencias individuales y por equipos, recorriendo 15 kil\u00f3metros del asfalto del Aut\u00f3dromo de la Ciudad y sus m\u00edticas curvas. Se desarrollar\u00e1 este domingo desde las 8.30. La inscripci\u00f3n se hace a trav\u00e9s de&nbsp;<a href=\"http:\/\/adizero15k.com.ar\/\" target=\"_blank\" rel=\"noreferrer noopener\">adizero15k.com.ar<\/a><\/p>\n\n\n\n<p class=\"has-text-align-center\"><strong><a href=\"https:\/\/chat.whatsapp.com\/KWkTmakY3I05kNdd2oZl6d\"><em>\u00daNETE A NUESTRO GRUPO DE WHATSAPP PARA ESTAR INFORMADO<\/em><\/a><\/strong><\/p>\n\n\n\n<figure class=\"wp-block-image size-large\"><img fetchpriority=\"high\" decoding=\"async\" width=\"1024\" height=\"682\" src=\"https:\/\/esreviral.com\/wp-content\/uploads\/2025\/06\/AnyConv.com__WhatsApp_Image_2025-06-05_at_12.42.32_PM-1-1024x682.webp\" alt=\"\" class=\"wp-image-74838\" srcset=\"https:\/\/esreviral.com\/wp-content\/uploads\/2025\/06\/AnyConv.com__WhatsApp_Image_2025-06-05_at_12.42.32_PM-1-1024x682.webp 1024w, https:\/\/esreviral.com\/wp-content\/uploads\/2025\/06\/AnyConv.com__WhatsApp_Image_2025-06-05_at_12.42.32_PM-1-300x200.webp 300w, https:\/\/esreviral.com\/wp-content\/uploads\/2025\/06\/AnyConv.com__WhatsApp_Image_2025-06-05_at_12.42.32_PM-1-768x512.webp 768w, https:\/\/esreviral.com\/wp-content\/uploads\/2025\/06\/AnyConv.com__WhatsApp_Image_2025-06-05_at_12.42.32_PM-1-1536x1023.webp 1536w, https:\/\/esreviral.com\/wp-content\/uploads\/2025\/06\/AnyConv.com__WhatsApp_Image_2025-06-05_at_12.42.32_PM-1.webp 1600w\" sizes=\"(max-width: 1024px) 100vw, 1024px\" \/><\/figure>\n\n\n\n<p><\/p>\n\n\n\n<p><strong><mark style=\"background-color:rgba(0, 0, 0, 0)\" class=\"has-inline-color has-vivid-red-color\">Ballet en el Col\u00f3n<\/mark><\/strong><\/p>\n\n\n\n<p>Contin\u00faan las funciones del programa mixto del cuerpo dirigido por Julio Bocca, una presentaci\u00f3n de tres obras que dialogan entre la tradici\u00f3n, la poes\u00eda y la energ\u00eda contempor\u00e1nea. Con la participaci\u00f3n de la Orquesta Filarm\u00f3nica de la Ciudad. Ser\u00e1 el&nbsp;<strong>\u00faltimo fin de semana para verlo<\/strong>: el viernes y el s\u00e1bado se presenta a las 20 y el domingo, a las 17. Las entradas se pueden comprar a trav\u00e9s de&nbsp;<a href=\"http:\/\/www.teatrocolon.org.ar\/\" target=\"_blank\" rel=\"noreferrer noopener\">www.teatrocolon.org.ar<\/a>&nbsp;o en la boleter\u00eda (Tucum\u00e1n 1171).<\/p>\n\n\n\n<p><strong><mark style=\"background-color:rgba(0, 0, 0, 0)\" class=\"has-inline-color has-vivid-red-color\">\u00a1URGENTE!<\/mark><\/strong><\/p>\n\n\n\n<p>Hasta el s\u00e1bado, la Biblioteca Ricardo G\u00fciraldes (Talcahuano 1261) ser\u00e1 sede del primer encuentro de periodistas y libros de la Ciudad, en el marco del D\u00eda del Periodista que se celebra el 7 de junio. Habr\u00e1 charlas, debates y&nbsp;<strong>firmas de libros con reconocidos referentes del periodismo<\/strong>. Toda la programaci\u00f3n se puede consultar en&nbsp;<a href=\"http:\/\/buenosaires.gob.ar\/noticias\/comienza-urgente-el-primer-encuentro-de-periodistas-y-libros-de-la-ciudad\" target=\"_blank\" rel=\"noreferrer noopener\">buenosaires.gob.ar\/noticias\/comienza-urgente-el-primer-encuentro-de-periodistas-y-libros-de-la-ciudad<\/a><\/p>\n\n\n\n<p><strong><mark style=\"background-color:rgba(0, 0, 0, 0)\" class=\"has-inline-color has-vivid-red-color\">Feria Lucullus<\/mark><\/strong><\/p>\n\n\n\n<p>La feria gastron\u00f3mica francesa Lucullus contar\u00e1 con treinta stands que ofrecer\u00e1n&nbsp;<strong>quesos, panes, platos t\u00edpicos y caf\u00e9s de especialidad<\/strong>. Tambi\u00e9n habr\u00e1 clases de cocina y shows musicales. Se desarrollar\u00e1 en el Rosedal de Palermo (Av. Infanta Isabel 900) este fin de semana, de 11 a 18.<\/p>\n\n\n\n<p><strong><mark style=\"background-color:rgba(0, 0, 0, 0)\" class=\"has-inline-color has-vivid-red-color\">El suelo que sostiene a Hande<\/mark><\/strong><\/p>\n\n\n\n<p>\u00daltimo fin de semana para ir a ver la obra adaptada y dirigida por Corina Fiorillo que se inspira en la vida de Hande Kader,&nbsp;<strong>una activista transg\u00e9nero turca asesinada en 2016<\/strong>. Se presenta en el Teatro Regio (Av. C\u00f3rdoba 6056) de jueves a domingo, a las 20. Las entradas se pueden comprar en&nbsp;<a href=\"http:\/\/complejoteatral.gob.ar\/\" target=\"_blank\" rel=\"noreferrer noopener\">complejoteatral.gob.ar<\/a>.<\/p>\n\n\n\n<p><strong><mark style=\"background-color:rgba(0, 0, 0, 0)\" class=\"has-inline-color has-vivid-red-color\">Banda Sinf\u00f3nica<\/mark><\/strong><\/p>\n\n\n\n<p>Bajo la direcci\u00f3n de Juanita Atenea Caballero-McGill, la Banda Sinf\u00f3nica de Buenos Aires ofrecer\u00e1 un&nbsp;<strong>concierto gratuito en el hall del Teatro San Mart\u00edn<\/strong>&nbsp;(Av. Corrientes 1530) lleno de cl\u00e1sicos populares que van desde Simple Gifts hasta los Beatles. Se presentar\u00e1 este s\u00e1bado a las 18.<\/p>\n\n\n\n<p><strong><mark style=\"background-color:rgba(0, 0, 0, 0)\" class=\"has-inline-color has-vivid-red-color\">Para ver la Luna bien de cerca<\/mark><\/strong><\/p>\n\n\n\n<p>Este s\u00e1bado en el Planetario se podr\u00e1 hacerle zoom a nuestro sat\u00e9lite natural con telescopios especialmente preparados&nbsp;<strong>para descubrir cr\u00e1teres, monta\u00f1as y mares lunares<\/strong>. Actividad con cupo limitado, sujeta a condiciones meteorol\u00f3gicas. El s\u00e1bado a las 18.30 &nbsp;en Av. Sarmiento s\/n. M\u00e1s info:&nbsp;<a href=\"http:\/\/planetario.buenosaires.gob.ar\/\" target=\"_blank\" rel=\"noreferrer noopener\">planetario.buenosaires.gob.ar<\/a><\/p>\n\n\n\n<p><strong><mark style=\"background-color:rgba(0, 0, 0, 0)\" class=\"has-inline-color has-vivid-red-color\">M\u00fasica en la Capilla<\/mark><\/strong><\/p>\n\n\n\n<p>El prestigioso pianista argentino,&nbsp;<strong>Ernesto Jodos, junto al joven instrumentista rosarino, Camilo Salvatierra<\/strong>&nbsp;(saxo alto, clarinete bajo, flauta), ofrecer\u00e1n un show a d\u00fao compuesto por piezas improvisadas y por lo mejor del repertorio del jazz contempor\u00e1neo. Se har\u00e1 este s\u00e1bado a las 18 en el Centro Cultural Recoleta (Jun\u00edn 1930).<\/p>\n\n\n\n<p><strong><mark style=\"background-color:rgba(0, 0, 0, 0)\" class=\"has-inline-color has-vivid-red-color\">Racconto tanguero en el Anfi<\/mark><\/strong><\/p>\n\n\n\n<p>El bandoneonista Federico Pereiro y su quinteto ofrecer\u00e1n un concierto que recorre&nbsp;<strong>obras de grandes autores cl\u00e1sicos del tango<\/strong>, junto con composiciones propias del grupo. Participar\u00e1 Paula Castignola como cantante invitada. Se har\u00e1 el domingo a las 16 en el Anfiteatro del Parque Centenario (Leopoldo Marechal y Av. Lillo).<\/p>\n\n\n\n<p class=\"has-text-align-center\"><em><strong><em><strong><em><strong><em><strong><a href=\"https:\/\/t.me\/esreviral\">\u00daNETE A NUESTRO CANAL DE TELEGRAM PARA ESTAR INFORMADO<\/a><\/strong><\/em><\/strong><\/em><\/strong><\/em><\/strong><\/em><\/p>\n\n\n\n<p><strong><mark style=\"background-color:rgba(0, 0, 0, 0)\" class=\"has-inline-color has-vivid-red-color\">La Usina para chicos<\/mark><\/strong><\/p>\n\n\n\n<p>El grupo musical para infancias Un poquito m\u00e1s all\u00e1 presentar\u00e1 en la Usina del Arte (Caffarena 1) su show Las Vocalciones,&nbsp;<strong>un espect\u00e1culo para disfrutar con toda la familia<\/strong>. Se har\u00e1 el domingo a las 17. La entrada es gratuita y con reserva previa en&nbsp;<a href=\"http:\/\/www.instagram.com\/usinadelarte\" target=\"_blank\" rel=\"noreferrer noopener\">www.instagram.com\/usinadelarte<\/a>.<\/p>\n\n\n\n<p><strong><mark style=\"background-color:rgba(0, 0, 0, 0)\" class=\"has-inline-color has-vivid-red-color\">D\u00eda del Ambiente en el Ecoparque<\/mark><\/strong><\/p>\n\n\n\n<p>El D\u00eda del Ambiente se celebra en Ecoparque el s\u00e1bado de 11 a 18 en Avenida Las Heras y Sarmiento. Se dar\u00e1n charlas sobre biodiversidad y cambio clim\u00e1tico, y habr\u00e1 un&nbsp;<strong>taller de Agricultura Urbana y Compost<\/strong>.<\/p>\n\n\n\n<p class=\"has-text-align-right\"><em><strong>Prensa GCBA<\/strong>.-<\/em><\/p>\n","protected":false},"excerpt":{"rendered":"<p>Comienza el ciclo Col\u00f3n para Ni\u00f1os, la Feria de Mataderos celebra un nuevo aniversario y arranca el primer encuentro de libros y periodistas en la Biblioteca Ricardo G\u00fciraldes.<\/p>\n","protected":false},"author":3,"featured_media":74837,"comment_status":"closed","ping_status":"closed","sticky":false,"template":"","format":"standard","meta":{"jnews-multi-image_gallery":[],"jnews_single_post":{"format":"standard"},"jnews_primary_category":[],"jnews_social_meta":[],"jnews_review":[],"enable_review":"","type":"","name":"","summary":"","brand":"","sku":"","good":[],"bad":[],"score_override":"","override_value":"","rating":[],"price":[],"jnews_override_counter":[],"jnews_post_split":[],"footnotes":""},"categories":[43,58],"tags":[44,31140,2716,1800,45],"class_list":["post-74836","post","type-post","status-publish","format-standard","has-post-thumbnail","hentry","category-actualidad","category-argentina","tag-argentina","tag-feria-francesa","tag-fin-de-semana","tag-jazz","tag-noticias"],"amp_enabled":true,"_links":{"self":[{"href":"https:\/\/esreviral.com\/index.php?rest_route=\/wp\/v2\/posts\/74836"}],"collection":[{"href":"https:\/\/esreviral.com\/index.php?rest_route=\/wp\/v2\/posts"}],"about":[{"href":"https:\/\/esreviral.com\/index.php?rest_route=\/wp\/v2\/types\/post"}],"author":[{"embeddable":true,"href":"https:\/\/esreviral.com\/index.php?rest_route=\/wp\/v2\/users\/3"}],"replies":[{"embeddable":true,"href":"https:\/\/esreviral.com\/index.php?rest_route=%2Fwp%2Fv2%2Fcomments&post=74836"}],"version-history":[{"count":1,"href":"https:\/\/esreviral.com\/index.php?rest_route=\/wp\/v2\/posts\/74836\/revisions"}],"predecessor-version":[{"id":74839,"href":"https:\/\/esreviral.com\/index.php?rest_route=\/wp\/v2\/posts\/74836\/revisions\/74839"}],"wp:featuredmedia":[{"embeddable":true,"href":"https:\/\/esreviral.com\/index.php?rest_route=\/wp\/v2\/media\/74837"}],"wp:attachment":[{"href":"https:\/\/esreviral.com\/index.php?rest_route=%2Fwp%2Fv2%2Fmedia&parent=74836"}],"wp:term":[{"taxonomy":"category","embeddable":true,"href":"https:\/\/esreviral.com\/index.php?rest_route=%2Fwp%2Fv2%2Fcategories&post=74836"},{"taxonomy":"post_tag","embeddable":true,"href":"https:\/\/esreviral.com\/index.php?rest_route=%2Fwp%2Fv2%2Ftags&post=74836"}],"curies":[{"name":"wp","href":"https:\/\/api.w.org\/{rel}","templated":true}]}}