{"id":74810,"date":"2025-06-05T08:47:08","date_gmt":"2025-06-05T13:47:08","guid":{"rendered":"https:\/\/esreviral.com\/?p=74810"},"modified":"2025-06-05T08:47:09","modified_gmt":"2025-06-05T13:47:09","slug":"un-nino-llevo-un-rifle-de-aire-comprimido-a-una-guarderia-infantil","status":"publish","type":"post","link":"https:\/\/esreviral.com\/?p=74810","title":{"rendered":"Un ni\u00f1o llev\u00f3 un rifle de aire comprimido a una guarder\u00eda infantil"},"content":{"rendered":"\n<p>Un ins\u00f3lito episodio tuvo lugar este mi\u00e9rcoles en un <strong>jard\u00edn de infantes<\/strong> (<strong>guarder\u00eda infantil<\/strong>) de la ciudad de Rosario, cuando <strong>un ni\u00f1o de cuatro a\u00f1os de edad ingres\u00f3 al establecimiento con un rifle de aire comprimido. <\/strong>El hecho ocurri\u00f3 en el Jard\u00edn N\u00ba 65 \u201cEl Ceibo de Anah\u00ed\u201d, ubicado en la intersecci\u00f3n de las calles Segu\u00ed y Rouill\u00f3n.<\/p>\n\n\n\n<p>Seg\u00fan inform\u00f3 el portal <em>Rosario 3<\/em>, si bien <strong>la situaci\u00f3n no pas\u00f3 a mayores y no se registraron heridos<\/strong>, el personal docente advirti\u00f3 r\u00e1pidamente la presencia del arma y dio aviso a la Polic\u00eda y al Ministerio de Educaci\u00f3n de Santa Fe.<\/p>\n\n\n\n<p>Dado que el arma era de aire comprimido y no de fuego, no fue necesaria la intervenci\u00f3n de la Fiscal\u00eda. En el establecimiento asisten alrededor de 120 alumnos distribuidos entre los turnos ma\u00f1ana y tarde.<\/p>\n\n\n\n<p>El Ministerio de Educaci\u00f3n provincial confirm\u00f3 el hecho y anunci\u00f3 que se llevar\u00e1n a cabo jornadas de sensibilizaci\u00f3n y prevenci\u00f3n sobre el manejo de armas, dirigidas tanto a la comunidad educativa como a las familias.<\/p>\n\n\n\n<p class=\"has-text-align-center\"><strong><a href=\"https:\/\/chat.whatsapp.com\/KWkTmakY3I05kNdd2oZl6d\"><em>\u00daNETE A NUESTRO GRUPO DE WHATSAPP PARA ESTAR INFORMADO<\/em><\/a><\/strong><\/p>\n\n\n\n<p><strong><mark style=\"background-color:rgba(0, 0, 0, 0)\" class=\"has-inline-color has-vivid-red-color\">Una adolescente fue descubierta con un arma y 150 municiones en una escuela de Florencio Varela<\/mark><\/strong><\/p>\n\n\n\n<p>Un episodio similar ocurri\u00f3 poco m\u00e1s de un mes atr\u00e1s en la localidad bonaerense de Florencio Varela, donde una adolescente de 16 a\u00f1os de edad fue demorada tras ser hallada con un arma de fuego y 150 municiones en el interior de la Escuela Secundaria N\u00ba 26.<\/p>\n\n\n\n<p>El hecho se registr\u00f3 en el colegio ubicado en la calle Nueva Delhi 1374. Fue la directora quien alert\u00f3 a la Polic\u00eda, que acudi\u00f3 al lugar y recibi\u00f3 una mochila perteneciente a una alumna de tercer a\u00f1o, identificada con las iniciales M.B. Al inspeccionarla, los efectivos encontraron una pistola calibre .380 con su respectivo cargador y cuatro balas, adem\u00e1s de tres cajas con 50 proyectiles cada una.<\/p>\n\n\n\n<p>La madre de la joven se present\u00f3 de inmediato en la instituci\u00f3n. Seg\u00fan su testimonio, su hija se encuentra bajo tratamiento psiqui\u00e1trico y hab\u00eda retomado recientemente sus estudios tras un a\u00f1o fuera de la escuela. Tambi\u00e9n indic\u00f3 que el arma pertenecer\u00eda al padre de la menor.<\/p>\n\n\n\n<p class=\"has-text-align-center\"><em><strong><em><strong><em><strong><em><strong><a href=\"https:\/\/t.me\/esreviral\">\u00daNETE A NUESTRO CANAL DE TELEGRAM PARA ESTAR INFORMADO<\/a><\/strong><\/em><\/strong><\/em><\/strong><\/em><\/strong><\/em><\/p>\n\n\n\n<p>La fiscal Ana Parodi, del Fuero de Responsabilidad Penal Juvenil, tom\u00f3 intervenci\u00f3n en el caso y orden\u00f3 pericias psicol\u00f3gicas y psiqui\u00e1tricas. La investigaci\u00f3n busca determinar c\u00f3mo la adolescente obtuvo el arma y si hubo negligencia por parte de su entorno. Asimismo, se intenta establecer si ten\u00eda intenci\u00f3n de cometer un tiroteo dentro del colegio.<\/p>\n\n\n\n<p class=\"has-text-align-right\"><strong><em>Con Informaci\u00f3n de LaNaci\u00f3n.-<\/em><\/strong><\/p>\n","protected":false},"excerpt":{"rendered":"<p>El hecho ocurri\u00f3 durante la jornada de este mi\u00e9rcoles en el Jard\u00edn N\u00b065; las autoridades educativas dieron aviso al Ministerio de Educaci\u00f3n<\/p>\n","protected":false},"author":3,"featured_media":74811,"comment_status":"closed","ping_status":"closed","sticky":false,"template":"","format":"standard","meta":{"jnews-multi-image_gallery":[],"jnews_single_post":{"format":"standard"},"jnews_primary_category":[],"jnews_social_meta":[],"jnews_review":[],"enable_review":"","type":"","name":"","summary":"","brand":"","sku":"","good":[],"bad":[],"score_override":"","override_value":"","rating":[],"price":[],"jnews_override_counter":[],"jnews_post_split":[],"footnotes":""},"categories":[58],"tags":[44,7927,3279,45,12239,31127,217,2625],"class_list":["post-74810","post","type-post","status-publish","format-standard","has-post-thumbnail","hentry","category-argentina","tag-argentina","tag-jardin-de-infantes","tag-ministerio-de-educacion","tag-noticias","tag-rifle","tag-rifle-de-aire-comprimido","tag-rosario","tag-violencia"],"_links":{"self":[{"href":"https:\/\/esreviral.com\/index.php?rest_route=\/wp\/v2\/posts\/74810","targetHints":{"allow":["GET"]}}],"collection":[{"href":"https:\/\/esreviral.com\/index.php?rest_route=\/wp\/v2\/posts"}],"about":[{"href":"https:\/\/esreviral.com\/index.php?rest_route=\/wp\/v2\/types\/post"}],"author":[{"embeddable":true,"href":"https:\/\/esreviral.com\/index.php?rest_route=\/wp\/v2\/users\/3"}],"replies":[{"embeddable":true,"href":"https:\/\/esreviral.com\/index.php?rest_route=%2Fwp%2Fv2%2Fcomments&post=74810"}],"version-history":[{"count":1,"href":"https:\/\/esreviral.com\/index.php?rest_route=\/wp\/v2\/posts\/74810\/revisions"}],"predecessor-version":[{"id":74812,"href":"https:\/\/esreviral.com\/index.php?rest_route=\/wp\/v2\/posts\/74810\/revisions\/74812"}],"wp:featuredmedia":[{"embeddable":true,"href":"https:\/\/esreviral.com\/index.php?rest_route=\/wp\/v2\/media\/74811"}],"wp:attachment":[{"href":"https:\/\/esreviral.com\/index.php?rest_route=%2Fwp%2Fv2%2Fmedia&parent=74810"}],"wp:term":[{"taxonomy":"category","embeddable":true,"href":"https:\/\/esreviral.com\/index.php?rest_route=%2Fwp%2Fv2%2Fcategories&post=74810"},{"taxonomy":"post_tag","embeddable":true,"href":"https:\/\/esreviral.com\/index.php?rest_route=%2Fwp%2Fv2%2Ftags&post=74810"}],"curies":[{"name":"wp","href":"https:\/\/api.w.org\/{rel}","templated":true}]}}