{"id":74715,"date":"2025-06-04T09:35:39","date_gmt":"2025-06-04T14:35:39","guid":{"rendered":"https:\/\/esreviral.com\/?p=74715"},"modified":"2025-06-04T09:35:40","modified_gmt":"2025-06-04T14:35:40","slug":"confirmaron-que-venezolana-fue-abusada-sexualmente-antes-de-ser-arrollada","status":"publish","type":"post","link":"https:\/\/esreviral.com\/?p=74715","title":{"rendered":"Confirmaron que venezolana fue abusada sexualmente antes de ser arrollada"},"content":{"rendered":"\n<p>Las autoridades peruanas confirmaron que<strong> Mar\u00eda Andreina Far\u00edas Torres<\/strong>, venezolana de 31 a\u00f1os de edad,<strong> fue v\u00edctima de abuso sexual dentro de su residencia antes de ser atropellada mortalmente el pasado 14 de mayo en San Bartolo, balneario ubicado al sur de Lima Metropolitana.<\/strong><\/p>\n\n\n\n<p>Durante una rueda de prensa, el coronel Carlos Morales, jefe de la Divisi\u00f3n de Homicidios de la Direcci\u00f3n de Investigaci\u00f3n Criminal de la Polic\u00eda Nacional del Per\u00fa (PNP), inform\u00f3 que el examen forense realizado al <strong>cuerpo de la v\u00edctima revel\u00f3 evidencias de violaci\u00f3n cometida horas antes de su muerte.<\/strong><\/p>\n\n\n\n<p>Los presuntos responsables del ataque sexual y posterior homicidio son dos <strong>t\u00e9cnicos de Internet <\/strong>contratados por la empresa PCTelecom: <strong>Rub\u00e9n Cueva Vel\u00e1squez y Jean Carlos Montero Huaylinos<\/strong>. Seg\u00fan la PNP, las pruebas gen\u00e9ticas tomadas del cad\u00e1ver est\u00e1n siendo comparadas con muestras de ADN de ambos sospechosos.<\/p>\n\n\n\n<blockquote class=\"wp-block-quote is-layout-flow wp-block-quote-is-layout-flow\">\n<p>\u201c<strong><em>Lo que ocurri\u00f3 fue un intento deliberado por encubrir un delito sexual mediante el asesinato<\/em><\/strong>\u201d, se\u00f1al\u00f3 el coronel Morales, en declaraciones recogidas por Infobae.<\/p>\n\n\n\n<p class=\"has-text-align-center\"><strong><a href=\"https:\/\/chat.whatsapp.com\/KWkTmakY3I05kNdd2oZl6d\"><em>\u00daNETE A NUESTRO GRUPO DE WHATSAPP PARA ESTAR INFORMADO<\/em><\/a><\/strong><\/p>\n<\/blockquote>\n\n\n\n<h3 class=\"wp-block-heading\"><strong><mark style=\"background-color:rgba(0, 0, 0, 0)\" class=\"has-inline-color has-vivid-red-color\">As\u00ed fue el crimen<\/mark><\/strong><\/h3>\n\n\n\n<p>Cueva y Montero llegaron a la vivienda de Far\u00edas el 14 de mayo a las 9:00 a.m. para instalar un servicio de Internet. De acuerdo con grabaciones de c\u00e1maras de seguridad, los hombres permanecieron en la residencia por casi 12 horas.<\/p>\n\n\n\n<p>Seg\u00fan los registros, al momento de retirarse del lugar, la v\u00edctima sali\u00f3 visiblemente alterada, pidi\u00f3 ayuda a gritos y acus\u00f3 a los t\u00e9cnicos de haberla agredido sexualmente. Al intentar impedir su huida, se coloc\u00f3 frente a su veh\u00edculo, pero fue atropellada y arrastrada varios metros. Los agresores huyeron del sitio inmediatamente despu\u00e9s.<\/p>\n\n\n\n<p class=\"has-text-align-center\"><strong><em><a href=\"https:\/\/esreviral.com\/?p=74079\">Lea Tambi\u00e9n: Identifican y emiten orden de captura contra implicados en la muerte de joven venezolana en Per\u00fa<\/a><\/em><\/strong><\/p>\n\n\n\n<h3 class=\"wp-block-heading\"><strong><mark style=\"background-color:rgba(0, 0, 0, 0)\" class=\"has-inline-color has-vivid-red-color\">Uno de los sospechosos confes\u00f3<\/mark><\/strong><\/h3>\n\n\n\n<p><strong><a href=\"https:\/\/esreviral.com\/?p=74315\" data-type=\"link\" data-id=\"https:\/\/esreviral.com\/?p=74315\">Rub\u00e9n Cueva Vel\u00e1squez fue capturado dos semanas despu\u00e9s del crimen,<\/a><\/strong> en la sede de la Direcci\u00f3n de Investigaci\u00f3n Criminal (Dirincri) en el Cercado de Lima. Durante el interrogatorio, declar\u00f3 que, tras varias horas en la casa, \u00e9l y su compa\u00f1ero comenzaron a beber alcohol con Far\u00edas.<\/p>\n\n\n\n<p>Seg\u00fan su relato, en un momento se ausent\u00f3 y, al regresar, encontr\u00f3 a Montero y a la v\u00edctima en el segundo piso de la vivienda. Afirm\u00f3 que tambi\u00e9n intent\u00f3 agredirla sexualmente, pero la mujer logr\u00f3 resistirse y enfrentarlo. Luego, ambos hombres decidieron marcharse, pero al ser confrontados por Far\u00edas, optaron por atropellarla intencionalmente para silenciarla.<\/p>\n\n\n\n<h3 class=\"wp-block-heading\"><strong><mark style=\"background-color:rgba(0, 0, 0, 0)\" class=\"has-inline-color has-vivid-red-color\">Antecedentes y b\u00fasqueda<\/mark><\/strong><\/h3>\n\n\n\n<p>Rub\u00e9n Cueva ya hab\u00eda sido denunciado por violencia dom\u00e9stica. En 2019, su madre lo acus\u00f3 de agresiones f\u00edsicas, insultos y un intento de estrangulamiento. Tambi\u00e9n hay testimonios de clientas que aseguran haber recibido insinuaciones y sufrido conductas inapropiadas por parte de \u00e9l y de Montero durante anteriores visitas t\u00e9cnicas a domicilios.<\/p>\n\n\n\n<p>Mientras Cueva se encuentra bajo custodia, Jean Carlos Montero Huaylinos contin\u00faa pr\u00f3fugo. La PNP mantiene su b\u00fasqueda activa.<\/p>\n\n\n\n<p class=\"has-text-align-center\"><em><strong><em><strong><em><strong><em><strong><a href=\"https:\/\/t.me\/esreviral\">\u00daNETE A NUESTRO CANAL DE TELEGRAM PARA ESTAR INFORMADO<\/a><\/strong><\/em><\/strong><\/em><\/strong><\/em><\/strong><\/em><\/p>\n\n\n\n<h3 class=\"wp-block-heading\"><strong><mark style=\"background-color:rgba(0, 0, 0, 0)\" class=\"has-inline-color has-vivid-red-color\">Una migrante en busca de oportunidades<\/mark><\/strong><\/h3>\n\n\n\n<p>Mar\u00eda Andreina Far\u00edas emigr\u00f3 de Venezuela en 2019 con la esperanza de ofrecer una mejor vida a sus cinco hijos, quienes actualmente residen en su pa\u00eds natal junto a su abuela.<\/p>\n\n\n\n<p class=\"has-text-align-center\"><strong><em><a href=\"https:\/\/esreviral.com\/?p=73912\">Lea Tambi\u00e9n: Mujer venezolana muri\u00f3 atropellada tras intentar denunciar a t\u00e9cnicos de supuesto abuso sexual<\/a><\/em><\/strong><\/p>\n\n\n\n<p class=\"has-text-align-right\"><strong><em>Con Informaci\u00f3n de ElNaacional.-<\/em><\/strong><\/p>\n","protected":false},"excerpt":{"rendered":"<p>Por la muerte de Mar\u00eda Andreina Far\u00edas Torres est\u00e1 detenido uno de los sospechosos, mientras que otro se encuentra a la fuga y es buscado por las autoridades<\/p>\n","protected":false},"author":3,"featured_media":74716,"comment_status":"closed","ping_status":"closed","sticky":false,"template":"","format":"standard","meta":{"jnews-multi-image_gallery":[],"jnews_single_post":{"format":"standard"},"jnews_primary_category":[],"jnews_social_meta":[],"jnews_review":[],"enable_review":"","type":"","name":"","summary":"","brand":"","sku":"","good":[],"bad":[],"score_override":"","override_value":"","rating":[],"price":[],"jnews_override_counter":[],"jnews_post_split":[],"footnotes":""},"categories":[54,88,64],"tags":[398,2517,282,31015,45,31016,5628],"class_list":["post-74715","post","type-post","status-publish","format-standard","has-post-thumbnail","hentry","category-inmigracion","category-internacionales","category-sucesos","tag-abuso-sexual","tag-crimen-2","tag-homicidio","tag-maria-andreina-farias-torres","tag-noticias","tag-tecnicos-de-internet","tag-venezolanos-en-peru-2"],"_links":{"self":[{"href":"https:\/\/esreviral.com\/index.php?rest_route=\/wp\/v2\/posts\/74715","targetHints":{"allow":["GET"]}}],"collection":[{"href":"https:\/\/esreviral.com\/index.php?rest_route=\/wp\/v2\/posts"}],"about":[{"href":"https:\/\/esreviral.com\/index.php?rest_route=\/wp\/v2\/types\/post"}],"author":[{"embeddable":true,"href":"https:\/\/esreviral.com\/index.php?rest_route=\/wp\/v2\/users\/3"}],"replies":[{"embeddable":true,"href":"https:\/\/esreviral.com\/index.php?rest_route=%2Fwp%2Fv2%2Fcomments&post=74715"}],"version-history":[{"count":1,"href":"https:\/\/esreviral.com\/index.php?rest_route=\/wp\/v2\/posts\/74715\/revisions"}],"predecessor-version":[{"id":74717,"href":"https:\/\/esreviral.com\/index.php?rest_route=\/wp\/v2\/posts\/74715\/revisions\/74717"}],"wp:featuredmedia":[{"embeddable":true,"href":"https:\/\/esreviral.com\/index.php?rest_route=\/wp\/v2\/media\/74716"}],"wp:attachment":[{"href":"https:\/\/esreviral.com\/index.php?rest_route=%2Fwp%2Fv2%2Fmedia&parent=74715"}],"wp:term":[{"taxonomy":"category","embeddable":true,"href":"https:\/\/esreviral.com\/index.php?rest_route=%2Fwp%2Fv2%2Fcategories&post=74715"},{"taxonomy":"post_tag","embeddable":true,"href":"https:\/\/esreviral.com\/index.php?rest_route=%2Fwp%2Fv2%2Ftags&post=74715"}],"curies":[{"name":"wp","href":"https:\/\/api.w.org\/{rel}","templated":true}]}}