{"id":74673,"date":"2025-06-03T12:44:47","date_gmt":"2025-06-03T17:44:47","guid":{"rendered":"https:\/\/esreviral.com\/?p=74673"},"modified":"2025-06-03T12:44:49","modified_gmt":"2025-06-03T17:44:49","slug":"residentes-del-garrahan-evaluan-retomar-medidas-de-fuerza-tras-el-aumento-salarial","status":"publish","type":"post","link":"https:\/\/esreviral.com\/?p=74673","title":{"rendered":"Residentes del Garrahan eval\u00faan retomar medidas de fuerza tras el aumento salarial"},"content":{"rendered":"\n<p><strong><a href=\"https:\/\/esreviral.com\/?p=74592\" data-type=\"link\" data-id=\"https:\/\/esreviral.com\/?p=74592\">Pese al anuncio de un aumento salarial del 60% para m\u00e9dicos residentes<\/a><\/strong>, la Asociaci\u00f3n de Profesionales y T\u00e9cnicos (APyT) del Hospital Garrahan advirti\u00f3 que<strong> podr\u00edan retomar las medidas de fuerza suspendidas la semana pasada<\/strong>, debido a supuestas irregularidades en la conciliaci\u00f3n obligatoria dictada por la Secretar\u00eda de Trabajo.<\/p>\n\n\n\n<p>\u201c<strong><em>Si no nos convocan hoy, se podr\u00edan retomar las medidas de fuerza<\/em><\/strong>\u201d, se\u00f1alaron en un comunicado difundido este martes. El gremio present\u00f3 una nota formal ante la Secretar\u00eda de Trabajo del Ministerio de Capital Humano, cuestionando la \u201c<strong><em>falta de imparcialidad<\/em><\/strong>\u201d y el \u201c<strong><em>incumplimiento del procedimiento de conciliaci\u00f3n obligatoria\u201d.<\/em><\/strong><\/p>\n\n\n\n<p class=\"has-text-align-center\"><strong><a href=\"https:\/\/chat.whatsapp.com\/KWkTmakY3I05kNdd2oZl6d\"><em>\u00daNETE A NUESTRO GRUPO DE WHATSAPP PARA ESTAR INFORMADO<\/em><\/a><\/strong><\/p>\n\n\n\n<p>La presentaci\u00f3n se realiz\u00f3 antes de una asamblea hospitalaria prevista para las 13, donde se definir\u00e1n los pr\u00f3ximos pasos del reclamo.<\/p>\n\n\n\n<p>Desde la APyT sostienen que la dependencia institucional y financiera entre la Secretar\u00eda de Trabajo y el Poder Ejecutivo \u2014que tambi\u00e9n integra el Consejo de Administraci\u00f3n del hospital\u2014 \u201c<strong><em>anula toda apariencia de imparcialidad<\/em><\/strong>\u201d.<\/p>\n\n\n\n<p><strong><em>\u201cLa conciliaci\u00f3n se utiliz\u00f3 como herramienta para desmovilizar el justo reclamo del equipo de salud y sostener el ajuste. Pero el Garrahan no se vac\u00eda en silencio<\/em><\/strong>\u201d, afirmaron.<\/p>\n\n\n\n<p>Adem\u00e1s, rechazaron un comunicado oficial difundido el domingo en redes sociales por las autoridades del hospital, el cual fue compartido por el presidente del Consejo de Administraci\u00f3n y titular del Ministerio de Salud, Mario Lugones. La secretaria general del gremio, Norma Lezana, denunci\u00f3 que \u201c<strong><em>se estigmatiza al personal administrativo y se divide al equipo de salud en lugar de garantizar una negociaci\u00f3n colectiva real\u201d.<\/em><\/strong><\/p>\n\n\n\n<p>La APyT exige la \u201c<strong><em>revocaci\u00f3n inmediata de la conciliaci\u00f3n obligatoria por falta de imparcialidad y por incumplimiento del empleador<\/em><\/strong>\u201d, as\u00ed como \u201c<strong><em>la convocatoria urgente a una mesa de negociaci\u00f3n real, sin represalias ni maniobras dilatorias\u201d.<\/em><\/strong><\/p>\n\n\n\n<p>El aumento anunciado por el hospital eleva los sueldos de residentes de alrededor de $800.000 a $1.300.000 mensuales desde el 1\u00b0 de julio. Seg\u00fan el comunicado oficial, el incremento fue posible gracias al \u201c<strong><em>ahorro generado por la reducci\u00f3n de personal fantasma y la eliminaci\u00f3n de desv\u00edos presupuestarios\u201d.<\/em><\/strong><\/p>\n\n\n\n<p>Sin embargo, el texto incluy\u00f3 fuertes declaraciones pol\u00edticas: \u201c<strong><em>Este aumento no es producto de medidas de fuerza guionadas por la militancia kirchnerista que se esconde detr\u00e1s de los m\u00e9dicos\u201d<\/em><\/strong>, afirma el comunicado.<\/p>\n\n\n\n<p class=\"has-text-align-center\"><em><strong><em><strong><em><strong><em><strong><a href=\"https:\/\/t.me\/esreviral\">\u00daNETE A NUESTRO CANAL DE TELEGRAM PARA ESTAR INFORMADO<\/a><\/strong><\/em><\/strong><\/em><\/strong><\/em><\/strong><\/em><\/p>\n\n\n\n<p>Tambi\u00e9n anunciaron que, con la implementaci\u00f3n del sistema biom\u00e9trico de control de asistencia desde el 1\u00b0 de junio, \u201c<strong><em>El Garrahan no ser\u00e1 m\u00e1s un refugio de \u00f1oquis, y quien no se presente a trabajar ser\u00e1 despedido\u201d.<\/em><\/strong><\/p>\n\n\n\n<p><strong><em>\u201cEsta gesti\u00f3n premia el esfuerzo, no la pertenencia pol\u00edtica. Quien no asiste, afuera<\/em><\/strong>\u201d, concluyeron.<\/p>\n\n\n\n<p class=\"has-text-align-right\"><strong><em>Con Informaci\u00f3n de TN.-<\/em><\/strong><\/p>\n","protected":false},"excerpt":{"rendered":"<p>Consideran \u00abinsuficiente\u00bb la propuesta del Gobierno.<br \/>\nQu\u00e9 piden y qu\u00e9 otro sector har\u00e1 su propia medida de fuerza.<\/p>\n","protected":false},"author":3,"featured_media":74674,"comment_status":"closed","ping_status":"closed","sticky":false,"template":"","format":"standard","meta":{"jnews-multi-image_gallery":[],"jnews_single_post":{"format":"standard"},"jnews_primary_category":[],"jnews_social_meta":[],"jnews_review":[],"enable_review":"","type":"","name":"","summary":"","brand":"","sku":"","good":[],"bad":[],"score_override":"","override_value":"","rating":[],"price":[],"jnews_override_counter":[],"jnews_post_split":[],"footnotes":""},"categories":[58,59],"tags":[44,30377,45],"class_list":["post-74673","post","type-post","status-publish","format-standard","has-post-thumbnail","hentry","category-argentina","category-politica","tag-argentina","tag-hospital-garrahan","tag-noticias"],"_links":{"self":[{"href":"https:\/\/esreviral.com\/index.php?rest_route=\/wp\/v2\/posts\/74673","targetHints":{"allow":["GET"]}}],"collection":[{"href":"https:\/\/esreviral.com\/index.php?rest_route=\/wp\/v2\/posts"}],"about":[{"href":"https:\/\/esreviral.com\/index.php?rest_route=\/wp\/v2\/types\/post"}],"author":[{"embeddable":true,"href":"https:\/\/esreviral.com\/index.php?rest_route=\/wp\/v2\/users\/3"}],"replies":[{"embeddable":true,"href":"https:\/\/esreviral.com\/index.php?rest_route=%2Fwp%2Fv2%2Fcomments&post=74673"}],"version-history":[{"count":1,"href":"https:\/\/esreviral.com\/index.php?rest_route=\/wp\/v2\/posts\/74673\/revisions"}],"predecessor-version":[{"id":74675,"href":"https:\/\/esreviral.com\/index.php?rest_route=\/wp\/v2\/posts\/74673\/revisions\/74675"}],"wp:featuredmedia":[{"embeddable":true,"href":"https:\/\/esreviral.com\/index.php?rest_route=\/wp\/v2\/media\/74674"}],"wp:attachment":[{"href":"https:\/\/esreviral.com\/index.php?rest_route=%2Fwp%2Fv2%2Fmedia&parent=74673"}],"wp:term":[{"taxonomy":"category","embeddable":true,"href":"https:\/\/esreviral.com\/index.php?rest_route=%2Fwp%2Fv2%2Fcategories&post=74673"},{"taxonomy":"post_tag","embeddable":true,"href":"https:\/\/esreviral.com\/index.php?rest_route=%2Fwp%2Fv2%2Ftags&post=74673"}],"curies":[{"name":"wp","href":"https:\/\/api.w.org\/{rel}","templated":true}]}}