{"id":74621,"date":"2025-06-02T14:21:20","date_gmt":"2025-06-02T19:21:20","guid":{"rendered":"https:\/\/esreviral.com\/?p=74621"},"modified":"2025-06-09T13:17:59","modified_gmt":"2025-06-09T18:17:59","slug":"anuncian-un-paro-de-pilotos-de-aerolineas-argentinas-cuando-por-cuanto-tiempo-y-a-que-aeropuertos-afecta","status":"publish","type":"post","link":"https:\/\/esreviral.com\/?p=74621","title":{"rendered":"Anunciaron un paro de pilotos de Aerol\u00edneas Argentinas: cu\u00e1ndo, por cu\u00e1nto tiempo y a qu\u00e9 aeropuertos afecta"},"content":{"rendered":"\n<p>La <strong>Asociaci\u00f3n de Pilotos de L\u00edneas A\u00e9reas<\/strong> (APLA) anunci\u00f3 un paro de<strong> actividades para el pr\u00f3ximo Martes 10 de junio<\/strong>, que se llevar\u00e1 a cabo entre las 18:00 y las 2:00 del d\u00eda siguiente. La medida afectar\u00e1 las operaciones en los <strong>aeropuertos de Aeroparque Jorge Newbery y Ezeiza.<\/strong><\/p>\n\n\n\n<p>La protesta involucra exclusivamente a los pilotos de <strong>Aerol\u00edneas Argentinas<\/strong> y fue comunicada a trav\u00e9s de un mensaje en redes sociales. En el mismo, el gremio advirti\u00f3 que el sector atraviesa \u00ab<strong><em>un contexto extremadamente cr\u00edtico\u00bb<\/em><\/strong> y cuestion\u00f3 la toma de decisiones \u00ab<strong><em>con liviandad\u00bb<\/em><\/strong>, sin considerar \u00ab<strong><em>el impacto negativo de sus consecuencias\u00bb.<\/em><\/strong><\/p>\n\n\n\n<p class=\"has-text-align-center\"><strong><a href=\"https:\/\/chat.whatsapp.com\/KWkTmakY3I05kNdd2oZl6d\"><em>\u00daNETE A NUESTRO GRUPO DE WHATSAPP PARA ESTAR INFORMADO<\/em><\/a><\/strong><\/p>\n\n\n\n<p>APLA denunci\u00f3 \u201c<strong><em>incumplimientos convencionales inaceptables por parte de la empresa<\/em><\/strong>\u201d, as\u00ed como un \u201c<strong><em>prolongado retraso en la pauta salarial<\/em><\/strong>\u201d. Adem\u00e1s, se\u00f1alaron la falta de un plan de desarrollo profesional y la ausencia de una estrategia clara y sostenible para el futuro de la compa\u00f1\u00eda.<\/p>\n\n\n\n<p>Entre las razones del paro, el gremio tambi\u00e9n destac\u00f3 la \u00ab<strong><em>modificaci\u00f3n unilateral de procesos y programaciones<\/em><\/strong>\u00ab, as\u00ed como las \u00ab<strong><em>recurrentes fallas t\u00e9cnicas en los aviones<\/em><\/strong>\u00ab, que \u2014seg\u00fan afirman\u2014 persisten en el tiempo debido a la falta de inversi\u00f3n. Estas condiciones impactan negativamente tanto en la operatividad como en la seguridad laboral de los pilotos y en la calidad del servicio prestado a los pasajeros.<\/p>\n\n\n\n<p>\u201c<strong><em>El reclamo es integral. En Aerol\u00edneas Argentinas seguimos muy por debajo en materia salarial y no hay propuestas de mejora\u201d<\/em><\/strong>, expres\u00f3 a la prensa Juan Pablo Mazzieri, vocero de APLA. Asimismo, remarc\u00f3 que la <strong><em>\u201cclara desinversi\u00f3n<\/em><\/strong>\u201d se refleja en problemas recurrentes como asientos que no funcionan, sistemas de entretenimiento inoperativos y ba\u00f1os inutilizables en vuelos de largo alcance. Seg\u00fan Mazzieri, esta situaci\u00f3n obliga a los pilotos a mantener <strong><em>\u201cun nivel de atenci\u00f3n extraordinario\u201d <\/em><\/strong>que tambi\u00e9n repercute en el servicio al pasajero.<\/p>\n\n\n\n<p class=\"has-text-align-center\"><em><strong><em><strong><em><strong><em><strong><a href=\"https:\/\/t.me\/esreviral\">\u00daNETE A NUESTRO CANAL DE TELEGRAM PARA ESTAR INFORMADO<\/a><\/strong><\/em><\/strong><\/em><\/strong><\/em><\/strong><\/em><\/p>\n\n\n\n<p>Cabe recordar que a principios de mayo APLA hab\u00eda alcanzado un acuerdo salarial parcial con Aerol\u00edneas Argentinas, correspondiente a los meses de marzo, abril y mayo. Aunque las cifras no fueron difundidas oficialmente, la empresa inform\u00f3 que contemplaban aumentos de 2,5% para marzo, y 1,3% tanto en abril como en mayo, por debajo de los \u00edndices de inflaci\u00f3n. En ese momento, el sindicato que lidera Pablo Bir\u00f3 se mostr\u00f3 conforme con el entendimiento.<\/p>\n\n\n\n<p>APLA es el gremio m\u00e1s influyente entre los cinco con los que Aerol\u00edneas Argentinas negocia paritarias. Los otros son la Asociaci\u00f3n de Aeronavegantes (AAA), la Asociaci\u00f3n del Personal Aeron\u00e1utico (APA), la Asociaci\u00f3n del Personal T\u00e9cnico Aeron\u00e1utico (APTA) y la Uni\u00f3n del Personal Superior y Profesional de Empresas Aerocomerciales (UPSA).<\/p>\n\n\n\n<p class=\"has-text-align-right\"><strong><em>Con Informaci\u00f3n de Clarin.-<\/em><\/strong><\/p>\n","protected":false},"excerpt":{"rendered":"<p>La medida de fuerza ser\u00e1 entre las 18 horas y las 2 de la madrugada del d\u00eda siguiente.<br \/>\nAfectar\u00e1 las operaciones en los aeropuertos de Aeroparque Jorge Newbery y Ezeiza.<\/p>\n","protected":false},"author":3,"featured_media":74622,"comment_status":"closed","ping_status":"closed","sticky":false,"template":"","format":"standard","meta":{"jnews-multi-image_gallery":[],"jnews_single_post":{"format":"standard"},"jnews_primary_category":[],"jnews_social_meta":[],"jnews_review":[],"enable_review":"","type":"","name":"","summary":"","brand":"","sku":"","good":[],"bad":[],"score_override":"","override_value":"","rating":[],"price":[],"jnews_override_counter":[],"jnews_post_split":[],"footnotes":""},"categories":[58],"tags":[1447,8314,27816,44,45,1387,2432,9691],"class_list":["post-74621","post","type-post","status-publish","format-standard","has-post-thumbnail","hentry","category-argentina","tag-aerolineas-argentinas","tag-aeropuertos","tag-apla","tag-argentina","tag-noticias","tag-paro","tag-paro-general","tag-pilotos"],"amp_enabled":true,"_links":{"self":[{"href":"https:\/\/esreviral.com\/index.php?rest_route=\/wp\/v2\/posts\/74621"}],"collection":[{"href":"https:\/\/esreviral.com\/index.php?rest_route=\/wp\/v2\/posts"}],"about":[{"href":"https:\/\/esreviral.com\/index.php?rest_route=\/wp\/v2\/types\/post"}],"author":[{"embeddable":true,"href":"https:\/\/esreviral.com\/index.php?rest_route=\/wp\/v2\/users\/3"}],"replies":[{"embeddable":true,"href":"https:\/\/esreviral.com\/index.php?rest_route=%2Fwp%2Fv2%2Fcomments&post=74621"}],"version-history":[{"count":3,"href":"https:\/\/esreviral.com\/index.php?rest_route=\/wp\/v2\/posts\/74621\/revisions"}],"predecessor-version":[{"id":75003,"href":"https:\/\/esreviral.com\/index.php?rest_route=\/wp\/v2\/posts\/74621\/revisions\/75003"}],"wp:featuredmedia":[{"embeddable":true,"href":"https:\/\/esreviral.com\/index.php?rest_route=\/wp\/v2\/media\/74622"}],"wp:attachment":[{"href":"https:\/\/esreviral.com\/index.php?rest_route=%2Fwp%2Fv2%2Fmedia&parent=74621"}],"wp:term":[{"taxonomy":"category","embeddable":true,"href":"https:\/\/esreviral.com\/index.php?rest_route=%2Fwp%2Fv2%2Fcategories&post=74621"},{"taxonomy":"post_tag","embeddable":true,"href":"https:\/\/esreviral.com\/index.php?rest_route=%2Fwp%2Fv2%2Ftags&post=74621"}],"curies":[{"name":"wp","href":"https:\/\/api.w.org\/{rel}","templated":true}]}}