{"id":74520,"date":"2025-05-31T10:19:09","date_gmt":"2025-05-31T15:19:09","guid":{"rendered":"https:\/\/esreviral.com\/?p=74520"},"modified":"2025-05-31T10:19:56","modified_gmt":"2025-05-31T15:19:56","slug":"quienes-pueden-optar-por-la-reunificacion-familiar-en-argentina-y-que-requisitos-deben-cumplir","status":"publish","type":"post","link":"https:\/\/esreviral.com\/?p=74520","title":{"rendered":"\u00bfQui\u00e9nes pueden optar por la reunificaci\u00f3n familiar en Argentina y qu\u00e9 requisitos deben cumplir?"},"content":{"rendered":"\n<p><strong><em>KQA.-<\/em><\/strong> <strong>La reunificaci\u00f3n familiar en Argentina<\/strong> es una posibilidad legal para que extranjeros con v\u00ednculos directos con ciudadanos argentinos o residentes legales puedan obtener la residencia temporaria en el pa\u00eds. Esta figura est\u00e1 regulada por el art\u00edculo 23, inciso \u00f1) de la Ley N.\u00ba 25.871, recientemente modificada por el Decreto N.\u00ba 366\/2025.<\/p>\n\n\n\n<h4 class=\"wp-block-heading\"><strong><mark style=\"background-color:rgba(0, 0, 0, 0)\" class=\"has-inline-color has-vivid-red-color\">\u00bfA qui\u00e9nes est\u00e1 dirigida?<\/mark><\/strong><\/h4>\n\n\n\n<p>Este beneficio est\u00e1 destinado a personas extranjeras que tengan relaci\u00f3n de <strong>c\u00f3nyuge, progenitor o hijo (menor de 18 a\u00f1os, no emancipado o mayor con discapacidad)<\/strong> de:<\/p>\n\n\n\n<ul class=\"wp-block-list\">\n<li>Un ciudadano argentino, ya sea nativo, naturalizado o por opci\u00f3n,<\/li>\n\n\n\n<li>O de un residente permanente o temporario en Argentina.<\/li>\n\n\n\n<li><\/li>\n<\/ul>\n\n\n\n<p>La autorizaci\u00f3n se otorga por un per\u00edodo m\u00e1ximo de <strong>tres a\u00f1os<\/strong>, prorrogable y con posibilidad de entradas y salidas m\u00faltiples del pa\u00eds.<\/p>\n\n\n\n<p class=\"has-text-align-center\"><strong><a href=\"https:\/\/chat.whatsapp.com\/KWkTmakY3I05kNdd2oZl6d\"><em>\u00daNETE A NUESTRO GRUPO DE WHATSAPP PARA ESTAR INFORMADO<\/em><\/a><\/strong><\/p>\n\n\n\n<h4 class=\"wp-block-heading\"><strong><mark style=\"background-color:rgba(0, 0, 0, 0)\" class=\"has-inline-color has-vivid-red-color\">Requisitos principales<\/mark><\/strong><\/h4>\n\n\n\n<p>Para acceder a la <strong>residencia temporaria por reunificaci\u00f3n familiar<\/strong>, es necesario:<\/p>\n\n\n\n<ol class=\"wp-block-list\">\n<li><strong>Acreditar identidad<\/strong> mediante pasaporte v\u00e1lido o documentos permitidos por acuerdos del MERCOSUR. Excepcionalmente, se puede presentar un certificado de nacionalidad emitido por un consulado, legalizado por Canciller\u00eda.<\/li>\n\n\n\n<li><strong>Certificados de antecedentes penales<\/strong>:\n<ul class=\"wp-block-list\">\n<li>En Argentina (obligatorio para mayores de 16 a\u00f1os de edad; se integra autom\u00e1ticamente en el sistema RaDEX).<\/li>\n\n\n\n<li>Del pa\u00eds o pa\u00edses donde el solicitante haya vivido m\u00e1s de un a\u00f1o en los \u00faltimos tres a\u00f1os (tambi\u00e9n para mayores de 16 a\u00f1os de edad).<\/li>\n<\/ul>\n<\/li>\n\n\n\n<li><strong>Acreditaci\u00f3n de domicilio<\/strong> en territorio argentino.<\/li>\n\n\n\n<li><strong>Ingreso regular al pa\u00eds<\/strong>.<\/li>\n\n\n\n<li><strong>Documentaci\u00f3n que demuestre el v\u00ednculo familiar<\/strong>:\n<ul class=\"wp-block-list\">\n<li>Partida de nacimiento o matrimonio, debidamente legalizada o apostillada.<\/li>\n\n\n\n<li>Documento de identidad del familiar (el llamado \u00abdador de criterio\u00bb).<\/li>\n<\/ul>\n<\/li>\n<\/ol>\n\n\n\n<h4 class=\"wp-block-heading\"><strong><mark style=\"background-color:rgba(0, 0, 0, 0)\" class=\"has-inline-color has-vivid-red-color\">Casos especiales: menores de edad<\/mark><\/strong><\/h4>\n\n\n\n<p>Los solicitantes menores de 18 a\u00f1os de edad deben presentar partida de nacimiento legalizada y autorizaci\u00f3n firmada por al menos uno de los padres, quien debe estar presente con DNI vigente.<strong> Si los padres no residen en Argentina<\/strong>, <strong>debe designarse un tutor legal con residencia acreditada en el pa\u00eds<\/strong>.<\/p>\n\n\n\n<p>Toda la documentaci\u00f3n emitida en el exterior debe estar debidamente <strong>legalizada por el consulado argentino o apostillada seg\u00fan la Convenci\u00f3n de La Haya<\/strong>. Si est\u00e1 en idioma extranjero, debe ser <strong>traducida al espa\u00f1ol por un traductor p\u00fablico matriculado<\/strong>.<\/p>\n\n\n\n<h4 class=\"wp-block-heading\"><strong><mark style=\"background-color:rgba(0, 0, 0, 0)\" class=\"has-inline-color has-vivid-red-color\">\u00bfC\u00f3mo iniciar el tr\u00e1mite?<\/mark><\/strong><\/h4>\n\n\n\n<ol class=\"wp-block-list\">\n<li>I<strong><a href=\"https:\/\/www.migraciones.gob.ar\/radex\/index.html\" data-type=\"link\" data-id=\"https:\/\/www.migraciones.gob.ar\/radex\/index.html\">ngresar al sistema RaDEX<\/a><\/strong> <\/li>\n\n\n\n<li>Registrarse, completar el formulario y abonar las tasas.<\/li>\n\n\n\n<li>Adjuntar la documentaci\u00f3n requerida.<\/li>\n\n\n\n<li>Si se cumplen los requisitos, se emitir\u00e1 un <strong>Certificado de Residencia Precaria<\/strong> y se asignar\u00e1 una cita presencial.<\/li>\n\n\n\n<li><\/li>\n<\/ol>\n\n\n\n<p>El tr\u00e1mite debe hacerse <strong>de manera personal<\/strong>, sin necesidad de gestores. La \u00fanica v\u00eda de pago es la plataforma web oficial.<\/p>\n\n\n\n<p><strong>Importante<\/strong>:<strong> El solicitante debe encontrarse dentro del territorio argentino al momento de iniciar la solicitud.<\/strong><\/p>\n\n\n\n<p class=\"has-text-align-center\"><em><strong><em><strong><em><strong><em><strong><a href=\"https:\/\/t.me\/esreviral\">\u00daNETE A NUESTRO CANAL DE TELEGRAM PARA ESTAR INFORMADO<\/a><\/strong><\/em><\/strong><\/em><\/strong><\/em><\/strong><\/em><\/p>\n\n\n\n<h4 class=\"wp-block-heading\"><strong><mark style=\"background-color:rgba(0, 0, 0, 0)\" class=\"has-inline-color has-vivid-red-color\">\u00bfCu\u00e1l es el costo?<\/mark><\/strong><\/h4>\n\n\n\n<p>Las tasas migratorias var\u00edan seg\u00fan el tipo de tr\u00e1mite. <strong><a href=\"https:\/\/www.argentina.gob.ar\/interior\/migraciones\/cuadro-tasas-migratorias\" data-type=\"link\" data-id=\"https:\/\/www.argentina.gob.ar\/interior\/migraciones\/cuadro-tasas-migratorias\">Se puede consultar el cuadro actualizado en el sitio de la Direcci\u00f3n Nacional de Migraciones.<\/a><\/strong><\/p>\n\n\n\n<h4 class=\"wp-block-heading\"><strong><mark style=\"background-color:rgba(0, 0, 0, 0)\" class=\"has-inline-color has-vivid-red-color\">\u00bfQu\u00e9 vigencia tiene la residencia?<\/mark><\/strong><\/h4>\n\n\n\n<p>La residencia temporaria se otorga por el mismo plazo que el familiar residente (dador de criterio). Si este es ciudadano argentino o posee residencia permanente, el plazo puede extenderse hasta <strong>tres a\u00f1os<\/strong>.<\/p>\n\n\n\n<p class=\"has-text-align-right\"><strong><em><a href=\"http:\/\/www.argentina.gob.ar\/\" data-type=\"link\" data-id=\"www.argentina.gob.ar\/\">Con Informaci\u00f3n de argentina.gob.ar.-<\/a><\/em><\/strong><\/p>\n\n\n\n<p><\/p>\n","protected":false},"excerpt":{"rendered":"<p>KQA.- La reunificaci\u00f3n familiar en Argentina es una posibilidad legal para que extranjeros con v\u00ednculos directos con ciudadanos argentinos o residentes legales puedan obtener la residencia temporaria en el pa\u00eds. Esta figura est\u00e1 regulada por el art\u00edculo 23, inciso \u00f1) de la Ley N.\u00ba 25.871, recientemente modificada por el Decreto N.\u00ba 366\/2025. \u00bfA qui\u00e9nes est\u00e1 [&hellip;]<\/p>\n","protected":false},"author":3,"featured_media":74521,"comment_status":"closed","ping_status":"closed","sticky":false,"template":"","format":"standard","meta":{"jnews-multi-image_gallery":[],"jnews_single_post":{"format":"standard"},"jnews_primary_category":[],"jnews_social_meta":[],"jnews_review":[],"enable_review":"","type":"","name":"","summary":"","brand":"","sku":"","good":[],"bad":[],"score_override":"","override_value":"","rating":[],"price":[],"jnews_override_counter":[],"jnews_post_split":[],"footnotes":""},"categories":[43,54,5892],"tags":[45,6059,1034,67],"class_list":["post-74520","post","type-post","status-publish","format-standard","has-post-thumbnail","hentry","category-actualidad","category-inmigracion","category-venezolanos-en-argentina","tag-noticias","tag-requisitos","tag-reunificacion-familiar","tag-venezolanos-en-argentina"],"_links":{"self":[{"href":"https:\/\/esreviral.com\/index.php?rest_route=\/wp\/v2\/posts\/74520","targetHints":{"allow":["GET"]}}],"collection":[{"href":"https:\/\/esreviral.com\/index.php?rest_route=\/wp\/v2\/posts"}],"about":[{"href":"https:\/\/esreviral.com\/index.php?rest_route=\/wp\/v2\/types\/post"}],"author":[{"embeddable":true,"href":"https:\/\/esreviral.com\/index.php?rest_route=\/wp\/v2\/users\/3"}],"replies":[{"embeddable":true,"href":"https:\/\/esreviral.com\/index.php?rest_route=%2Fwp%2Fv2%2Fcomments&post=74520"}],"version-history":[{"count":2,"href":"https:\/\/esreviral.com\/index.php?rest_route=\/wp\/v2\/posts\/74520\/revisions"}],"predecessor-version":[{"id":74523,"href":"https:\/\/esreviral.com\/index.php?rest_route=\/wp\/v2\/posts\/74520\/revisions\/74523"}],"wp:featuredmedia":[{"embeddable":true,"href":"https:\/\/esreviral.com\/index.php?rest_route=\/wp\/v2\/media\/74521"}],"wp:attachment":[{"href":"https:\/\/esreviral.com\/index.php?rest_route=%2Fwp%2Fv2%2Fmedia&parent=74520"}],"wp:term":[{"taxonomy":"category","embeddable":true,"href":"https:\/\/esreviral.com\/index.php?rest_route=%2Fwp%2Fv2%2Fcategories&post=74520"},{"taxonomy":"post_tag","embeddable":true,"href":"https:\/\/esreviral.com\/index.php?rest_route=%2Fwp%2Fv2%2Ftags&post=74520"}],"curies":[{"name":"wp","href":"https:\/\/api.w.org\/{rel}","templated":true}]}}