{"id":74515,"date":"2025-05-31T08:24:09","date_gmt":"2025-05-31T13:24:09","guid":{"rendered":"https:\/\/esreviral.com\/?p=74515"},"modified":"2025-05-31T08:24:10","modified_gmt":"2025-05-31T13:24:10","slug":"como-calefaccionar-tu-casa-sin-que-se-dispare-la-factura-seis-claves-para-ahorrar-gas-y-electricidad-este-invierno","status":"publish","type":"post","link":"https:\/\/esreviral.com\/?p=74515","title":{"rendered":"C\u00f3mo calefaccionar tu casa sin que se dispare la factura: Seis claves para ahorrar gas y electricidad este invierno"},"content":{"rendered":"\n<p>Con la llegada del fr\u00edo y el recorte de subsidios, mantener el hogar c\u00e1lido sin que se disparen las boletas de gas y electricidad se ha convertido en un verdadero desaf\u00edo. Tanto las estufas como los aires acondicionados en modo calor permiten conservar una temperatura agradable, pero un uso ineficiente puede derivar en facturas impagables.<\/p>\n\n\n\n<p>Para evitar sorpresas, especialistas en eficiencia energ\u00e9tica recomiendan aplicar una serie de medidas sencillas que permiten reducir notablemente el consumo, sin pasar fr\u00edo ni resignar confort.<\/p>\n\n\n\n<p>A continuaci\u00f3n, una gu\u00eda con <strong>6 consejos clave<\/strong>, basada en informaci\u00f3n de la carrera de Ingenier\u00eda en Energ\u00eda de la Universidad Nacional de San Mart\u00edn (UNSAM), los entes reguladores Enargas y ENRE, y las distribuidoras Edenor, Edesur, Metrogas, Naturgy y Camuzzi.<\/p>\n\n\n\n<p class=\"has-text-align-center\"><strong><a href=\"https:\/\/chat.whatsapp.com\/KWkTmakY3I05kNdd2oZl6d\"><em>\u00daNETE A NUESTRO GRUPO DE WHATSAPP PARA ESTAR INFORMADO<\/em><\/a><\/strong><\/p>\n\n\n\n<h3 class=\"wp-block-heading\"><strong><mark style=\"background-color:rgba(0, 0, 0, 0)\" class=\"has-inline-color has-vivid-red-color\">1. Ajustar bien los termostatos: cada grado importa<\/mark><\/strong><\/h3>\n\n\n\n<p>Los expertos coinciden en que, en invierno, una temperatura ambiente de <strong>18\u00b0 o 19\u00b0C<\/strong> es suficiente si se utiliza ropa adecuada. Sin embargo, muchas personas programan sus equipos en 22\u00b0, 24\u00b0 o incluso m\u00e1s, lo que implica un gasto innecesario.<\/p>\n\n\n\n<p>Un estudio del INTI y la UNSAM revel\u00f3 que, en el centro y norte del pa\u00eds, <strong>bajar un solo grado el termostato puede generar un ahorro energ\u00e9tico superior al 25%<\/strong>.<\/p>\n\n\n\n<blockquote class=\"wp-block-quote is-layout-flow wp-block-quote-is-layout-flow\">\n<p>\u201cLo ideal es regular los equipos a 18\u00b0, o a lo sumo 19\u00b0 o 20\u00b0, para evitar un consumo excesivo\u201d, se\u00f1ala Salvador Gil, doctor en F\u00edsica y director de Ingenier\u00eda en Energ\u00eda de la UNSAM.<\/p>\n<\/blockquote>\n\n\n\n<h3 class=\"wp-block-heading\"><strong><mark style=\"background-color:rgba(0, 0, 0, 0)\" class=\"has-inline-color has-vivid-red-color\">2. Detectar y sellar filtraciones de aire<\/mark><\/strong><\/h3>\n\n\n\n<p>Peque\u00f1as corrientes de aire que ingresan por rendijas, grietas o cerramientos mal aislados pueden arruinar cualquier intento de calefaccionar eficientemente. Revisar puertas, ventanas y persianas para identificar estos \u201cchifletes\u201d y colocar burletes es fundamental para evitar la fuga de calor.<\/p>\n\n\n\n<h3 class=\"wp-block-heading\"><strong><mark style=\"background-color:rgba(0, 0, 0, 0)\" class=\"has-inline-color has-vivid-red-color\">3. Mejorar el aislamiento con l\u00e1minas de burbujas<\/mark><\/strong><\/h3>\n\n\n\n<p>Una t\u00e9cnica econ\u00f3mica y efectiva para mejorar el aislamiento t\u00e9rmico consiste en <strong>colocar l\u00e1minas pl\u00e1sticas con burbujas<\/strong> sobre los vidrios de las ventanas. Esto genera un efecto similar al del doble vidrio, reduciendo hasta la mitad la p\u00e9rdida de calor por cerramientos, sin bloquear la entrada de luz natural.<\/p>\n\n\n\n<h3 class=\"wp-block-heading\"><strong><mark style=\"background-color:rgba(0, 0, 0, 0)\" class=\"has-inline-color has-vivid-red-color\">4. Usar cortinas y persianas a tu favor<\/mark><\/strong><\/h3>\n\n\n\n<p>Durante el d\u00eda, abrir cortinas y persianas permite aprovechar el calor del sol para calentar naturalmente los ambientes. Por la noche, conviene cerrarlas bien para conservar el calor acumulado. Este simple h\u00e1bito diario puede marcar una diferencia importante en el consumo.<\/p>\n\n\n\n<p class=\"has-text-align-center\"><em><strong><em><strong><em><strong><em><strong><a href=\"https:\/\/t.me\/esreviral\">\u00daNETE A NUESTRO CANAL DE TELEGRAM PARA ESTAR INFORMADO<\/a><\/strong><\/em><\/strong><\/em><\/strong><\/em><\/strong><\/em><\/p>\n\n\n\n<h3 class=\"wp-block-heading\"><strong><mark style=\"background-color:rgba(0, 0, 0, 0)\" class=\"has-inline-color has-vivid-red-color\">5. Limpiar los filtros del aire acondicionado<\/mark><\/strong><\/h3>\n\n\n\n<p>En equipos tipo split, los filtros del interior se llenan con polvo y part\u00edculas que dificultan la salida del aire caliente, forzando al aparato a trabajar m\u00e1s. Para evitarlo, es recomendable <strong>limpiar los filtros al menos una vez al mes<\/strong>, o antes de cada temporada de uso intensivo.<\/p>\n\n\n\n<h3 class=\"wp-block-heading\"><strong><mark style=\"background-color:rgba(0, 0, 0, 0)\" class=\"has-inline-color has-vivid-red-color\">6. Orientar el flujo de aire hacia abajo<\/mark><\/strong><\/h3>\n\n\n\n<p>El aire caliente tiende a acumularse cerca del techo, dejando m\u00e1s fr\u00edas las zonas inferiores. Para contrarrestarlo, es \u00fatil <strong>orientar las aletas del aire acondicionado hacia abajo<\/strong> y, si es necesario, prender un ventilador en potencia m\u00ednima para mejorar la circulaci\u00f3n del calor.<\/p>\n\n\n\n<p><strong>Bonus:<\/strong><br><strong>Invertir en calefactores eficientes tambi\u00e9n ahorra<\/strong>. Reemplazar equipos viejos por modelos m\u00e1s nuevos con etiqueta de eficiencia energ\u00e9tica A o superior (A+, A++, A+++) puede significar un ahorro considerable a mediano y largo plazo.<\/p>\n\n\n\n<p class=\"has-text-align-right\"><strong><em>Con Informaci\u00f3n de Clarin.-<\/em><\/strong><\/p>\n","protected":false},"excerpt":{"rendered":"<p>Ayudan a aliviar las boletas de luz y gas en los meses m\u00e1s fr\u00edos del a\u00f1o. Y son f\u00e1ciles de aplicar, sin resignar confort. Los consejos de los especialistas.<\/p>\n","protected":false},"author":3,"featured_media":74516,"comment_status":"closed","ping_status":"closed","sticky":false,"template":"","format":"standard","meta":{"jnews-multi-image_gallery":[],"jnews_single_post":{"format":"standard"},"jnews_primary_category":[],"jnews_social_meta":[],"jnews_review":[],"enable_review":"","type":"","name":"","summary":"","brand":"","sku":"","good":[],"bad":[],"score_override":"","override_value":"","rating":[],"price":[],"jnews_override_counter":[],"jnews_post_split":[],"footnotes":""},"categories":[58,61],"tags":[30878,30879,44,8744,942,45],"class_list":["post-74515","post","type-post","status-publish","format-standard","has-post-thumbnail","hentry","category-argentina","category-economia","tag-ahorrar-energia","tag-aires","tag-argentina","tag-consumo-y-ahorro","tag-invierno","tag-noticias"],"amp_enabled":true,"_links":{"self":[{"href":"https:\/\/esreviral.com\/index.php?rest_route=\/wp\/v2\/posts\/74515"}],"collection":[{"href":"https:\/\/esreviral.com\/index.php?rest_route=\/wp\/v2\/posts"}],"about":[{"href":"https:\/\/esreviral.com\/index.php?rest_route=\/wp\/v2\/types\/post"}],"author":[{"embeddable":true,"href":"https:\/\/esreviral.com\/index.php?rest_route=\/wp\/v2\/users\/3"}],"replies":[{"embeddable":true,"href":"https:\/\/esreviral.com\/index.php?rest_route=%2Fwp%2Fv2%2Fcomments&post=74515"}],"version-history":[{"count":1,"href":"https:\/\/esreviral.com\/index.php?rest_route=\/wp\/v2\/posts\/74515\/revisions"}],"predecessor-version":[{"id":74517,"href":"https:\/\/esreviral.com\/index.php?rest_route=\/wp\/v2\/posts\/74515\/revisions\/74517"}],"wp:featuredmedia":[{"embeddable":true,"href":"https:\/\/esreviral.com\/index.php?rest_route=\/wp\/v2\/media\/74516"}],"wp:attachment":[{"href":"https:\/\/esreviral.com\/index.php?rest_route=%2Fwp%2Fv2%2Fmedia&parent=74515"}],"wp:term":[{"taxonomy":"category","embeddable":true,"href":"https:\/\/esreviral.com\/index.php?rest_route=%2Fwp%2Fv2%2Fcategories&post=74515"},{"taxonomy":"post_tag","embeddable":true,"href":"https:\/\/esreviral.com\/index.php?rest_route=%2Fwp%2Fv2%2Ftags&post=74515"}],"curies":[{"name":"wp","href":"https:\/\/api.w.org\/{rel}","templated":true}]}}