{"id":74509,"date":"2025-05-31T08:30:56","date_gmt":"2025-05-31T13:30:56","guid":{"rendered":"https:\/\/esreviral.com\/?p=74509"},"modified":"2025-05-31T08:30:57","modified_gmt":"2025-05-31T13:30:57","slug":"la-ciudad-incorpora-nuevas-salas-de-neonatologia-y-terapia-intensiva-en-el-velez-sarsfield","status":"publish","type":"post","link":"https:\/\/esreviral.com\/?p=74509","title":{"rendered":"La Ciudad incorpora nuevas salas de neonatolog\u00eda y terapia intensiva en el V\u00e9lez Sarsfield"},"content":{"rendered":"\n<p>La Ciudad sigue fortaleciendo el sistema de<strong> salud p\u00fablica<\/strong>. Para brindar una mejor atenci\u00f3n a las familias y vecinos sum\u00f3 nuevas \u00e1reas de neonatolog\u00eda y de terapia intensiva en el <strong>Hospital V\u00e9lez Sarsfield<\/strong> y aument\u00f3 un 30% la capacidad de atenci\u00f3n de casos de alta complejidad.<\/p>\n\n\n\n<p>En el V\u00e9lez Sarsfield, en Monte Castro, se atendieron en 2024 m\u00e1s de 216 mil personas. Y en los primeros cinco meses de este a\u00f1o sus consultorios externos recibieron m\u00e1s de 37 mil. Adem\u00e1s, en pocos d\u00edas se iniciar\u00e1 la obra de remodelaci\u00f3n y adaptaci\u00f3n del ex shockroom: consistir\u00e1 en la reforma de un sector de planta baja del hospital, donde estaba ubicada la antigua guardia.<\/p>\n\n\n\n<p><strong>\u00abM\u00e1s y mejor tecnolog\u00eda, m\u00e1s equipos de alta complejidad como angi\u00f3grafos y tom\u00f3grafos, nuevas salas, guardias y consultorios, est\u00e1n destinados a un \u00fanico objetivo: mejorar la vida de los porte\u00f1os\u00bb,<\/strong>&nbsp;sostuvo el Jefe de Gobierno, Jorge Macri, quien supervis\u00f3 el final de la obra del hospital junto al ministro de Salud, Fern\u00e1n Quir\u00f3s.<\/p>\n\n\n\n<p class=\"has-text-align-center\"><strong><a href=\"https:\/\/chat.whatsapp.com\/KWkTmakY3I05kNdd2oZl6d\"><em>\u00daNETE A NUESTRO GRUPO DE WHATSAPP PARA ESTAR INFORMADO<\/em><\/a><\/strong><\/p>\n\n\n\n<figure class=\"wp-block-image size-large\"><img fetchpriority=\"high\" decoding=\"async\" width=\"1024\" height=\"683\" src=\"https:\/\/esreviral.com\/wp-content\/uploads\/2025\/05\/AnyConv.com__WhatsApp_Image_2025-05-30_at_08.45.56_1-1024x683.webp\" alt=\"\" class=\"wp-image-74511\" srcset=\"https:\/\/esreviral.com\/wp-content\/uploads\/2025\/05\/AnyConv.com__WhatsApp_Image_2025-05-30_at_08.45.56_1-1024x683.webp 1024w, https:\/\/esreviral.com\/wp-content\/uploads\/2025\/05\/AnyConv.com__WhatsApp_Image_2025-05-30_at_08.45.56_1-300x200.webp 300w, https:\/\/esreviral.com\/wp-content\/uploads\/2025\/05\/AnyConv.com__WhatsApp_Image_2025-05-30_at_08.45.56_1-768x512.webp 768w, https:\/\/esreviral.com\/wp-content\/uploads\/2025\/05\/AnyConv.com__WhatsApp_Image_2025-05-30_at_08.45.56_1-1536x1024.webp 1536w, https:\/\/esreviral.com\/wp-content\/uploads\/2025\/05\/AnyConv.com__WhatsApp_Image_2025-05-30_at_08.45.56_1.webp 1600w\" sizes=\"(max-width: 1024px) 100vw, 1024px\" \/><\/figure>\n\n\n\n<p><\/p>\n\n\n\n<p>En 2024 la Ciudad realiz\u00f3 90 obras en hospitales p\u00fablicos. Este a\u00f1o se sumaron otras 35, lo que representa una inversi\u00f3n de m\u00e1s de $76 mil millones en ampliaci\u00f3n de guardias, mejoras en quir\u00f3fanos y terapias intensivas, nuevos Centros de Salud y Acci\u00f3n Comunitaria (CeSAC) y Centros de Especialidades M\u00e9dicas Ambulatorias de Referencia (CEMAR) e incorporaci\u00f3n de tecnolog\u00eda de punta, que permiti\u00f3 por ejemplo realizar la primera cirug\u00eda fetal en una maternidad p\u00fablica de la Ciudad.<\/p>\n\n\n\n<p><strong>\u00abLa clase media viene a buscar cada vez m\u00e1s salud p\u00fablica en la Ciudad y ese es nuestro compromiso: tener un sistema de salud gratuito, universal, accesible para todos, con prioridad para los porte\u00f1os. Estamos invirtiendo mucho porque para nosotros la salud es fundamental\u00bb<\/strong>, agreg\u00f3 el Jefe de Gobierno.<\/p>\n\n\n\n<p>La obra del \u00e1rea de neonatolog\u00eda en el V\u00e9lez Sarsfield incluy\u00f3 la relocalizaci\u00f3n del servicio, que ahora cuenta con una nueva sala, tres incubadoras, un box de aislamiento, un puesto completo de enfermer\u00eda y un estar m\u00e9dico.<\/p>\n\n\n\n<p>Tambi\u00e9n se relocaliz\u00f3 la Unidad de Terapia Intensiva (UTI), que tiene seis camas, una sala de aislados, una de postoperatorio con tres camas nuevas, un \u00e1rea de estar y un sector de enfermer\u00eda, dep\u00f3sito y guardia. Los trabajos en su conjunto demandar\u00e1n una inversi\u00f3n superior a los $288 millones.<\/p>\n\n\n\n<p class=\"has-text-align-center\"><em><strong><em><strong><em><strong><em><strong><a href=\"https:\/\/t.me\/esreviral\">\u00daNETE A NUESTRO CANAL DE TELEGRAM PARA ESTAR INFORMADO<\/a><\/strong><\/em><\/strong><\/em><\/strong><\/em><\/strong><\/em><\/p>\n\n\n\n<p>El ministro de Salud, Fern\u00e1n Quir\u00f3s, explic\u00f3: \u00abLa nueva ubicaci\u00f3n del servicio de neonatolog\u00eda, contigua a maternidad, permitir\u00e1 una atenci\u00f3n m\u00e1s integrada y fortalecer\u00e1 el v\u00ednculo madre-hijo desde el primer momento\u00bb. Y agreg\u00f3: \u00abEl hospital, adem\u00e1s, cuenta hoy con una terapia intensiva integrada y totalmente renovada, con 10 camas para la atenci\u00f3n de pacientes cr\u00edticos\u00bb.<\/p>\n\n\n\n<p class=\"has-text-align-right\"><em>\u00a0<strong>Prensa GCBA<\/strong>.-<\/em><\/p>\n","protected":false},"excerpt":{"rendered":"<p>De esta manera, aument\u00f3 un 30% la capacidad de atenci\u00f3n de casos de alta complejidad. Adem\u00e1s, en pocos d\u00edas se iniciar\u00e1 la obra de remodelaci\u00f3n y adaptaci\u00f3n del ex shockroom.<\/p>\n","protected":false},"author":3,"featured_media":74510,"comment_status":"closed","ping_status":"closed","sticky":false,"template":"","format":"standard","meta":{"jnews-multi-image_gallery":[],"jnews_single_post":{"format":"standard"},"jnews_primary_category":[],"jnews_social_meta":[],"jnews_review":[],"enable_review":"","type":"","name":"","summary":"","brand":"","sku":"","good":[],"bad":[],"score_override":"","override_value":"","rating":[],"price":[],"jnews_override_counter":[],"jnews_post_split":[],"footnotes":""},"categories":[58],"tags":[44,30876,7886,1327,45,30877,10051,701],"class_list":["post-74509","post","type-post","status-publish","format-standard","has-post-thumbnail","hentry","category-argentina","tag-argentina","tag-hospital-velez-sarsfield","tag-jefe-de-gobierno","tag-jorge-macri","tag-noticias","tag-salas-de-neonatologia","tag-salud-publica","tag-terapia-intensiva"],"amp_enabled":true,"_links":{"self":[{"href":"https:\/\/esreviral.com\/index.php?rest_route=\/wp\/v2\/posts\/74509"}],"collection":[{"href":"https:\/\/esreviral.com\/index.php?rest_route=\/wp\/v2\/posts"}],"about":[{"href":"https:\/\/esreviral.com\/index.php?rest_route=\/wp\/v2\/types\/post"}],"author":[{"embeddable":true,"href":"https:\/\/esreviral.com\/index.php?rest_route=\/wp\/v2\/users\/3"}],"replies":[{"embeddable":true,"href":"https:\/\/esreviral.com\/index.php?rest_route=%2Fwp%2Fv2%2Fcomments&post=74509"}],"version-history":[{"count":2,"href":"https:\/\/esreviral.com\/index.php?rest_route=\/wp\/v2\/posts\/74509\/revisions"}],"predecessor-version":[{"id":74518,"href":"https:\/\/esreviral.com\/index.php?rest_route=\/wp\/v2\/posts\/74509\/revisions\/74518"}],"wp:featuredmedia":[{"embeddable":true,"href":"https:\/\/esreviral.com\/index.php?rest_route=\/wp\/v2\/media\/74510"}],"wp:attachment":[{"href":"https:\/\/esreviral.com\/index.php?rest_route=%2Fwp%2Fv2%2Fmedia&parent=74509"}],"wp:term":[{"taxonomy":"category","embeddable":true,"href":"https:\/\/esreviral.com\/index.php?rest_route=%2Fwp%2Fv2%2Fcategories&post=74509"},{"taxonomy":"post_tag","embeddable":true,"href":"https:\/\/esreviral.com\/index.php?rest_route=%2Fwp%2Fv2%2Ftags&post=74509"}],"curies":[{"name":"wp","href":"https:\/\/api.w.org\/{rel}","templated":true}]}}