{"id":74506,"date":"2025-05-31T08:16:52","date_gmt":"2025-05-31T13:16:52","guid":{"rendered":"https:\/\/esreviral.com\/?p=74506"},"modified":"2025-05-31T08:16:53","modified_gmt":"2025-05-31T13:16:53","slug":"no-sabemos-si-esta-vivo-el-desgarrador-pedido-de-la-esposa-del-abogado-argentino-detenido-en-venezuela","status":"publish","type":"post","link":"https:\/\/esreviral.com\/?p=74506","title":{"rendered":"\u00abNo sabemos si est\u00e1 vivo\u00bb: el desgarrador pedido de la esposa del abogado argentino detenido en Venezuela"},"content":{"rendered":"\n<p>El jueves 23 de mayo, Virginia Rivero (48) se encontraba en la oficina del colegio de San Fernando donde trabaja como secretaria cuando recibi\u00f3 una llamada de su hija mayor. La voz al otro lado del tel\u00e9fono sonaba extra\u00f1amente tensa:<br>\u2014\u00bfEst\u00e1s bien, ma?<br>\u2014S\u00ed, \u00bfqu\u00e9 pas\u00f3? \u2014respondi\u00f3 Virginia, desconcertada.<br>\u2014No, nada, ma \u2014contest\u00f3 su hija, con evasiva.<\/p>\n\n\n\n<p>Mientras hablaba, una compa\u00f1era de trabajo comenz\u00f3 a hacerle se\u00f1as con la cabeza, con gesto serio. <strong><a href=\"https:\/\/esreviral.com\/?p=74094\" data-type=\"link\" data-id=\"https:\/\/esreviral.com\/?p=74094\">La noticia ya circulaba en redes: su esposo, Germ\u00e1n Dar\u00edo Giuliani (48), hab\u00eda sido detenido en Venezuela.<\/a><\/strong><\/p>\n\n\n\n<p>Ese d\u00eda, el ministro del Interior del r\u00e9gimen chavista, Diosdado Cabello, anunci\u00f3 en cadena nacional que las fuerzas de seguridad hab\u00edan arrestado a Giuliani junto a tres ciudadanos venezolanos, acus\u00e1ndolos de integrar una presunta \u201c<strong><em>red terrorista<\/em><\/strong>\u201d. No ofreci\u00f3 detalles sobre los cargos, el contexto de la detenci\u00f3n ni los motivos de su estad\u00eda en el pa\u00eds.<\/p>\n\n\n\n<p class=\"has-text-align-center\"><strong><a href=\"https:\/\/chat.whatsapp.com\/KWkTmakY3I05kNdd2oZl6d\"><em>\u00daNETE A NUESTRO GRUPO DE WHATSAPP PARA ESTAR INFORMADO<\/em><\/a><\/strong><\/p>\n\n\n\n<p>Seg\u00fan cont\u00f3 Virginia a <em>La Naci\u00f3n<\/em>, Giuliani \u2014<strong>abogado penalista y laboral, titular del estudio jur\u00eddico GDG<\/strong>\u2014 hab\u00eda viajado a San Pablo el 5 de abril para asistir a un cliente en la apertura de un bar. Luego, planeaba trasladarse a Venezuela para emprender un proyecto similar en la ciudad de Barcelona, estado Anzo\u00e1tegui.<\/p>\n\n\n\n<p>A fines de abril ingres\u00f3 al pa\u00eds sin inconvenientes y regres\u00f3 brevemente a Brasil, pero volvi\u00f3 d\u00edas despu\u00e9s a Venezuela para continuar con los tr\u00e1mites. \u201c<strong><em>No ten\u00eda pasaje de vuelta porque a\u00fan deb\u00eda terminar de constituir el bar. Cuando lo hiciera, volver\u00eda<\/em><\/strong>\u201d, explic\u00f3 Virginia.<\/p>\n\n\n\n<p>El d\u00eda anterior a la detenci\u00f3n, se hab\u00edan comunicado por mensaje. Su hijo menor, angustiado por la ausencia del padre, le ped\u00eda saber cu\u00e1ndo regresar\u00eda. Giuliani le respondi\u00f3 con entusiasmo: \u201c<strong><em>Falta poco, en 25 d\u00edas ya estoy all\u00e1. Vamos a organizar un programa juntos\u201d<\/em><\/strong>. Fue su \u00faltimo contacto. Al d\u00eda siguiente, <strong>Virginia perdi\u00f3 todo rastro de \u00e9l.<\/strong><\/p>\n\n\n\n<p>Pocas horas despu\u00e9s, la noticia del arresto estall\u00f3 en los medios. Virginia, en estado de shock, dej\u00f3 su trabajo y se reuni\u00f3 con sus cinco cu\u00f1adas y su suegra: \u201c<strong><em>Nadie entend\u00eda nada. Hac\u00eda apenas unos d\u00edas habl\u00e1bamos con Germ\u00e1n por videollamada, feliz, esperando volver\u201d.<\/em><\/strong><\/p>\n\n\n<div class=\"wp-block-image\">\n<figure class=\"aligncenter size-large\"><img decoding=\"async\" src=\"https:\/\/resizer.glanacion.com\/resizer\/v2\/german-giuliani-y-su-RKUKNRYPFJHFTBKF2VVIMGS3KQ.jpeg?auth=8c6d4af747fac5fb314d00f928001b750afcb9b188e3cb47f6de6769f05f1fb6&amp;width=780&amp;height=1040&amp;quality=70&amp;smart=true\" alt=\"\"\/><\/figure><\/div>\n\n\n<p class=\"has-text-align-center\"><strong><em>Germ\u00e1n Giuliani<\/em><\/strong>.<\/p>\n\n\n\n<p>Ese mismo d\u00eda, fue contactada por la<strong> Canciller\u00eda argentina<\/strong>, que la cit\u00f3 a una reuni\u00f3n a la que asisti\u00f3 junto a su hija mayor (18), una cu\u00f1ada y su suegra. All\u00ed le informaron que no dispon\u00edan de datos adicionales m\u00e1s all\u00e1 de lo informado p\u00fablicamente, y le pidieron esperar hasta despu\u00e9s de las elecciones venezolanas \u2014previstas para el domingo 25 de mayo\u2014 para no interferir en el clima pol\u00edtico. Le aseguraron que hab\u00edan enviado un informe a la Canciller\u00eda de Brasil y a su embajada en Caracas para activar gestiones diplom\u00e1ticas. Desde que el gobierno de Javier Milei cerr\u00f3 la embajada argentina en Venezuela, Brasil representa los intereses consulares argentinos en ese pa\u00eds.<\/p>\n\n\n\n<p>Pasados los tres d\u00edas, Virginia asisti\u00f3 a una segunda reuni\u00f3n el 28 de mayo. \u201c<strong><em>Salimos muy decepcionados. No hab\u00eda ninguna novedad\u201d. <\/em><\/strong>Agradecida por la contenci\u00f3n del personal diplom\u00e1tico, decidi\u00f3 dar a conocer el caso p\u00fablicamente para ejercer mayor presi\u00f3n.<\/p>\n\n\n\n<p>Ese mismo mi\u00e9rcoles, Cabello volvi\u00f3 a referirse al caso: asegur\u00f3 que Giuliani fue capturado en alta mar, a bordo de un velero, cuando presuntamente iba a buscar a un narcotraficante. Seg\u00fan el funcionario, el sospechoso serbio Antun Mrdeza \u2014con alerta roja de Interpol y buscado por Italia\u2014 habr\u00eda pagado 20.000 d\u00f3lares para ser recogido en el mar. <strong><em>\u201cQue si el se\u00f1or es buena gente&#8230; pero iba a buscar a un narcotraficante<\/em><\/strong>\u201d, dijo Cabello.<\/p>\n\n\n\n<p>A\u00f1adi\u00f3 que Giuliani estaba siendo interrogado \u201c<strong><em>con respeto a los derechos humanos\u201d<\/em><\/strong>, aunque no brind\u00f3 pruebas ni detalles del proceso.<\/p>\n\n\n\n<p>La detenci\u00f3n de Giuliani se produjo en el marco de una ola de arrestos masivos en Venezuela: en menos de 48 horas, m\u00e1s de 70 personas \u2014incluidos opositores y ciudadanos extranjeros\u2014 fueron encarceladas, todas acusadas de conspiraci\u00f3n sin evidencia p\u00fablica.<\/p>\n\n\n\n<p class=\"has-text-align-center\"><em><strong><em><strong><em><strong><em><strong><a href=\"https:\/\/t.me\/esreviral\">\u00daNETE A NUESTRO CANAL DE TELEGRAM PARA ESTAR INFORMADO<\/a><\/strong><\/em><\/strong><\/em><\/strong><\/em><\/strong><\/em><\/p>\n\n\n\n<p>Virginia insiste en que su esposo no tiene v\u00ednculos con la pol\u00edtica venezolana: \u201c<strong><em>Seguramente Germ\u00e1n ni siquiera sab\u00eda que hab\u00eda elecciones en mayo\u201d<\/em><\/strong>.<\/p>\n\n\n\n<p>El abogado y amigo de Giuliani, Diego C\u00f3rdoba, expres\u00f3 su preocupaci\u00f3n: \u201c<strong><em>No sabemos si est\u00e1 bien, ni siquiera si est\u00e1 vivo. No tenemos prueba de vida desde que Cabello lo mencion\u00f3\u201d<\/em><\/strong>. Intent\u00f3 contactar a otro argentino, Pablo Gonzalo Carrasco \u2014detenido brevemente y luego liberado\u2014, pero no obtuvo respuesta. Tampoco pudo confirmar si hay otros argentinos detenidos: desde Canciller\u00eda le dijeron que la informaci\u00f3n es confidencial.<\/p>\n\n\n\n<p>C\u00f3rdoba, adem\u00e1s, se\u00f1al\u00f3 que<strong> no tienen certeza sobre el paradero de Giuliani, si enfrenta cargos, si tiene defensa legal ni si accede a un abogado. En caso de haber un proceso penal, el abogado defensor ser\u00eda uno designado por el gobierno, ya que los privados solo pueden asesorar sin intervenir.<\/strong><\/p>\n\n\n\n<p>Virginia tambi\u00e9n fue contactada por el Comit\u00e9 de Derechos Humanos del partido opositor <em>Vente Venezuela<\/em>, liderado por Mar\u00eda Corina Machado. Le solicitaron el nombre de su esposo y prometieron colaborar para obtener informaci\u00f3n sobre su paradero, pero no volvieron a comunicarse.<\/p>\n\n\n\n<p>Sobre las declaraciones de Cabello, Virginia prefiere mantenerse al margen: \u201c<strong><em>No prend\u00ed la tele, no vi nada. Si la familia me quiere decir algo, que lo haga<\/em><\/strong>\u201d. Defiende el perfil de su esposo: \u201c<strong><em>Germ\u00e1n es una persona normal, un padre de familia, trabajador. No tiene nada que ocultar\u201d<\/em><\/strong>. Sobre la posibilidad de que estuviera en un velero al momento de la detenci\u00f3n, no le parece extra\u00f1o: es un apasionado de la n\u00e1utica, tiene uno en San Isidro y suele participar en regatas.<\/p>\n\n\n<div class=\"wp-block-image\">\n<figure class=\"aligncenter size-large\"><img decoding=\"async\" src=\"https:\/\/resizer.glanacion.com\/resizer\/v2\/german-giuliani-y-su-MD4DGGPCUNECJIX34EXB675PC4.jpeg?auth=99c9f51af49d88a3947946d07e658107287d3e0caaddd7d0b6f4a6e7aa68a10c&amp;width=780&amp;height=598&amp;quality=70&amp;smart=true\" alt=\"\"\/><\/figure><\/div>\n\n\n<p class=\"has-text-align-center\"><strong><em>Germ\u00e1n Giuliani y su familia<\/em><\/strong>.<\/p>\n\n\n\n<p class=\"has-text-align-right\"><strong><em>Con Informaci\u00f3n de La Naci\u00f3n.-<\/em><\/strong><\/p>\n","protected":false},"excerpt":{"rendered":"<p>Giuliani fue detenido el 23 de mayo y desde entonces su familia desconoce su paradero; gestiones sin \u00e9xito de Canciller\u00eda<\/p>\n","protected":false},"author":3,"featured_media":74507,"comment_status":"closed","ping_status":"closed","sticky":false,"template":"","format":"standard","meta":{"jnews-multi-image_gallery":[],"jnews_single_post":{"format":"standard"},"jnews_primary_category":[],"jnews_social_meta":[],"jnews_review":[],"enable_review":"","type":"","name":"","summary":"","brand":"","sku":"","good":[],"bad":[],"score_override":"","override_value":"","rating":[],"price":[],"jnews_override_counter":[],"jnews_post_split":[],"footnotes":""},"categories":[58,59,66],"tags":[],"class_list":["post-74506","post","type-post","status-publish","format-standard","has-post-thumbnail","hentry","category-argentina","category-politica","category-venezuela"],"amp_enabled":true,"_links":{"self":[{"href":"https:\/\/esreviral.com\/index.php?rest_route=\/wp\/v2\/posts\/74506"}],"collection":[{"href":"https:\/\/esreviral.com\/index.php?rest_route=\/wp\/v2\/posts"}],"about":[{"href":"https:\/\/esreviral.com\/index.php?rest_route=\/wp\/v2\/types\/post"}],"author":[{"embeddable":true,"href":"https:\/\/esreviral.com\/index.php?rest_route=\/wp\/v2\/users\/3"}],"replies":[{"embeddable":true,"href":"https:\/\/esreviral.com\/index.php?rest_route=%2Fwp%2Fv2%2Fcomments&post=74506"}],"version-history":[{"count":2,"href":"https:\/\/esreviral.com\/index.php?rest_route=\/wp\/v2\/posts\/74506\/revisions"}],"predecessor-version":[{"id":74514,"href":"https:\/\/esreviral.com\/index.php?rest_route=\/wp\/v2\/posts\/74506\/revisions\/74514"}],"wp:featuredmedia":[{"embeddable":true,"href":"https:\/\/esreviral.com\/index.php?rest_route=\/wp\/v2\/media\/74507"}],"wp:attachment":[{"href":"https:\/\/esreviral.com\/index.php?rest_route=%2Fwp%2Fv2%2Fmedia&parent=74506"}],"wp:term":[{"taxonomy":"category","embeddable":true,"href":"https:\/\/esreviral.com\/index.php?rest_route=%2Fwp%2Fv2%2Fcategories&post=74506"},{"taxonomy":"post_tag","embeddable":true,"href":"https:\/\/esreviral.com\/index.php?rest_route=%2Fwp%2Fv2%2Ftags&post=74506"}],"curies":[{"name":"wp","href":"https:\/\/api.w.org\/{rel}","templated":true}]}}