{"id":74503,"date":"2025-05-31T08:42:25","date_gmt":"2025-05-31T13:42:25","guid":{"rendered":"https:\/\/esreviral.com\/?p=74503"},"modified":"2025-05-31T08:42:26","modified_gmt":"2025-05-31T13:42:26","slug":"los-escalofriantes-detalles-que-confirmaron-los-investigadores-que-la-mujer-mato-a-sus-hijos-y-al-esposo","status":"publish","type":"post","link":"https:\/\/esreviral.com\/?p=74503","title":{"rendered":"Los escalofriantes detalles que confirmaron los investigadores que la mujer mat\u00f3 a sus hijos y al esposo"},"content":{"rendered":"\n<p>Los investigadores nunca dudaron sobre la mec\u00e1nica del horror ocurrido en el barrio porte\u00f1o de Villa Crespo. Todas las pruebas preliminares apuntaban a la responsabilidad de <strong>Laura Leguizam\u00f3n<\/strong>, quien asesin\u00f3 a su esposo, <strong>Adri\u00e1n Seltzer<\/strong>, y a sus hijos <strong>Ian e Ivo<\/strong>, de 15 y 12 a\u00f1os de edad, antes de quitarse la vida. Ahora,<strong> los peritajes forenses confirmaron esa sospecha.<\/strong><\/p>\n\n\n\n<p>Uno de los elementos <strong><a href=\"https:\/\/esreviral.com\/?p=74064\" data-type=\"link\" data-id=\"https:\/\/esreviral.com\/?p=74064\">clave fue la carta encontrada en la cocina del departamento<\/a><\/strong> ubicado en el 6\u00b0 A de la calle Aguirre 295. Peritos caligr\u00e1ficos determinaron que el texto fue escrito por Leguizam\u00f3n entre la noche del 21 y la ma\u00f1ana del 22 de mayo, fecha en la que fueron hallados los cuerpos.<\/p>\n\n\n\n<p class=\"has-text-align-center\"><strong><a href=\"https:\/\/chat.whatsapp.com\/KWkTmakY3I05kNdd2oZl6d\"><em>\u00daNETE A NUESTRO GRUPO DE WHATSAPP PARA ESTAR INFORMADO<\/em><\/a><\/strong><\/p>\n\n\n\n<p class=\"has-text-align-center\"><strong><em><mark style=\"background-color:rgba(0, 0, 0, 0)\" class=\"has-inline-color has-vivid-red-color\"><a href=\"https:\/\/esreviral.com\/?p=74235\" data-type=\"link\" data-id=\"https:\/\/esreviral.com\/?p=74235\">Lea Tambi\u00e9n: El libro que ley\u00f3 Laura Leguizam\u00f3n que pudo impulsarla a cometer el atroz crimen contra su familia<\/a><\/mark><\/em><\/strong><\/p>\n\n\n\n<p>Para corroborarlo, los especialistas convocados por la Justicia compararon la carta con cuadernos escolares de los ni\u00f1os, libretas de la pareja y formularios manuscritos completados por Leguizam\u00f3n en organismos p\u00fablicos, seg\u00fan inform\u00f3 la agencia Noticias Argentinas.<\/p>\n\n\n\n<p>Los informes forenses tambi\u00e9n confirmaron la brutalidad del ataque. <strong><a href=\"https:\/\/esreviral.com\/?p=74037\" data-type=\"link\" data-id=\"https:\/\/esreviral.com\/?p=74037\">Seltzer fue asesinado de tres pu\u00f1aladas, mientras que Ian e Ivo recibieron entre 10 y 12 cuchillazos cada uno. Luego del crimen, Leguizam\u00f3n se suicid\u00f3 en el ba\u00f1o del departamento.<\/a><\/strong> Ten\u00eda <strong>heridas en el pecho a la altura del coraz\u00f3n<\/strong>, <strong>cortes en las mu\u00f1ecas<\/strong> y una <strong>u\u00f1a clavada en el cuello<\/strong>. En sus manos, los forenses encontraron <strong>cabellos<\/strong>, seg\u00fan los resultados de las autopsias realizadas en la Morgue del Cuerpo M\u00e9dico Forense del Poder Judicial de la Naci\u00f3n y entregadas al fiscal <strong>C\u00e9sar Troncoso<\/strong>, a cargo de la causa. El caso est\u00e1 en manos del juez nacional en lo Criminal y Correccional <strong>Luis Schelgel<\/strong>.<\/p>\n\n\n\n<p>En la escena del crimen se hallaron <strong>dos cuchillos<\/strong>. Uno, con mango met\u00e1lico, estaba sobre las s\u00e1banas de la cama matrimonial, a apenas 20 cent\u00edmetros del cuerpo de Seltzer. Presentaba manchas de sangre en el mango y la hoja. El otro cuchillo, con mango de madera y m\u00e1s restos hem\u00e1ticos, fue hallado del lado de la cama donde dorm\u00eda Leguizam\u00f3n, y habr\u00eda sido el arma utilizada contra los adolescentes.<\/p>\n\n\n\n<p class=\"has-text-align-center\"><em><strong><em><strong><em><strong><em><strong><a href=\"https:\/\/t.me\/esreviral\">\u00daNETE A NUESTRO CANAL DE TELEGRAM PARA ESTAR INFORMADO<\/a><\/strong><\/em><\/strong><\/em><\/strong><\/em><\/strong><\/em><\/p>\n\n\n\n<p>Las heridas de Ian inclu\u00edan pu\u00f1aladas en la <strong>espalda<\/strong>, <strong>nuca<\/strong> y <strong>rostro<\/strong>, mientras que su hermano Ivo fue atacado en la <strong>espalda<\/strong> y el <strong>pecho<\/strong>. Ambos fueron asesinados en sus respectivas habitaciones.<\/p>\n\n\n\n<p>El macabro hallazgo se produjo el <strong>22 de mayo, alrededor de las 13:30<\/strong>, cuando la <strong>empleada dom\u00e9stica<\/strong> ingres\u00f3 al departamento y encontr\u00f3 la escena del m\u00faltiple crimen.<\/p>\n\n\n\n<p class=\"has-text-align-center\"><strong><em><mark style=\"background-color:rgba(0, 0, 0, 0)\" class=\"has-inline-color has-vivid-red-color\"><a href=\"https:\/\/esreviral.com\/?p=74231\" data-type=\"link\" data-id=\"https:\/\/esreviral.com\/?p=74231\">Lea Tambi\u00e9n: Rompi\u00f3 el silencio. Psiquiatra de la mujer que mat\u00f3 a su familia, cont\u00f3 la patolog\u00eda que sufr\u00eda<\/a><\/mark><\/em><\/strong><\/p>\n\n\n\n<p class=\"has-text-align-right\"><strong><em>Con Informaci\u00f3n de LaNaci\u00f3n.-<\/em><\/strong><\/p>\n","protected":false},"excerpt":{"rendered":"<p>Las evidencias ratifican la responsabilidad de Laura Leguizam\u00f3n<\/p>\n","protected":false},"author":3,"featured_media":74504,"comment_status":"closed","ping_status":"closed","sticky":false,"template":"","format":"standard","meta":{"jnews-multi-image_gallery":[],"jnews_single_post":{"format":"standard"},"jnews_primary_category":[],"jnews_social_meta":[],"jnews_review":[],"enable_review":"","type":"","name":"","summary":"","brand":"","sku":"","good":[],"bad":[],"score_override":"","override_value":"","rating":[],"price":[],"jnews_override_counter":[],"jnews_post_split":[],"footnotes":""},"categories":[58,64],"tags":[30445,44,30444,30875,45,1900],"class_list":["post-74503","post","type-post","status-publish","format-standard","has-post-thumbnail","hentry","category-argentina","category-sucesos","tag-adrian-seltzer","tag-argentina","tag-laura-leguizamon","tag-masacre-en-villa-crespo","tag-noticias","tag-villa-crespo"],"amp_enabled":true,"_links":{"self":[{"href":"https:\/\/esreviral.com\/index.php?rest_route=\/wp\/v2\/posts\/74503"}],"collection":[{"href":"https:\/\/esreviral.com\/index.php?rest_route=\/wp\/v2\/posts"}],"about":[{"href":"https:\/\/esreviral.com\/index.php?rest_route=\/wp\/v2\/types\/post"}],"author":[{"embeddable":true,"href":"https:\/\/esreviral.com\/index.php?rest_route=\/wp\/v2\/users\/3"}],"replies":[{"embeddable":true,"href":"https:\/\/esreviral.com\/index.php?rest_route=%2Fwp%2Fv2%2Fcomments&post=74503"}],"version-history":[{"count":3,"href":"https:\/\/esreviral.com\/index.php?rest_route=\/wp\/v2\/posts\/74503\/revisions"}],"predecessor-version":[{"id":74519,"href":"https:\/\/esreviral.com\/index.php?rest_route=\/wp\/v2\/posts\/74503\/revisions\/74519"}],"wp:featuredmedia":[{"embeddable":true,"href":"https:\/\/esreviral.com\/index.php?rest_route=\/wp\/v2\/media\/74504"}],"wp:attachment":[{"href":"https:\/\/esreviral.com\/index.php?rest_route=%2Fwp%2Fv2%2Fmedia&parent=74503"}],"wp:term":[{"taxonomy":"category","embeddable":true,"href":"https:\/\/esreviral.com\/index.php?rest_route=%2Fwp%2Fv2%2Fcategories&post=74503"},{"taxonomy":"post_tag","embeddable":true,"href":"https:\/\/esreviral.com\/index.php?rest_route=%2Fwp%2Fv2%2Ftags&post=74503"}],"curies":[{"name":"wp","href":"https:\/\/api.w.org\/{rel}","templated":true}]}}