{"id":74499,"date":"2025-05-30T14:09:01","date_gmt":"2025-05-30T19:09:01","guid":{"rendered":"https:\/\/esreviral.com\/?p=74499"},"modified":"2025-05-30T14:11:50","modified_gmt":"2025-05-30T19:11:50","slug":"imitador-venezolano-de-gilberto-santa-rosa-en-colombia-fue-expulsado-del-pais","status":"publish","type":"post","link":"https:\/\/esreviral.com\/?p=74499","title":{"rendered":"Imitador Venezolano de Gilberto Santa Rosa en Colombia fue expulsado del pa\u00eds"},"content":{"rendered":"\n<p><strong>Luis Adolfo Lecuna Leal, conocido art\u00edsticamente como <em>Chino Lecuna<\/em> e identificado por el p\u00fablico como el doble de Gilberto Santa Rosa en el programa <em>Yo me llamo<\/em>,<\/strong> sorprendi\u00f3 a todos al anunciar <strong>su repentina salida del concurso.<\/strong> En un emotivo video enviado al programa, el artista declar\u00f3 que<strong> se retiraba por motivos personales y familiares, asegurando que deb\u00eda reencontrarse con su esposa, a quien no ve\u00eda desde hac\u00eda un a\u00f1o.<\/strong> La historia, cargada de sentimiento y romanticismo, conmovi\u00f3 al jurado y al p\u00fablico, especialmente tras su interpretaci\u00f3n de <em>Un amor para la historia<\/em>, con la que dedic\u00f3 su actuaci\u00f3n a su pareja, radicada en Ecuador.<\/p>\n\n\n\n<p>Sin embargo, d\u00edas despu\u00e9s, <strong>se revel\u00f3 que la salida de Lecuna no fue voluntaria. El participante fue detenido por Migraci\u00f3n Colombia, que detect\u00f3 irregularidades en los documentos con los que ingres\u00f3 al pa\u00eds.<\/strong> Seg\u00fan el comunicado oficial del organismo, no exist\u00eda ning\u00fan registro legal de su entrada a territorio colombiano y, al revisar su pasaporte, <strong>se descubri\u00f3 que los sellos presentados eran falsificados.<\/strong><\/p>\n\n\n\n<p class=\"has-text-align-center\"><strong><a href=\"https:\/\/chat.whatsapp.com\/KWkTmakY3I05kNdd2oZl6d\"><em>\u00daNETE A NUESTRO GRUPO DE WHATSAPP PARA ESTAR INFORMADO<\/em><\/a><\/strong><\/p>\n\n\n\n<p>\u201c<strong><em>La Regional Andina de Migraci\u00f3n Colombia verific\u00f3 que el ciudadano venezolano falsific\u00f3 los sellos de ingreso en su pasaporte, motivo por el cual fue expulsado del pa\u00eds y entregado a las autoridades en la frontera con Venezuela\u201d<\/em><\/strong>, detall\u00f3 la entidad en un informe.<\/p>\n\n\n\n<p>Lecuna, quien hab\u00eda ganado una s\u00f3lida base de seguidores gracias a su talento y carisma, fue uno de los favoritos del p\u00fablico desde sus primeras apariciones en el escenario. Su imitaci\u00f3n vocal y f\u00edsica del reconocido salsero puertorrique\u00f1o le permiti\u00f3 destacarse y recibir elogios del jurado compuesto por Amparo Grisales, C\u00e9sar Escola y Rey Ruiz. No obstante, el impacto de su repentina salida gener\u00f3 reacciones divididas entre los fan\u00e1ticos del programa, muchos de los cuales inicialmente creyeron en la versi\u00f3n rom\u00e1ntica de su despedida.<\/p>\n\n\n<div class=\"wp-block-image\">\n<figure class=\"aligncenter size-large\"><img decoding=\"async\" src=\"https:\/\/www.infobae.com\/resizer\/v2\/5ABZYPAV4JEDVPLUQFKEWWILGQ.jpg?auth=4395c168eb37cbc1bde08fdbbc42ca7113698d549e6b92586af39926553ba3e9&amp;smart=true&amp;width=992&amp;height=558&amp;quality=85\" alt=\"\"\/><\/figure><\/div>\n\n\n<p class=\"has-text-align-center\"><strong><em>El participante del programa \u2018Yo me llamo\u2019 fue deportado tras descubrirse la falsedad en los sellos migratorios de su documentaci\u00f3n.<\/em><\/strong><\/p>\n\n\n\n<p>En declaraciones a <em>Red+Noticias<\/em>, <strong>el imitador asegur\u00f3 que m\u00e1s adelante ofrecer\u00e1 un comunicado oficial para explicar su situaci\u00f3n legal, pero que por ahora est\u00e1 \u201c<em>ocupado en otras cosas<\/em>\u201d. <\/strong>A trav\u00e9s de sus redes sociales, reiter\u00f3 su agradecimiento al p\u00fablico colombiano y reafirm\u00f3 que su familia sigue siendo su prioridad: \u201c<strong><em>Mi esposa es un pilar firme en toda mi carrera y mi vida\u2026 Estoy para ellos todo el tiempo que Dios me lo permita\u201d,<\/em><\/strong> escribi\u00f3.<\/p>\n\n\n\n<p>Lecuna ya hab\u00eda participado en concursos similares en Venezuela y Ecuador, donde tambi\u00e9n logr\u00f3 avanzar hasta las etapas finales. Su paso por <em>Yo me llamo<\/em> no solo fue aplaudido por su calidad art\u00edstica, sino tambi\u00e9n por la aparente historia de amor que compart\u00eda con su pareja. Pero el giro de los acontecimientos transform\u00f3 una emotiva despedida en el primer <strong>caso documentado de expulsi\u00f3n por irregularidades migratorias en la historia del programa, que lleva m\u00e1s de una d\u00e9cada al aire.<\/strong><\/p>\n\n\n\n<p class=\"has-text-align-center\"><em><strong><em><strong><em><strong><em><strong><a href=\"https:\/\/t.me\/esreviral\">\u00daNETE A NUESTRO CANAL DE TELEGRAM PARA ESTAR INFORMADO<\/a><\/strong><\/em><\/strong><\/em><\/strong><\/em><\/strong><\/em><\/p>\n\n\n\n<p>En redes, la noticia caus\u00f3 sorpresa y desencaden\u00f3 un intenso debate entre los televidentes. Mientras algunos lamentaron que un artista con tanto potencial haya recurrido a medios ilegales para participar, otros manifestaron su apoyo incondicional y cuestionaron los mecanismos de control de la producci\u00f3n del programa: \u201c<strong><em>Una tristeza, excelente artista<\/em><\/strong>\u201d, \u201c<strong><em>Ten\u00eda todo para ganar<\/em><\/strong>\u201d, \u201c<strong><em>Qu\u00e9 necesidad de hacer eso\u201d<\/em><\/strong>, fueron algunos de los comentarios m\u00e1s repetidos.<\/p>\n\n\n\n<p>A pesar de la pol\u00e9mica, el legado de <em>Chino Lecuna<\/em> en el escenario de <em>Yo me llamo<\/em> qued\u00f3 marcado por la pasi\u00f3n con la que interpret\u00f3 a Gilberto Santa Rosa. Su historia, entre la emoci\u00f3n y la controversia, ser\u00e1 recordada como una de las m\u00e1s comentadas de esta temporada.<\/p>\n\n\n\n<p class=\"has-text-align-right\"><strong><em>Con Informaci\u00f3n de Infobae.-<\/em><\/strong><\/p>\n","protected":false},"excerpt":{"rendered":"<p>El cantante venezolano fue entregado a las autoridades de su pa\u00eds en la frontera con Norte de Santander, luego de que su salida del concurso, inicialmente presentada como una decisi\u00f3n personal, fuera revelada como una expulsi\u00f3n por falsificaci\u00f3n de documentos<\/p>\n","protected":false},"author":3,"featured_media":74500,"comment_status":"closed","ping_status":"closed","sticky":false,"template":"","format":"standard","meta":{"jnews-multi-image_gallery":[],"jnews_single_post":{"format":"standard"},"jnews_primary_category":[],"jnews_social_meta":[],"jnews_review":[],"enable_review":"","type":"","name":"","summary":"","brand":"","sku":"","good":[],"bad":[],"score_override":"","override_value":"","rating":[],"price":[],"jnews_override_counter":[],"jnews_post_split":[],"footnotes":""},"categories":[50,54],"tags":[30871,283,6420,30870,30873,30874,30872,6594,45,30869],"class_list":["post-74499","post","type-post","status-publish","format-standard","has-post-thumbnail","hentry","category-entretenimiento","category-inmigracion","tag-chino-lecuna","tag-colombia","tag-colombia-entretenimiento","tag-gilberto-santa-rosa","tag-imitador-de-gilberto-santa-rosa","tag-imitador-de-gilberto-santa-rosa-capturado","tag-luis-adolfo-lecuna-leal","tag-migracion-colombia","tag-noticias","tag-yo-me-llamo"],"amp_enabled":true,"_links":{"self":[{"href":"https:\/\/esreviral.com\/index.php?rest_route=\/wp\/v2\/posts\/74499"}],"collection":[{"href":"https:\/\/esreviral.com\/index.php?rest_route=\/wp\/v2\/posts"}],"about":[{"href":"https:\/\/esreviral.com\/index.php?rest_route=\/wp\/v2\/types\/post"}],"author":[{"embeddable":true,"href":"https:\/\/esreviral.com\/index.php?rest_route=\/wp\/v2\/users\/3"}],"replies":[{"embeddable":true,"href":"https:\/\/esreviral.com\/index.php?rest_route=%2Fwp%2Fv2%2Fcomments&post=74499"}],"version-history":[{"count":2,"href":"https:\/\/esreviral.com\/index.php?rest_route=\/wp\/v2\/posts\/74499\/revisions"}],"predecessor-version":[{"id":74502,"href":"https:\/\/esreviral.com\/index.php?rest_route=\/wp\/v2\/posts\/74499\/revisions\/74502"}],"wp:featuredmedia":[{"embeddable":true,"href":"https:\/\/esreviral.com\/index.php?rest_route=\/wp\/v2\/media\/74500"}],"wp:attachment":[{"href":"https:\/\/esreviral.com\/index.php?rest_route=%2Fwp%2Fv2%2Fmedia&parent=74499"}],"wp:term":[{"taxonomy":"category","embeddable":true,"href":"https:\/\/esreviral.com\/index.php?rest_route=%2Fwp%2Fv2%2Fcategories&post=74499"},{"taxonomy":"post_tag","embeddable":true,"href":"https:\/\/esreviral.com\/index.php?rest_route=%2Fwp%2Fv2%2Ftags&post=74499"}],"curies":[{"name":"wp","href":"https:\/\/api.w.org\/{rel}","templated":true}]}}