{"id":74484,"date":"2025-05-30T11:56:35","date_gmt":"2025-05-30T16:56:35","guid":{"rendered":"https:\/\/esreviral.com\/?p=74484"},"modified":"2025-05-30T11:56:36","modified_gmt":"2025-05-30T16:56:36","slug":"adios-al-parole-trump-tiene-via-libre-para-revocar-proteccion-a-migrantes","status":"publish","type":"post","link":"https:\/\/esreviral.com\/?p=74484","title":{"rendered":"\u00a1Adi\u00f3s al parole! Trump tiene v\u00eda libre para revocar protecci\u00f3n a migrantes"},"content":{"rendered":"\n<p><strong>La Corte Suprema de Estados Unidos fall\u00f3 a favor del gobierno de Donald Trump, permiti\u00e9ndole poner fin a la protecci\u00f3n legal temporal concedida a unos 532.000 migrantes provenientes de Venezuela, Cuba, Nicaragua y Hait\u00ed<\/strong>. Esta medida hab\u00eda sido implementada por la Administraci\u00f3n de Joe Biden a trav\u00e9s del denominado <strong><em>parole humanitario<\/em>.<\/strong><\/p>\n\n\n\n<p>Con siete votos a favor y dos en contra \u2014los de las magistradas liberales <strong>Sonia Sotomayor y Ketanji Brown Jackson<\/strong>\u2014, el m\u00e1ximo tribunal acept\u00f3 la solicitud de emergencia presentada por el Departamento de Seguridad Nacional.<strong> <a href=\"https:\/\/esreviral.com\/?p=71991\" data-type=\"link\" data-id=\"https:\/\/esreviral.com\/?p=71991\">La decisi\u00f3n deja sin efecto, al menos por ahora, el fallo de una jueza federal de Massachusetts, que hab\u00eda bloqueado la intenci\u00f3n del Ejecutivo de anular este mecanismo sin evaluar los casos de forma individual.<\/a><\/strong><\/p>\n\n\n\n<p>En su voto disidente, la jueza <strong>Ketanji Brown Jackson<\/strong> critic\u00f3 duramente la decisi\u00f3n: \u201c<strong><em>El tribunal literalmente ha hecho una chapuza con su dictamen hoy<\/em><\/strong>\u201d, escribi\u00f3. Adem\u00e1s, advirti\u00f3 que el fallo \u201c<strong><em>no exige pr\u00e1cticamente nada al Gobierno en cuanto a da\u00f1os irreparables y subestima las devastadoras consecuencias de permitir que el Ejecutivo trastoque precipitadamente la vida y el sustento de casi medio mill\u00f3n de personas mientras sus demandas legales a\u00fan est\u00e1n pendientes\u201d<\/em><\/strong>.<\/p>\n\n\n\n<p class=\"has-text-align-center\"><strong><a href=\"https:\/\/chat.whatsapp.com\/KWkTmakY3I05kNdd2oZl6d\"><em>\u00daNETE A NUESTRO GRUPO DE WHATSAPP PARA ESTAR INFORMADO<\/em><\/a><\/strong><\/p>\n\n\n\n<p>Brown Jackson alert\u00f3 que los beneficiarios del <em>parole<\/em> se enfrentan ahora a \u201c<strong><em>dos opciones insostenibles<\/em><\/strong>\u201d: regresar a sus pa\u00edses de origen, donde podr\u00edan estar expuestos a graves peligros \u2014como ya hab\u00eda advertido la jueza de Massachusetts\u2014, o permanecer en Estados Unidos una vez expirado su permiso, arriesg\u00e1ndose a una expulsi\u00f3n inminente y a sus consecuencias legales.<\/p>\n\n\n\n<p>Este es el segundo rev\u00e9s para los migrantes en lo que va de a\u00f1o: hace apenas diez d\u00edas, la Corte tambi\u00e9n permiti\u00f3 al expresidente Trump retirar el Estatus de Protecci\u00f3n Temporal (TPS) a unos 350.000 venezolanos.<\/p>\n\n\n\n<p>Trump, quien regres\u00f3 a la Casa Blanca con la promesa de endurecer dr\u00e1sticamente la pol\u00edtica migratoria, ha reiterado su intenci\u00f3n de llevar a cabo deportaciones masivas.<\/p>\n\n\n\n<p class=\"has-text-align-center\"><em><strong><em><strong><em><strong><em><strong><a href=\"https:\/\/t.me\/esreviral\">\u00daNETE A NUESTRO CANAL DE TELEGRAM PARA ESTAR INFORMADO<\/a><\/strong><\/em><\/strong><\/em><\/strong><\/em><\/strong><\/em><\/p>\n\n\n\n<p>El <em>parole humanitario<\/em> fue ampliado por Biden en enero de 2023 con el objetivo de ofrecer una v\u00eda legal de ingreso a ciudadanos de Venezuela, Cuba, Nicaragua y Hait\u00ed, nacionalidades que entonces lideraban los cruces irregulares en la frontera sur con M\u00e9xico.<\/p>\n\n\n\n<p class=\"has-text-align-right\"><strong><em>Con Informaci\u00f3n de ElNacional.-<\/em><\/strong><\/p>\n","protected":false},"excerpt":{"rendered":"<p>M\u00e1s de medio mill\u00f3n de personas quedan en riesgo de deportaci\u00f3n tras la decisi\u00f3n judicial que autoriza la cancelaci\u00f3n del programa de residencia y trabajo temporal<\/p>\n","protected":false},"author":3,"featured_media":74485,"comment_status":"closed","ping_status":"closed","sticky":false,"template":"","format":"standard","meta":{"jnews-multi-image_gallery":[],"jnews_single_post":{"format":"standard"},"jnews_primary_category":[],"jnews_social_meta":[],"jnews_review":[],"enable_review":"","type":"","name":"","summary":"","brand":"","sku":"","good":[],"bad":[],"score_override":"","override_value":"","rating":[],"price":[],"jnews_override_counter":[],"jnews_post_split":[],"footnotes":""},"categories":[54,88],"tags":[6903,30859,2088,136,4573,7577,30858],"class_list":["post-74484","post","type-post","status-publish","format-standard","has-post-thumbnail","hentry","category-inmigracion","category-internacionales","tag-corte-suprema","tag-corte-suprema-eeuu","tag-donald-trump","tag-estados-unidos","tag-migracion","tag-parole-humanitario","tag-parole-humanitario-para-migrantes-venezolanos"],"amp_enabled":true,"_links":{"self":[{"href":"https:\/\/esreviral.com\/index.php?rest_route=\/wp\/v2\/posts\/74484"}],"collection":[{"href":"https:\/\/esreviral.com\/index.php?rest_route=\/wp\/v2\/posts"}],"about":[{"href":"https:\/\/esreviral.com\/index.php?rest_route=\/wp\/v2\/types\/post"}],"author":[{"embeddable":true,"href":"https:\/\/esreviral.com\/index.php?rest_route=\/wp\/v2\/users\/3"}],"replies":[{"embeddable":true,"href":"https:\/\/esreviral.com\/index.php?rest_route=%2Fwp%2Fv2%2Fcomments&post=74484"}],"version-history":[{"count":1,"href":"https:\/\/esreviral.com\/index.php?rest_route=\/wp\/v2\/posts\/74484\/revisions"}],"predecessor-version":[{"id":74486,"href":"https:\/\/esreviral.com\/index.php?rest_route=\/wp\/v2\/posts\/74484\/revisions\/74486"}],"wp:featuredmedia":[{"embeddable":true,"href":"https:\/\/esreviral.com\/index.php?rest_route=\/wp\/v2\/media\/74485"}],"wp:attachment":[{"href":"https:\/\/esreviral.com\/index.php?rest_route=%2Fwp%2Fv2%2Fmedia&parent=74484"}],"wp:term":[{"taxonomy":"category","embeddable":true,"href":"https:\/\/esreviral.com\/index.php?rest_route=%2Fwp%2Fv2%2Fcategories&post=74484"},{"taxonomy":"post_tag","embeddable":true,"href":"https:\/\/esreviral.com\/index.php?rest_route=%2Fwp%2Fv2%2Ftags&post=74484"}],"curies":[{"name":"wp","href":"https:\/\/api.w.org\/{rel}","templated":true}]}}