{"id":74478,"date":"2025-05-30T10:03:24","date_gmt":"2025-05-30T15:03:24","guid":{"rendered":"https:\/\/esreviral.com\/?p=74478"},"modified":"2025-05-30T10:03:26","modified_gmt":"2025-05-30T15:03:26","slug":"la-pareja-del-gendarme-argentino-hablo-tras-salir-de-venezuela-y-lamento-volvimos-pero-no-como-queriamos","status":"publish","type":"post","link":"https:\/\/esreviral.com\/?p=74478","title":{"rendered":"La pareja del gendarme argentino habl\u00f3 tras salir de Venezuela y lament\u00f3: \u00abVolvimos, pero no como quer\u00edamos\u00bb"},"content":{"rendered":"\n<p><strong>Mar\u00eda Alexandra G\u00f3mez,<\/strong> <strong>pareja del gendarme argentino Nahuel Gallo<\/strong>,<strong> ya se encuentra en Argentina junto a su hijo de dos a\u00f1os<\/strong> de edad, V\u00edctor Benjam\u00edn. Ambos lograron salir de Venezuela el mi\u00e9rcoles gracias a una operaci\u00f3n coordinada con el Ministerio de Seguridad de la Naci\u00f3n, encabezado por<strong> Patricia Bullrich<\/strong>.<\/p>\n\n\n\n<p>Aunque ya est\u00e1 a salvo en el pa\u00eds, G\u00f3mez confes\u00f3 que <strong>no se fue en las condiciones que deseaba, ya que su esposo contin\u00faa detenido en Venezuela.<\/strong> \u201c<strong><em>V\u00edctor y yo estamos bien. Gracias a Dios y a todas las personas que estuvieron con nosotros siempre. Volvimos, pero no como quer\u00edamos, aunque s\u00ed era necesario<\/em><\/strong>\u201d, expres\u00f3 en sus redes sociales. Tambi\u00e9n asegur\u00f3 que continuar\u00e1 luchando por la libertad de Gallo.<\/p>\n\n\n\n<p>Nahuel Gallo fue arrestado el 8 de diciembre por fuerzas de seguridad venezolanas, tras cruzar un paso fronterizo terrestre desde Colombia. Seg\u00fan el gobierno de Nicol\u00e1s Maduro, el gendarme formaba parte de un supuesto grupo de 125 mercenarios extranjeros que planeaban atentar contra la vida de la vicepresidenta Delcy Rodr\u00edguez. Caracas incluso acus\u00f3 al gobierno de Javier Milei de estar involucrado en ese presunto complot.<\/p>\n\n\n\n<p class=\"has-text-align-center\"><strong><a href=\"https:\/\/chat.whatsapp.com\/KWkTmakY3I05kNdd2oZl6d\"><em>\u00daNETE A NUESTRO GRUPO DE WHATSAPP PARA ESTAR INFORMADO<\/em><\/a><\/strong><\/p>\n\n\n\n<blockquote class=\"twitter-tweet\"><p lang=\"es\" dir=\"ltr\">V\u00edctor y Yo estamos bien. Gracias a Dios y a todas las personas que estuvieron con nosotros siempre. <br><br>Volvimos, pero no como quer\u00edamos, pero si era necesario. <br><br>Seguir\u00e9 luchando a\u00fan m\u00e1s por LIBERTAD DE NAHUEL. <br><br>HASTA QUE NAHUEL VUELVA A CASA \ud83c\udde6\ud83c\uddf7<\/p>&mdash; Maria alexandra Gomez (@gg_alexand95764) <a href=\"https:\/\/twitter.com\/gg_alexand95764\/status\/1928218159560978820?ref_src=twsrc%5Etfw\">May 29, 2025<\/a><\/blockquote> <script async src=\"https:\/\/platform.twitter.com\/widgets.js\" charset=\"utf-8\"><\/script>\n\n\n\n<p><\/p>\n\n\n\n<p><strong>Desde el inicio del caso, Argentina ha rechazado las acusaciones, calific\u00e1ndolas de \u201cfalsas e infundadas\u201d.<\/strong> La Canciller\u00eda exigi\u00f3 nuevamente la semana pasada la liberaci\u00f3n inmediata de Gallo y ratific\u00f3 su compromiso con la defensa de los derechos humanos. \u201c<em><strong>Continuaremos impulsando todas las acciones necesarias para asegurar que estos cr\u00edmenes no queden impunes y que todos sus responsables enfrenten la justicia internacional con todo el peso de la ley<\/strong><\/em>\u201d, se\u00f1al\u00f3 el comunicado oficial.<\/p>\n\n\n\n<p>El vocero presidencial, Manuel Adorni, confirm\u00f3 este jueves la llegada de G\u00f3mez y su hijo al pa\u00eds. \u201c<strong><em>Fueron recibidos por Gendarmer\u00eda Nacional y por la ministra Bullrich. Est\u00e1n en buen estado de salud, pero no podemos brindar m\u00e1s detalles por tratarse de un tema de seguridad nacional<\/em><\/strong>\u201d, explic\u00f3 en conferencia de prensa desde Casa Rosada.<\/p>\n\n\n\n<p class=\"has-text-align-center\"><em><strong><em><strong><em><strong><em><strong><a href=\"https:\/\/t.me\/esreviral\">\u00daNETE A NUESTRO CANAL DE TELEGRAM PARA ESTAR INFORMADO<\/a><\/strong><\/em><\/strong><\/em><\/strong><\/em><\/strong><\/em><\/p>\n\n\n\n<p><strong><em>\u201cHasta que vuelva a casa<\/em><\/strong>\u201d, escribi\u00f3 G\u00f3mez en sus redes, reafirmando su compromiso con la liberaci\u00f3n de su esposo.<\/p>\n\n\n\n<p class=\"has-text-align-right\"><strong><em>Con Informaci\u00f3n de ElNacional.-<\/em><\/strong><\/p>\n","protected":false},"excerpt":{"rendered":"<p>La mujer y su peque\u00f1o hijo de 2 a\u00f1os de edad, V\u00edctor, lograron salir del pa\u00eds el mi\u00e9rcoles, gracias a una operaci\u00f3n gestionada en coordinaci\u00f3n con el Ministerio de Seguridad Nacional argentino, encabezado por Patricia Bullrich<\/p>\n","protected":false},"author":3,"featured_media":74479,"comment_status":"closed","ping_status":"closed","sticky":false,"template":"","format":"standard","meta":{"jnews-multi-image_gallery":[],"jnews_single_post":{"format":"standard"},"jnews_primary_category":[],"jnews_social_meta":[],"jnews_review":[],"enable_review":"","type":"","name":"","summary":"","brand":"","sku":"","good":[],"bad":[],"score_override":"","override_value":"","rating":[],"price":[],"jnews_override_counter":[],"jnews_post_split":[],"footnotes":""},"categories":[43],"tags":[44,30852,21667,1068,45,391,56],"class_list":["post-74478","post","type-post","status-publish","format-standard","has-post-thumbnail","hentry","category-actualidad","tag-argentina","tag-maria-alexandra-gomez","tag-nahuel-gallo","tag-nicolas-maduro","tag-noticias","tag-patricia-bullrich","tag-venezuela"],"amp_enabled":true,"_links":{"self":[{"href":"https:\/\/esreviral.com\/index.php?rest_route=\/wp\/v2\/posts\/74478"}],"collection":[{"href":"https:\/\/esreviral.com\/index.php?rest_route=\/wp\/v2\/posts"}],"about":[{"href":"https:\/\/esreviral.com\/index.php?rest_route=\/wp\/v2\/types\/post"}],"author":[{"embeddable":true,"href":"https:\/\/esreviral.com\/index.php?rest_route=\/wp\/v2\/users\/3"}],"replies":[{"embeddable":true,"href":"https:\/\/esreviral.com\/index.php?rest_route=%2Fwp%2Fv2%2Fcomments&post=74478"}],"version-history":[{"count":1,"href":"https:\/\/esreviral.com\/index.php?rest_route=\/wp\/v2\/posts\/74478\/revisions"}],"predecessor-version":[{"id":74480,"href":"https:\/\/esreviral.com\/index.php?rest_route=\/wp\/v2\/posts\/74478\/revisions\/74480"}],"wp:featuredmedia":[{"embeddable":true,"href":"https:\/\/esreviral.com\/index.php?rest_route=\/wp\/v2\/media\/74479"}],"wp:attachment":[{"href":"https:\/\/esreviral.com\/index.php?rest_route=%2Fwp%2Fv2%2Fmedia&parent=74478"}],"wp:term":[{"taxonomy":"category","embeddable":true,"href":"https:\/\/esreviral.com\/index.php?rest_route=%2Fwp%2Fv2%2Fcategories&post=74478"},{"taxonomy":"post_tag","embeddable":true,"href":"https:\/\/esreviral.com\/index.php?rest_route=%2Fwp%2Fv2%2Ftags&post=74478"}],"curies":[{"name":"wp","href":"https:\/\/api.w.org\/{rel}","templated":true}]}}