{"id":74407,"date":"2025-05-29T10:06:04","date_gmt":"2025-05-29T15:06:04","guid":{"rendered":"https:\/\/esreviral.com\/?p=74407"},"modified":"2025-05-29T10:42:46","modified_gmt":"2025-05-29T15:42:46","slug":"servicio-militar-voluntario-para-jovenes-en-que-consiste-y-quienes-pueden-inscribirse","status":"publish","type":"post","link":"https:\/\/esreviral.com\/?p=74407","title":{"rendered":"Servicio Militar Voluntario para j\u00f3venes: En qu\u00e9 consiste y qui\u00e9nes pueden inscribirse"},"content":{"rendered":"\n<p>El vocero presidencial, Manuel Adorni, anunci\u00f3 este jueves que el Gobierno pondr\u00e1 en marcha un nuevo Servicio Militar Voluntario destinado a j\u00f3venes de entre 18 y 28 a\u00f1os que \u201cdeseen servir a la Naci\u00f3n\u201d. Seg\u00fan explic\u00f3, los inscriptos recibir\u00e1n formaci\u00f3n en oficios espec\u00edficos y podr\u00e1n completar su educaci\u00f3n obligatoria.<\/p>\n\n\n\n<p>Durante una conferencia de prensa en Casa Rosada, Adorni precis\u00f3 que la iniciativa estar\u00e1 a cargo del Ministerio de Defensa en articulaci\u00f3n con el Ministerio de Capital Humano. El objetivo principal ser\u00e1 \u201cinculcar en los j\u00f3venes argentinos los altos valores que siempre caracterizaron a las Fuerzas Armadas: el esfuerzo, el valor, la disciplina y el amor a la Naci\u00f3n\u201d.<\/p>\n\n\n\n<p>Adem\u00e1s, detall\u00f3 que el programa brindar\u00e1 certificaciones en oficios concretos como cocina, mec\u00e1nica o vigilancia. \u00abSer\u00e1 para quienes sientan el fuego sagrado de representar a las fuerzas y servir a la patria\u00bb, expres\u00f3 el vocero.<\/p>\n\n\n\n<p class=\"has-text-align-center\"><strong><a href=\"https:\/\/chat.whatsapp.com\/KWkTmakY3I05kNdd2oZl6d\"><em>\u00daNETE A NUESTRO GRUPO DE WHATSAPP PARA ESTAR INFORMADO<\/em><\/a><\/strong><\/p>\n\n\n\n<p>La propuesta no es obligatoria, y surge del trabajo conjunto que desde principios de a\u00f1o vienen realizando los ministros Luis Petri (Defensa) y Sandra Pettovello (Capital Humano), con el fin de modernizar y mejorar el esquema del Servicio Militar Voluntario.<\/p>\n\n\n\n<p>En ese sentido, Petri public\u00f3 en su cuenta de X:<\/p>\n\n\n\n<blockquote class=\"wp-block-quote is-layout-flow wp-block-quote-is-layout-flow\">\n<p>\u201cEn el Gobierno del presidente Javier Milei trabajamos en el presente de los j\u00f3venes para mejorar su futuro. Desde el Ministerio de Defensa mejoraremos el Servicio Militar Voluntario con una instrucci\u00f3n integral moderna y, junto con la ministra Pettovello, brindaremos todas las posibilidades para la terminalidad educativa de nuestros soldados\u201d.<\/p>\n<\/blockquote>\n\n\n\n<p><strong><mark style=\"background-color:rgba(0, 0, 0, 0)\" class=\"has-inline-color has-vivid-red-color\">El antecedente: el regreso del Servicio C\u00edvico para j\u00f3venes que no estudian ni trabajan<\/mark><\/strong><\/p>\n\n\n\n<p>Esta iniciativa se suma al relanzamiento del Servicio C\u00edvico anunciado por la ministra de Seguridad, Patricia Bullrich, en diciembre pasado. El programa, que tambi\u00e9n es voluntario, est\u00e1 destinado a j\u00f3venes de entre 18 y 24 a\u00f1os que no estudian ni trabajan, y ofrece formaci\u00f3n en valores, disciplina y herramientas para la inserci\u00f3n educativa y laboral.<\/p>\n\n\n\n<p><\/p>\n\n\n\n<p class=\"has-text-align-center\"><em><strong><em><strong><em><strong><em><strong><a href=\"https:\/\/t.me\/esreviral\">\u00daNETE A NUESTRO CANAL DE TELEGRAM PARA ESTAR INFORMADO<\/a><\/strong><\/em><\/strong><\/em><\/strong><\/em><\/strong><\/em><\/p>\n\n\n\n<p>Bullrich comunic\u00f3 en redes:<\/p>\n\n\n\n<blockquote class=\"wp-block-quote is-layout-flow wp-block-quote-is-layout-flow\">\n<p>\u201cVuelve el Servicio C\u00edvico en m\u00e1s de 11 ciudades del pa\u00eds. Vamos a sacar a los j\u00f3venes de las calles y alejarlos del delito y la droga. A todos los j\u00f3venes de 18 a 24 a\u00f1os que no trabajan ni estudian, los vamos a convocar para brindarles formaci\u00f3n en disciplina, respeto y valores\u201d.<\/p>\n<\/blockquote>\n\n\n\n<p>Por su parte, Pettovello explic\u00f3:<\/p>\n\n\n\n<blockquote class=\"wp-block-quote is-layout-flow wp-block-quote-is-layout-flow\">\n<p>\u201cEste programa ofrece talleres que culminan con certificaciones reconocidas, brindando herramientas para la inserci\u00f3n laboral o la finalizaci\u00f3n de estudios. Los participantes ser\u00e1n convocados priorizando su cercan\u00eda a las sedes del Ministerio de Seguridad, y se los orientar\u00e1 hacia oportunidades concretas una vez finalizada la capacitaci\u00f3n\u201d.<\/p>\n<\/blockquote>\n\n\n\n<p class=\"has-text-align-center\"><\/p>\n","protected":false},"excerpt":{"rendered":"<p>Lo dijo el vocero presidencial Manuel Adorni durante una conferencia de prensa en la Casa Rosada.<\/p>\n","protected":false},"author":3,"featured_media":74408,"comment_status":"closed","ping_status":"closed","sticky":false,"template":"","format":"standard","meta":{"jnews-multi-image_gallery":[],"jnews_single_post":{"format":"standard"},"jnews_primary_category":[],"jnews_social_meta":[],"jnews_review":[],"enable_review":"","type":"","name":"","summary":"","brand":"","sku":"","good":[],"bad":[],"score_override":"","override_value":"","rating":[],"price":[],"jnews_override_counter":[],"jnews_post_split":[],"footnotes":""},"categories":[58,59],"tags":[44,12936,45,30781],"class_list":["post-74407","post","type-post","status-publish","format-standard","has-post-thumbnail","hentry","category-argentina","category-politica","tag-argentina","tag-manuel-adorni","tag-noticias","tag-servicio-militar-voluntario"],"amp_enabled":true,"_links":{"self":[{"href":"https:\/\/esreviral.com\/index.php?rest_route=\/wp\/v2\/posts\/74407"}],"collection":[{"href":"https:\/\/esreviral.com\/index.php?rest_route=\/wp\/v2\/posts"}],"about":[{"href":"https:\/\/esreviral.com\/index.php?rest_route=\/wp\/v2\/types\/post"}],"author":[{"embeddable":true,"href":"https:\/\/esreviral.com\/index.php?rest_route=\/wp\/v2\/users\/3"}],"replies":[{"embeddable":true,"href":"https:\/\/esreviral.com\/index.php?rest_route=%2Fwp%2Fv2%2Fcomments&post=74407"}],"version-history":[{"count":2,"href":"https:\/\/esreviral.com\/index.php?rest_route=\/wp\/v2\/posts\/74407\/revisions"}],"predecessor-version":[{"id":74411,"href":"https:\/\/esreviral.com\/index.php?rest_route=\/wp\/v2\/posts\/74407\/revisions\/74411"}],"wp:featuredmedia":[{"embeddable":true,"href":"https:\/\/esreviral.com\/index.php?rest_route=\/wp\/v2\/media\/74408"}],"wp:attachment":[{"href":"https:\/\/esreviral.com\/index.php?rest_route=%2Fwp%2Fv2%2Fmedia&parent=74407"}],"wp:term":[{"taxonomy":"category","embeddable":true,"href":"https:\/\/esreviral.com\/index.php?rest_route=%2Fwp%2Fv2%2Fcategories&post=74407"},{"taxonomy":"post_tag","embeddable":true,"href":"https:\/\/esreviral.com\/index.php?rest_route=%2Fwp%2Fv2%2Ftags&post=74407"}],"curies":[{"name":"wp","href":"https:\/\/api.w.org\/{rel}","templated":true}]}}