{"id":7436,"date":"2021-06-10T18:51:10","date_gmt":"2021-06-10T21:51:10","guid":{"rendered":"http:\/\/esreviral.com\/?p=7436"},"modified":"2021-06-10T18:51:10","modified_gmt":"2021-06-10T21:51:10","slug":"lamentable-murio-un-actor-de-la-casa-de-papel-mira-de-quien-se-trata","status":"publish","type":"post","link":"https:\/\/esreviral.com\/?p=7436","title":{"rendered":"Lamentable: Muri\u00f3 un actor de La Casa de Papel, mira de qui\u00e9n se trata"},"content":{"rendered":"\n<p>A pocos d\u00edas de anunciarse la fecha de estreno de la quinta temporada de\u00a0<strong><a href=\"https:\/\/esreviral.com\/2021\/05\/25\/la-casa-de-papel-regresa-y-en-dos-partes\/\">La casa de papel,<\/a><\/strong>\u00a0se dio a conocer una mala noticia. El actor <strong>Oscar S\u00e1nchez Zafra,<\/strong>\u00a0quien interpret\u00f3 el papel de Paco, el padre de R\u00edo en la exitosa serie de\u00a0<strong>Netflix,\u00a0<\/strong>muri\u00f3 a los 52 a\u00f1os de edad, seg\u00fan inform\u00f3 la Compa\u00f1\u00eda Nacional de Teatro Cl\u00e1sico (CNTC) en su cuenta de Twitter, como as\u00ed tambi\u00e9n la Uni\u00f3n de Actores y Actrices.<\/p>\n\n\n\n<p><strong>\u201cLamentamos enormemente la terrible p\u00e9rdida del actor\u00a0Oscar S\u00e1nchez Zafra, durante varios a\u00f1os muy vinculado a la CNTC en montajes como La vida es sue\u00f1o, La verdad sospechosa o El perro del hortelano. Nunca te olvidaremos \u00d3scar\u201d,\u00a0<\/strong>escribieron en las redes sociales desde la CNTC sin dar precisiones sobre los motivos de su muerte.<\/p>\n\n\n\n<figure class=\"wp-block-image size-large\"><img decoding=\"async\" src=\"https:\/\/radiomitre-la100-prod.cdn.arcpublishing.com\/resizer\/sfyIhry0bF1O9gCqSQ_4pO5zMVM=\/1200x600\/smart\/cloudfront-us-east-1.images.arcpublishing.com\/radiomitre\/IUDO2YV4CBBBHEC6AJR7NPRN74.jpg\" alt=\"\"\/><\/figure>\n\n\n\n<p>El actor se hizo conocido principalmente por su participaci\u00f3n en la popular franquicia de horror espa\u00f1ola\u00a0Rec,\u00a0donde le dio vida a Jefe en la segunda entrega de la saga. <\/p>\n\n\n\n<p>Adem\u00e1s, ya ten\u00eda una importante carrera noventera gracias a su participaci\u00f3n en la serie\u00a0Querido Maestro.El actor de\u00a0La Casa de Papel<em>,\u00a0<\/em><strong>Oscar S\u00e1nchez<\/strong><em>,\u00a0<\/em>pronto estrenar\u00eda su \u00faltimo trabajo que alcanz\u00f3 a completar. Se trata de la pel\u00edculaOperation Mincemeat,una historia sobre la Segunda Guerra Mundial, que se lanzar\u00e1 en 2022 y lo ver\u00e1 compartiendo escena con Colin Flirth.<\/p>\n\n\n\n<p class=\"has-text-align-right\"><strong><em>La Cien.-<\/em><\/strong><\/p>\n","protected":false},"excerpt":{"rendered":"<p>A pocos d\u00edas de anunciarse la fecha de estreno de la quinta temporada de\u00a0La casa de papel,\u00a0se dio a conocer una mala noticia. El actor Oscar S\u00e1nchez Zafra,\u00a0quien interpret\u00f3 el papel de Paco, el padre de R\u00edo en la exitosa serie de\u00a0Netflix,\u00a0muri\u00f3 a los 52 a\u00f1os de edad, seg\u00fan inform\u00f3 la Compa\u00f1\u00eda Nacional de Teatro [&hellip;]<\/p>\n","protected":false},"author":2,"featured_media":7437,"comment_status":"open","ping_status":"open","sticky":false,"template":"","format":"standard","meta":{"jnews-multi-image_gallery":[],"jnews_single_post":[],"jnews_primary_category":[],"jnews_social_meta":[],"jnews_review":[],"enable_review":"","type":"","name":"","summary":"","brand":"","sku":"","good":[],"bad":[],"score_override":"","override_value":"","rating":[],"price":[],"jnews_override_counter":[],"jnews_post_split":[],"footnotes":""},"categories":[50],"tags":[385,45],"class_list":["post-7436","post","type-post","status-publish","format-standard","has-post-thumbnail","hentry","category-entretenimiento","tag-la-casa-de-papel","tag-noticias"],"amp_enabled":true,"_links":{"self":[{"href":"https:\/\/esreviral.com\/index.php?rest_route=\/wp\/v2\/posts\/7436"}],"collection":[{"href":"https:\/\/esreviral.com\/index.php?rest_route=\/wp\/v2\/posts"}],"about":[{"href":"https:\/\/esreviral.com\/index.php?rest_route=\/wp\/v2\/types\/post"}],"author":[{"embeddable":true,"href":"https:\/\/esreviral.com\/index.php?rest_route=\/wp\/v2\/users\/2"}],"replies":[{"embeddable":true,"href":"https:\/\/esreviral.com\/index.php?rest_route=%2Fwp%2Fv2%2Fcomments&post=7436"}],"version-history":[{"count":0,"href":"https:\/\/esreviral.com\/index.php?rest_route=\/wp\/v2\/posts\/7436\/revisions"}],"wp:featuredmedia":[{"embeddable":true,"href":"https:\/\/esreviral.com\/index.php?rest_route=\/"}],"wp:attachment":[{"href":"https:\/\/esreviral.com\/index.php?rest_route=%2Fwp%2Fv2%2Fmedia&parent=7436"}],"wp:term":[{"taxonomy":"category","embeddable":true,"href":"https:\/\/esreviral.com\/index.php?rest_route=%2Fwp%2Fv2%2Fcategories&post=7436"},{"taxonomy":"post_tag","embeddable":true,"href":"https:\/\/esreviral.com\/index.php?rest_route=%2Fwp%2Fv2%2Ftags&post=7436"}],"curies":[{"name":"wp","href":"https:\/\/api.w.org\/{rel}","templated":true}]}}