{"id":74267,"date":"2025-05-27T08:39:23","date_gmt":"2025-05-27T13:39:23","guid":{"rendered":"https:\/\/esreviral.com\/?p=74267"},"modified":"2025-05-27T08:39:24","modified_gmt":"2025-05-27T13:39:24","slug":"leon-xiv-hace-su-primer-nombramiento-para-venezuela","status":"publish","type":"post","link":"https:\/\/esreviral.com\/?p=74267","title":{"rendered":"Le\u00f3n XIV hace su primer nombramiento para Venezuela"},"content":{"rendered":"\n<p><strong>El Papa Le\u00f3n XIV anunci\u00f3 este martes el nombramiento del presb\u00edtero Alexander Rivera Vielma, actual Vicario General de la Arquidi\u00f3cesis de M\u00e9rida, como el nuevo obispo de la di\u00f3cesis de San Carlos.<\/strong> Se convierte as\u00ed en el quinto pastor en la historia de esta jurisdicci\u00f3n eclesi\u00e1stica, que celebra 53 a\u00f1os de labor pastoral.<\/p>\n\n\n\n<p>Nacido en M\u00e9rida el 6 de marzo de 1974,<strong> Rivera Vielma <\/strong>fue ordenado sacerdote el 19 de septiembre de 1998 e inici\u00f3 su ministerio en la Arquidi\u00f3cesis de M\u00e9rida, donde ha desempe\u00f1ado m\u00faltiples funciones pastorales, acad\u00e9micas y administrativas, con un compromiso constante con el servicio a la Iglesia.<\/p>\n\n\n\n<p class=\"has-text-align-center\"><em><strong><em><strong><em><strong><em><strong><a href=\"https:\/\/t.me\/esreviral\">\u00daNETE A NUESTRO CANAL DE TELEGRAM PARA ESTAR INFORMADO<\/a><\/strong><\/em><\/strong><\/em><\/strong><\/em><\/strong><\/em><\/p>\n\n\n<div class=\"wp-block-image\">\n<figure class=\"aligncenter size-large\"><img decoding=\"async\" src=\"https:\/\/media.diarioversionfinal.com\/wp-content\/uploads\/2025\/05\/Alexander-Rivera-Vielma.webp\" alt=\"\"\/><\/figure><\/div>\n\n\n<p class=\"has-text-align-center\"><em><strong>Pbro. Alexander Rivera Vielma<\/strong><\/em>.<\/p>\n\n\n\n<p>Entre sus primeras asignaciones, fue p\u00e1rroco de las comunidades de Santa Luc\u00eda de Mucuch\u00edes, Santa Luc\u00eda de Pi\u00f1ango e Inmaculada Concepci\u00f3n de Mucurub\u00e1 en 1999, y luego de Santa B\u00e1rbara de Guaraque en 2000.<\/p>\n\n\n\n<p>En 2004 obtuvo la Licenciatura en Derecho Can\u00f3nico con distinci\u00f3n <em>Summa cum Laude<\/em> en la Pontificia Universidad Lateranense de Roma, donde adem\u00e1s perfeccion\u00f3 sus conocimientos en italiano y lat\u00edn, fortaleciendo su formaci\u00f3n teol\u00f3gica y jur\u00eddica.<\/p>\n\n\n\n<p>A su regreso a Venezuela ese mismo a\u00f1o, integr\u00f3 el equipo formador del Seminario Mayor San Buenaventura, fue juez del Tribunal Eclesi\u00e1stico Arquidiocesano, rector del seminario y p\u00e1rroco de la Parroquia Universitaria Jes\u00fas Maestro, en el sector La Hechicera de M\u00e9rida.<\/p>\n\n\n\n<p>Desde 2018 se desempe\u00f1a como Vicario General de la Arquidi\u00f3cesis de M\u00e9rida, cargo que ha puesto de manifiesto su liderazgo y capacidad de gesti\u00f3n pastoral.<\/p>\n\n\n\n<p class=\"has-text-align-center\"><strong><a href=\"https:\/\/chat.whatsapp.com\/KWkTmakY3I05kNdd2oZl6d\"><em>\u00daNETE A NUESTRO GRUPO DE WHATSAPP PARA ESTAR INFORMADO<\/em><\/a><\/strong><\/p>\n","protected":false},"excerpt":{"rendered":"<p>El pbro. Alexander Rivera Vielma, es el actual vicario General de la Arquidi\u00f3cesis de M\u00e9rida. Ahora, asumir\u00e1 como el quinto Obispo de la di\u00f3cesis de San Carlos. Este nombramiento marca un hito significativo para la di\u00f3cesis, que celebra 53 a\u00f1os de historia pastoral<\/p>\n","protected":false},"author":3,"featured_media":74268,"comment_status":"closed","ping_status":"closed","sticky":false,"template":"","format":"standard","meta":{"jnews-multi-image_gallery":[],"jnews_single_post":{"format":"standard"},"jnews_primary_category":[],"jnews_social_meta":[],"jnews_review":[],"enable_review":"","type":"","name":"","summary":"","brand":"","sku":"","good":[],"bad":[],"score_override":"","override_value":"","rating":[],"price":[],"jnews_override_counter":[],"jnews_post_split":[],"footnotes":""},"categories":[88],"tags":[30685,29763,45,30686,30684],"class_list":["post-74267","post","type-post","status-publish","format-standard","has-post-thumbnail","hentry","category-internacionales","tag-alexander-rivera-vielma","tag-leon-xiv","tag-noticias","tag-obispo-de-san-carlos","tag-primer-nombramiento"],"amp_enabled":true,"_links":{"self":[{"href":"https:\/\/esreviral.com\/index.php?rest_route=\/wp\/v2\/posts\/74267"}],"collection":[{"href":"https:\/\/esreviral.com\/index.php?rest_route=\/wp\/v2\/posts"}],"about":[{"href":"https:\/\/esreviral.com\/index.php?rest_route=\/wp\/v2\/types\/post"}],"author":[{"embeddable":true,"href":"https:\/\/esreviral.com\/index.php?rest_route=\/wp\/v2\/users\/3"}],"replies":[{"embeddable":true,"href":"https:\/\/esreviral.com\/index.php?rest_route=%2Fwp%2Fv2%2Fcomments&post=74267"}],"version-history":[{"count":1,"href":"https:\/\/esreviral.com\/index.php?rest_route=\/wp\/v2\/posts\/74267\/revisions"}],"predecessor-version":[{"id":74269,"href":"https:\/\/esreviral.com\/index.php?rest_route=\/wp\/v2\/posts\/74267\/revisions\/74269"}],"wp:featuredmedia":[{"embeddable":true,"href":"https:\/\/esreviral.com\/index.php?rest_route=\/wp\/v2\/media\/74268"}],"wp:attachment":[{"href":"https:\/\/esreviral.com\/index.php?rest_route=%2Fwp%2Fv2%2Fmedia&parent=74267"}],"wp:term":[{"taxonomy":"category","embeddable":true,"href":"https:\/\/esreviral.com\/index.php?rest_route=%2Fwp%2Fv2%2Fcategories&post=74267"},{"taxonomy":"post_tag","embeddable":true,"href":"https:\/\/esreviral.com\/index.php?rest_route=%2Fwp%2Fv2%2Ftags&post=74267"}],"curies":[{"name":"wp","href":"https:\/\/api.w.org\/{rel}","templated":true}]}}