{"id":74257,"date":"2025-05-27T07:28:45","date_gmt":"2025-05-27T12:28:45","guid":{"rendered":"https:\/\/esreviral.com\/?p=74257"},"modified":"2025-05-27T07:55:55","modified_gmt":"2025-05-27T12:55:55","slug":"el-gobierno-anuncio-una-reforma-del-sistema-sanitario-y-confirmo-la-salida-de-la-oms","status":"publish","type":"post","link":"https:\/\/esreviral.com\/?p=74257","title":{"rendered":"Argentina abandon\u00f3 la OMS y proyecta una transformaci\u00f3n profunda del sistema de salud"},"content":{"rendered":"\n<p><strong><em>KQA.-<\/em><\/strong> <strong>El Ministerio de Salud de la Naci\u00f3n<\/strong> anunci\u00f3 una serie de medidas que <strong>marcan un cambio de rumbo en el sistema sanitario argentino<\/strong>, con el objetivo de dejar atr\u00e1s un modelo enfocado en reparar enfermedades <strong>para avanzar hacia uno preventivo, basado en evidencia cient\u00edfica y con mayor transparencia.<\/strong><\/p>\n\n\n\n<p>Durante la visita oficial del<strong> Secretario de Salud y Servicios Humanos de Estados Unidos, Robert F. Kennedy Jr.<\/strong>, <strong>el titular de la cartera sanitaria, Mario Lugones<\/strong>, present\u00f3 una agenda integral que incluye la revisi\u00f3n del uso de aditivos alimentarios, medicamentos de aprobaci\u00f3n r\u00e1pida y el funcionamiento de los entes nacionales de salud.<\/p>\n\n\n\n<h3 class=\"wp-block-heading\"><strong><mark style=\"background-color:rgba(0, 0, 0, 0)\" class=\"has-inline-color has-vivid-red-color\">Alimentos: hacia una alimentaci\u00f3n m\u00e1s segura<\/mark><\/strong><\/h3>\n\n\n\n<p>El Gobierno busca restringir el uso de aditivos sint\u00e9ticos potencialmente peligrosos en productos alimentarios, especialmente aquellos dirigidos al consumo infantil. Tambi\u00e9n se cuestionar\u00e1 el uso de ciertos ingredientes vinculados al aumento de enfermedades cr\u00f3nicas. \u201c<strong><em>Comer bien debe ser una elecci\u00f3n informada<\/em><\/strong>\u201d, afirmaron desde el Ministerio.<\/p>\n\n\n\n<h3 class=\"wp-block-heading\"><strong><mark style=\"background-color:rgba(0, 0, 0, 0)\" class=\"has-inline-color has-vivid-red-color\">Medicamentos: revisi\u00f3n del fast-track<\/mark><\/strong><\/h3>\n\n\n\n<p>Se pondr\u00e1 en debate el sistema de autorizaciones r\u00e1pidas para medicamentos de alto costo, en particular aquellos destinados a enfermedades poco frecuentes. El objetivo es evitar decisiones apresuradas sin evidencia s\u00f3lida, garantizando la seguridad del paciente y la sostenibilidad del sistema.<\/p>\n\n\n\n<p class=\"has-text-align-center\"><strong><a href=\"https:\/\/chat.whatsapp.com\/KWkTmakY3I05kNdd2oZl6d\"><em>\u00daNETE A NUESTRO GRUPO DE WHATSAPP PARA ESTAR INFORMADO<\/em><\/a><\/strong><\/p>\n\n\n\n<blockquote class=\"twitter-tweet\"><p lang=\"es\" dir=\"ltr\">\ud83c\udde6\ud83c\uddf7 | El ministerio de Salud de Argentina ratific\u00f3 la postura de retirarse de la Organizaci\u00f3n Mundial de la Salud y decret\u00f3 un &quot;principio de endurecimiento&quot; para los procesos de revisi\u00f3n y control de vacunas. <a href=\"https:\/\/t.co\/5MDuQNKGrh\">pic.twitter.com\/5MDuQNKGrh<\/a><\/p>&mdash; ES RE VIRAL (@esreviral) <a href=\"https:\/\/twitter.com\/esreviral\/status\/1927177669285732842?ref_src=twsrc%5Etfw\">May 27, 2025<\/a><\/blockquote> <script async src=\"https:\/\/platform.twitter.com\/widgets.js\" charset=\"utf-8\"><\/script>\n\n\n\n<h3 class=\"wp-block-heading\"><strong><mark style=\"background-color:rgba(0, 0, 0, 0)\" class=\"has-inline-color has-vivid-red-color\">Vacunas: m\u00e1s evidencia, m\u00e1s confianza<\/mark><\/strong><\/h3>\n\n\n\n<p>El Ministerio reforzar\u00e1 los procesos de fabricaci\u00f3n, aprobaci\u00f3n y control de vacunas. Las nuevas pol\u00edticas exigir\u00e1n estudios cl\u00ednicos rigurosos con grupos placebo, como se hace con otros medicamentos. Adem\u00e1s, se ratifica el compromiso con campa\u00f1as de vacunaci\u00f3n seguras como la del sarampi\u00f3n.<\/p>\n\n\n\n<h3 class=\"wp-block-heading\"><strong><mark style=\"background-color:rgba(0, 0, 0, 0)\" class=\"has-inline-color has-vivid-red-color\">Revisi\u00f3n de entes nacionales de salud<\/mark><\/strong><\/h3>\n\n\n\n<p>Habr\u00e1 una reforma estructural de los organismos nacionales de salud para eliminar superposiciones, normas obsoletas y falta de trazabilidad. El objetivo es modernizar y transparentar la gesti\u00f3n, enfoc\u00e1ndola en la salud de las personas y no en la burocracia.<\/p>\n\n\n\n<h3 class=\"wp-block-heading\"><strong><mark style=\"background-color:rgba(0, 0, 0, 0)\" class=\"has-inline-color has-vivid-red-color\">Salida de la OMS<\/mark><\/strong><\/h3>\n\n\n\n<p>Argentina reafirm\u00f3 su decisi\u00f3n de retirarse de la Organizaci\u00f3n Mundial de la Salud (OMS), al considerar que sus recomendaciones no se basan en evidencia cient\u00edfica, sino en intereses pol\u00edticos y estructuras burocr\u00e1ticas. El Ministerio inst\u00f3 a la comunidad internacional a repensar el rol de los organismos supranacionales.<\/p>\n\n\n\n<p class=\"has-text-align-center\"><em><strong><em><strong><em><strong><em><strong><a href=\"https:\/\/t.me\/esreviral\">\u00daNETE A NUESTRO CANAL DE TELEGRAM PARA ESTAR INFORMADO<\/a><\/strong><\/em><\/strong><\/em><\/strong><\/em><\/strong><\/em><\/p>\n","protected":false},"excerpt":{"rendered":"<p>Tras un encuentro con el secretario de Salud de EE.UU., el ministro Mario Lugones ratific\u00f3 el alejamiento del pa\u00eds de la Organizaci\u00f3n Mundial de la Salud. Habr\u00e1 una reestructuraci\u00f3n profunda de los organismos sanitarios nacionales.<\/p>\n","protected":false},"author":3,"featured_media":74258,"comment_status":"closed","ping_status":"closed","sticky":false,"template":"","format":"standard","meta":{"jnews-multi-image_gallery":[],"jnews_single_post":{"format":"standard"},"jnews_primary_category":[],"jnews_social_meta":[],"jnews_review":[],"enable_review":"","type":"","name":"","summary":"","brand":"","sku":"","good":[],"bad":[],"score_override":"","override_value":"","rating":[],"price":[],"jnews_override_counter":[],"jnews_post_split":[],"footnotes":""},"categories":[58,59],"tags":[44,30681,18995,45,1162,30682,27150],"class_list":["post-74257","post","type-post","status-publish","format-standard","has-post-thumbnail","hentry","category-argentina","category-politica","tag-argentina","tag-argentina-se-retira-de-la-oms","tag-mario-lugones","tag-noticias","tag-oms","tag-robert-f-kennedy","tag-sistema-de-salud"],"amp_enabled":true,"_links":{"self":[{"href":"https:\/\/esreviral.com\/index.php?rest_route=\/wp\/v2\/posts\/74257"}],"collection":[{"href":"https:\/\/esreviral.com\/index.php?rest_route=\/wp\/v2\/posts"}],"about":[{"href":"https:\/\/esreviral.com\/index.php?rest_route=\/wp\/v2\/types\/post"}],"author":[{"embeddable":true,"href":"https:\/\/esreviral.com\/index.php?rest_route=\/wp\/v2\/users\/3"}],"replies":[{"embeddable":true,"href":"https:\/\/esreviral.com\/index.php?rest_route=%2Fwp%2Fv2%2Fcomments&post=74257"}],"version-history":[{"count":2,"href":"https:\/\/esreviral.com\/index.php?rest_route=\/wp\/v2\/posts\/74257\/revisions"}],"predecessor-version":[{"id":74260,"href":"https:\/\/esreviral.com\/index.php?rest_route=\/wp\/v2\/posts\/74257\/revisions\/74260"}],"wp:featuredmedia":[{"embeddable":true,"href":"https:\/\/esreviral.com\/index.php?rest_route=\/wp\/v2\/media\/74258"}],"wp:attachment":[{"href":"https:\/\/esreviral.com\/index.php?rest_route=%2Fwp%2Fv2%2Fmedia&parent=74257"}],"wp:term":[{"taxonomy":"category","embeddable":true,"href":"https:\/\/esreviral.com\/index.php?rest_route=%2Fwp%2Fv2%2Fcategories&post=74257"},{"taxonomy":"post_tag","embeddable":true,"href":"https:\/\/esreviral.com\/index.php?rest_route=%2Fwp%2Fv2%2Ftags&post=74257"}],"curies":[{"name":"wp","href":"https:\/\/api.w.org\/{rel}","templated":true}]}}