{"id":74222,"date":"2025-05-26T14:34:19","date_gmt":"2025-05-26T19:34:19","guid":{"rendered":"https:\/\/esreviral.com\/?p=74222"},"modified":"2025-05-26T14:34:56","modified_gmt":"2025-05-26T19:34:56","slug":"lamentablemente-fallecio-el-venezolano-que-fue-atropellado-y-su-familia-requiere-ayuda-para-el-sepelio","status":"publish","type":"post","link":"https:\/\/esreviral.com\/?p=74222","title":{"rendered":"Lamentablemente falleci\u00f3 el venezolano que fue atropellado y su familia requiere ayuda para el sepelio"},"content":{"rendered":"\n<p>Lamentablemente a las 10:00 A.M., de este lunes 26 de mayo y tras dos meses en la Unidad de Cuidados Intensivos (UCI), falleci\u00f3 Marcos Javier Torrealba Mar\u00edn, de 38 a\u00f1os de edad,\u00a0quien <strong>fue atropellado el pasado el pasado 24 de marzo, cuando a primera hora del d\u00eda se encontraba en la provincia Gonz\u00e1lez Cat\u00e1n de Argentina<\/strong> y esperaba el transporte para ir a su trabajo como sushi man, pero<strong>\u00a0un hombre que manejaba a exceso de velocidad y presuntamente bajo efectos de alcohol, lo atropell\u00f3.<\/strong><\/p>\n\n\n\n<p>El venezolano se encontraba en el <strong>Hospital Simplemente Evita en el kil\u00f3metro 42<\/strong>\u00a0de la provincia de Buenos Aires. Lorena, la progenitora de Marcos, logr\u00f3 viajar desde Venezuela, gracias a la colaboraci\u00f3n que gran parte de la comunidad venezolana aport\u00f3 pero ahora se requieren fondos para el sepelio del joven, ya que los gastos f\u00fanebres ascienden a 1.500.000 pesos, por eso, quienes puedan y deseen colaborar pueden hacerlo al alias: <strong>Jhonatangonzalezz<\/strong><\/p>\n\n\n\n<p>Lea tambi\u00e9n: <strong><a href=\"https:\/\/esreviral.com\/?p=72483\">Sujeto atropell\u00f3 a un venezolano en Argentina y luego se dispar\u00f3 en la cabeza<\/a><\/strong><\/p>\n\n\n\n<p><\/p>\n","protected":false},"excerpt":{"rendered":"<p>Lamentablemente a las 10:00 A.M., de este lunes 26 de mayo y tras dos meses en la Unidad de Cuidados Intensivos (UCI), falleci\u00f3 Marcos Javier Torrealba Mar\u00edn, de 38 a\u00f1os de edad,\u00a0quien fue atropellado el pasado el pasado 24 de marzo, cuando a primera hora del d\u00eda se encontraba en la provincia Gonz\u00e1lez Cat\u00e1n de [&hellip;]<\/p>\n","protected":false},"author":2,"featured_media":72485,"comment_status":"closed","ping_status":"closed","sticky":false,"template":"","format":"standard","meta":{"jnews-multi-image_gallery":[],"jnews_single_post":{"format":"standard"},"jnews_primary_category":[],"jnews_social_meta":[],"jnews_review":[],"enable_review":"","type":"","name":"","summary":"","brand":"","sku":"","good":[],"bad":[],"score_override":"","override_value":"","rating":[],"price":[],"jnews_override_counter":[],"jnews_post_split":[],"footnotes":""},"categories":[5892],"tags":[44,45,201,67,56],"class_list":["post-74222","post","type-post","status-publish","format-standard","has-post-thumbnail","hentry","category-venezolanos-en-argentina","tag-argentina","tag-noticias","tag-servicio-publico","tag-venezolanos-en-argentina","tag-venezuela"],"amp_enabled":true,"_links":{"self":[{"href":"https:\/\/esreviral.com\/index.php?rest_route=\/wp\/v2\/posts\/74222"}],"collection":[{"href":"https:\/\/esreviral.com\/index.php?rest_route=\/wp\/v2\/posts"}],"about":[{"href":"https:\/\/esreviral.com\/index.php?rest_route=\/wp\/v2\/types\/post"}],"author":[{"embeddable":true,"href":"https:\/\/esreviral.com\/index.php?rest_route=\/wp\/v2\/users\/2"}],"replies":[{"embeddable":true,"href":"https:\/\/esreviral.com\/index.php?rest_route=%2Fwp%2Fv2%2Fcomments&post=74222"}],"version-history":[{"count":2,"href":"https:\/\/esreviral.com\/index.php?rest_route=\/wp\/v2\/posts\/74222\/revisions"}],"predecessor-version":[{"id":74225,"href":"https:\/\/esreviral.com\/index.php?rest_route=\/wp\/v2\/posts\/74222\/revisions\/74225"}],"wp:featuredmedia":[{"embeddable":true,"href":"https:\/\/esreviral.com\/index.php?rest_route=\/wp\/v2\/media\/72485"}],"wp:attachment":[{"href":"https:\/\/esreviral.com\/index.php?rest_route=%2Fwp%2Fv2%2Fmedia&parent=74222"}],"wp:term":[{"taxonomy":"category","embeddable":true,"href":"https:\/\/esreviral.com\/index.php?rest_route=%2Fwp%2Fv2%2Fcategories&post=74222"},{"taxonomy":"post_tag","embeddable":true,"href":"https:\/\/esreviral.com\/index.php?rest_route=%2Fwp%2Fv2%2Ftags&post=74222"}],"curies":[{"name":"wp","href":"https:\/\/api.w.org\/{rel}","templated":true}]}}