{"id":74082,"date":"2025-05-23T09:59:25","date_gmt":"2025-05-23T14:59:25","guid":{"rendered":"https:\/\/esreviral.com\/?p=74082"},"modified":"2025-05-23T10:00:31","modified_gmt":"2025-05-23T15:00:31","slug":"copa-airlines-reiniciara-vuelos-entre-panama-y-venezuela-estas-son-las-fechas-y-precios-de-los-boletos","status":"publish","type":"post","link":"https:\/\/esreviral.com\/?p=74082","title":{"rendered":"Copa Airlines reiniciar\u00e1 vuelos entre Panam\u00e1 y Venezuela: estas son las fechas y precios de los boletos"},"content":{"rendered":"\n<p>A partir del pr\u00f3ximo <strong>27 de mayo<\/strong>, <strong>Copa Airlines<\/strong> reiniciar\u00e1 sus vuelos comerciales entre Panam\u00e1 y Venezuela, tras recibir la autorizaci\u00f3n del <strong>Instituto Nacional de Aeron\u00e1utica Civil (INAC)<\/strong>. Las operaciones hab\u00edan estado suspendidas desde el <strong>30 de julio de 2024<\/strong>, tras la ruptura de relaciones diplom\u00e1ticas y comerciales entre ambos pa\u00edses.<\/p>\n\n\n\n<p>En un comunicado, la aerol\u00ednea inform\u00f3 que retomar\u00e1 inicialmente un <strong>vuelo diario desde y hacia Caracas<\/strong>, y que a partir del <strong>23 de junio<\/strong> sumar\u00e1 una <strong>segunda frecuencia diaria<\/strong>.<\/p>\n\n\n\n<h3 class=\"wp-block-heading\"><strong><mark style=\"background-color:rgba(0, 0, 0, 0)\" class=\"has-inline-color has-vivid-red-color\">Cambios sin penalizaci\u00f3n para boletos ya emitidos<\/mark><\/strong><\/h3>\n\n\n\n<p>Copa tambi\u00e9n anunci\u00f3 que los pasajeros con boletos vigentes para vuelos a partir del <strong>30 de julio de 2024<\/strong>, emitidos hasta el <strong>22 de mayo de 2025<\/strong>, podr\u00e1n cambiar sin penalizaci\u00f3n su itinerario desde o hacia Venezuela, o desde ciudades cercanas como <strong>Aruba, Curazao y Colombia<\/strong>, hacia Caracas.<\/p>\n\n\n\n<p class=\"has-text-align-center\"><em><strong><em><strong><em><strong><em><strong><a href=\"https:\/\/t.me\/esreviral\">\u00daNETE A NUESTRO CANAL DE TELEGRAM PARA ESTAR INFORMADO<\/a><\/strong><\/em><\/strong><\/em><\/strong><\/em><\/strong><\/em><\/p>\n\n\n\n<p><\/p>\n\n\n\n<figure class=\"wp-block-image size-large\"><img decoding=\"async\" src=\"https:\/\/cdn.bitlysdowssl-aws.com\/wp-content\/uploads\/2025\/05\/vuelos-panama-caracas.jpg\" alt=\"\"\/><\/figure>\n\n\n\n<p><\/p>\n\n\n\n<h3 class=\"wp-block-heading\"><strong><mark style=\"background-color:rgba(0, 0, 0, 0)\" class=\"has-inline-color has-vivid-red-color\">\u00bfCu\u00e1nto cuestan los boletos?<\/mark><\/strong><\/h3>\n\n\n\n<p>La aerol\u00ednea ya habilit\u00f3 en su sitio web la opci\u00f3n para seleccionar fechas de viaje. Los precios en clase econ\u00f3mica son los siguientes:<\/p>\n\n\n\n<ul class=\"wp-block-list\">\n<li><strong>Econ\u00f3mica Basic:<\/strong> 132,20 d\u00f3lares<\/li>\n\n\n\n<li><strong>Econ\u00f3mica Classic:<\/strong> 181,30 d\u00f3lares<\/li>\n\n\n\n<li><strong>Econ\u00f3mica Full:<\/strong> 642,20 d\u00f3lares<\/li>\n<\/ul>\n\n\n\n<h3 class=\"wp-block-heading\"><strong><mark style=\"background-color:rgba(0, 0, 0, 0)\" class=\"has-inline-color has-vivid-red-color\">Tambi\u00e9n regresa Venezolana de Aviaci\u00f3n<\/mark><\/strong><\/h3>\n\n\n\n<p>La reanudaci\u00f3n de vuelos fue confirmada este jueves, cuando <strong>Venezolana de Aviaci\u00f3n<\/strong> anunci\u00f3 en su cuenta de Instagram que retomar\u00e1 sus rutas directas entre Caracas y Panam\u00e1 a partir del <strong>viernes 23 de mayo de 2025<\/strong>, con dos vuelos activos: uno de ida y uno de regreso.<\/p>\n\n\n\n<h3 class=\"wp-block-heading\"><strong><mark style=\"background-color:rgba(0, 0, 0, 0)\" class=\"has-inline-color has-vivid-red-color\">Restablecimiento tras acuerdos binacionales<\/mark><\/strong><\/h3>\n\n\n\n<p>Seg\u00fan el portal especializado <strong>Informe A\u00e9reo<\/strong>, fuentes del INAC confirmaron que, tras varias conversaciones con las autoridades aeron\u00e1uticas de Panam\u00e1, se acord\u00f3 el restablecimiento de los vuelos comerciales. \u00abLuego de estas conversaciones, ser\u00e1n las aerol\u00edneas las que decidir\u00e1n cu\u00e1ndo retomar sus itinerarios\u00bb, indic\u00f3 una fuente oficial.<\/p>\n\n\n\n<h3 class=\"wp-block-heading\"><strong><mark style=\"background-color:rgba(0, 0, 0, 0)\" class=\"has-inline-color has-vivid-red-color\">Cierre de vuelos impact\u00f3 a 15.000 pasajeros semanales<\/mark><\/strong><\/h3>\n\n\n\n<p>La suspensi\u00f3n de vuelos comenz\u00f3 el 30 de julio de 2024, luego de que la <strong>Canciller\u00eda de Venezuela<\/strong> rompiera relaciones con Panam\u00e1 por cr\u00edticas del gobierno paname\u00f1o al proceso electoral venezolano. La medida tambi\u00e9n afect\u00f3 rutas hacia <strong>Rep\u00fablica Dominicana<\/strong> y <strong>Per\u00fa<\/strong>, generando alzas en los precios y obligando a reprogramaciones y reembolsos.<\/p>\n\n\n\n<p>Seg\u00fan <strong>Marisela de Loaiza<\/strong>, presidenta de la <strong>Asociaci\u00f3n de L\u00edneas A\u00e9reas de Venezuela (ALAV)<\/strong>, se perdieron <strong>98 vuelos semanales<\/strong>, lo que afect\u00f3 a cerca de <strong>15.000 pasajeros<\/strong>.<\/p>\n\n\n\n<p>Antes de la suspensi\u00f3n, <strong>Copa Airlines<\/strong> lideraba la conectividad a\u00e9rea entre ambos pa\u00edses, con rutas hacia <strong>Caracas, Valencia, Maracaibo, Barquisimeto y Barcelona<\/strong>. Desde Venezuela tambi\u00e9n operaban <strong>Venezolana de Aviaci\u00f3n<\/strong> y <strong>Turpial Airlines<\/strong>.<\/p>\n\n\n\n<p class=\"has-text-align-center\"><strong><em><a href=\"https:\/\/whatsapp.com\/channel\/0029VaAz7PmBKfhwZ5V3Gk2t\">\u00daNETE A NUESTRO CANAL DE WHATSAPP PARA ESTAR INFORMADO<\/a><\/em><\/strong><\/p>\n\n\n\n<p class=\"has-text-align-right\"><strong><em>Con Informaci\u00f3n de ElNacional.-<\/em><\/strong><\/p>\n","protected":false},"excerpt":{"rendered":"<p>La aerol\u00ednea indic\u00f3 que los pasajeros con boletos vigentes y fecha de vuelo a partir del 30 de julio de 2024, que hayan sido emitidos hasta el 22 de mayo de 2025, y con itinerarios desde o hacia Venezuela o ciudades aleda\u00f1as en Colombia, Aruba y Curazao, podr\u00e1n cambiar su origen o destino a Caracas, sin cargo por cambio<\/p>\n","protected":false},"author":3,"featured_media":74083,"comment_status":"closed","ping_status":"closed","sticky":false,"template":"","format":"standard","meta":{"jnews-multi-image_gallery":[],"jnews_single_post":{"format":"standard"},"jnews_primary_category":[],"jnews_social_meta":[],"jnews_review":[],"enable_review":"","type":"","name":"","summary":"","brand":"","sku":"","good":[],"bad":[],"score_override":"","override_value":"","rating":[],"price":[],"jnews_override_counter":[],"jnews_post_split":[],"footnotes":""},"categories":[88],"tags":[30516,261,45,1002,56,30517],"class_list":["post-74082","post","type-post","status-publish","format-standard","has-post-thumbnail","hentry","category-internacionales","tag-copa-airlines","tag-inac","tag-noticias","tag-panama","tag-venezuela","tag-vuelos-panama-venezuela"],"amp_enabled":true,"_links":{"self":[{"href":"https:\/\/esreviral.com\/index.php?rest_route=\/wp\/v2\/posts\/74082"}],"collection":[{"href":"https:\/\/esreviral.com\/index.php?rest_route=\/wp\/v2\/posts"}],"about":[{"href":"https:\/\/esreviral.com\/index.php?rest_route=\/wp\/v2\/types\/post"}],"author":[{"embeddable":true,"href":"https:\/\/esreviral.com\/index.php?rest_route=\/wp\/v2\/users\/3"}],"replies":[{"embeddable":true,"href":"https:\/\/esreviral.com\/index.php?rest_route=%2Fwp%2Fv2%2Fcomments&post=74082"}],"version-history":[{"count":2,"href":"https:\/\/esreviral.com\/index.php?rest_route=\/wp\/v2\/posts\/74082\/revisions"}],"predecessor-version":[{"id":74085,"href":"https:\/\/esreviral.com\/index.php?rest_route=\/wp\/v2\/posts\/74082\/revisions\/74085"}],"wp:featuredmedia":[{"embeddable":true,"href":"https:\/\/esreviral.com\/index.php?rest_route=\/wp\/v2\/media\/74083"}],"wp:attachment":[{"href":"https:\/\/esreviral.com\/index.php?rest_route=%2Fwp%2Fv2%2Fmedia&parent=74082"}],"wp:term":[{"taxonomy":"category","embeddable":true,"href":"https:\/\/esreviral.com\/index.php?rest_route=%2Fwp%2Fv2%2Fcategories&post=74082"},{"taxonomy":"post_tag","embeddable":true,"href":"https:\/\/esreviral.com\/index.php?rest_route=%2Fwp%2Fv2%2Ftags&post=74082"}],"curies":[{"name":"wp","href":"https:\/\/api.w.org\/{rel}","templated":true}]}}