{"id":74022,"date":"2025-05-22T13:12:38","date_gmt":"2025-05-22T18:12:38","guid":{"rendered":"https:\/\/esreviral.com\/?p=74022"},"modified":"2025-05-22T13:12:40","modified_gmt":"2025-05-22T18:12:40","slug":"un-gremio-aeronautico-anuncio-medidas-de-fuerza-que-podrian-afectar-a-vuelos-nacionales-e-internacionales-desde-este-fin-de-semana","status":"publish","type":"post","link":"https:\/\/esreviral.com\/?p=74022","title":{"rendered":"Un gremio aeron\u00e1utico anunci\u00f3 medidas de fuerza que podr\u00edan afectar a vuelos nacionales e internacionales desde este fin de semana"},"content":{"rendered":"\n<p>La Asociaci\u00f3n T\u00e9cnicos y Empleados de Protecci\u00f3n y Seguridad a la Aeronavegaci\u00f3n (ATEPSA) anunci\u00f3 un cronograma de medidas de fuerza que afectar\u00e1 vuelos nacionales e internacionales a partir del s\u00e1bado 24 de mayo, en reclamo de <strong>mejoras salariales.<\/strong><\/p>\n\n\n\n<p>El sindicato de controladores a\u00e9reos detall\u00f3 que se llevar\u00e1n adelante seis jornadas de protesta con interrupciones parciales de servicios esenciales como la autorizaci\u00f3n de despegues y la transmisi\u00f3n de planes de vuelo, lo que podr\u00eda provocar demoras y cancelaciones en los vuelos programados.<\/p>\n\n\n\n<p class=\"has-text-align-center\"><em><strong><em><strong><em><strong><em><strong><a href=\"https:\/\/t.me\/esreviral\">\u00daNETE A NUESTRO CANAL DE TELEGRAM PARA ESTAR INFORMADO<\/a><\/strong><\/em><\/strong><\/em><\/strong><\/em><\/strong><\/em><\/p>\n\n\n\n<h3 class=\"wp-block-heading\"><strong><mark style=\"background-color:rgba(0, 0, 0, 0)\" class=\"has-inline-color has-vivid-red-color\">Cronograma de medidas<\/mark><\/strong><\/h3>\n\n\n\n<ul class=\"wp-block-list\">\n<li><strong>S\u00e1bado 24 de mayo:<\/strong> interrupci\u00f3n de despegues de vuelos internacionales entre las 13 y las 17 (hora argentina).<\/li>\n\n\n\n<li><strong>Domingo 25:<\/strong> afectaci\u00f3n a vuelos de cabotaje de 19 a 22.<\/li>\n\n\n\n<li><strong>Lunes 26:<\/strong> sin medidas de fuerza.<\/li>\n\n\n\n<li><strong>Martes 27:<\/strong> se ver\u00e1n afectados los vuelos nacionales entre las 8 y las 11.<\/li>\n\n\n\n<li><strong>Mi\u00e9rcoles 28:<\/strong> paro en la aviaci\u00f3n general y comercial no regular, de 12 a 16.<\/li>\n\n\n\n<li><strong>Jueves 29:<\/strong> no hay medidas anunciadas.<\/li>\n\n\n\n<li><strong>Viernes 30:<\/strong> podr\u00edan verse comprometidos los vuelos generales y comerciales no regulares de 13 a 17, y los internacionales de 19 a 23.<\/li>\n\n\n\n<li><strong>S\u00e1bado 31:<\/strong> interrupciones generales entre las 10 y las 13, y entre las 16 y las 19.<\/li>\n<\/ul>\n\n\n\n<p><\/p>\n\n\n\n<blockquote class=\"twitter-tweet\"><p lang=\"es\" dir=\"ltr\">\ud83d\udce2C\u00f3mo fue anunciado oportunamente, a partir del 24 de mayo comienzan las medidas leg\u00edtimas de acci\u00f3n sindical.<br><br>Compartimos el cronograma. \u26a0\ufe0f<a href=\"https:\/\/twitter.com\/hashtag\/Atepsa?src=hash&amp;ref_src=twsrc%5Etfw\">#Atepsa<\/a> <a href=\"https:\/\/twitter.com\/hashtag\/Eana?src=hash&amp;ref_src=twsrc%5Etfw\">#Eana<\/a> <a href=\"https:\/\/twitter.com\/hashtag\/MedidasGremiales?src=hash&amp;ref_src=twsrc%5Etfw\">#MedidasGremiales<\/a> <a href=\"https:\/\/twitter.com\/hashtag\/AtepsaPara?src=hash&amp;ref_src=twsrc%5Etfw\">#AtepsaPara<\/a> <a href=\"https:\/\/twitter.com\/hashtag\/ElsueldoseDefiende?src=hash&amp;ref_src=twsrc%5Etfw\">#ElsueldoseDefiende<\/a> <a href=\"https:\/\/t.co\/oF4jeuFZW0\">pic.twitter.com\/oF4jeuFZW0<\/a><\/p>&mdash; ATEPSA (@ATEPSA_Nacional) <a href=\"https:\/\/twitter.com\/ATEPSA_Nacional\/status\/1924911336883966141?ref_src=twsrc%5Etfw\">May 20, 2025<\/a><\/blockquote> <script async src=\"https:\/\/platform.twitter.com\/widgets.js\" charset=\"utf-8\"><\/script>\n\n\n\n<p>Desde ATEPSA aclararon que se garantizar\u00e1n los servicios en casos de emergencia, como vuelos sanitarios, humanitarios, de Estado o de b\u00fasqueda y salvamento.<\/p>\n\n\n\n<p>\u201cEstas medidas son el resultado de una propuesta salarial inaceptable por parte de la Empresa Argentina de Navegaci\u00f3n A\u00e9rea (EANA), que ofreci\u00f3 un 0% de aumento y pretende dar por cerrado el per\u00edodo paritario 2024\/25, cuando llevamos m\u00e1s de ocho meses sin actualizaciones salariales\u201d, se\u00f1alaron desde el gremio.<\/p>\n\n\n\n<p class=\"has-text-align-center\"><strong><a href=\"https:\/\/chat.whatsapp.com\/KWkTmakY3I05kNdd2oZl6d\"><em>\u00daNETE A NUESTRO GRUPO DE WHATSAPP PARA ESTAR INFORMADO<\/em><\/a><\/strong><\/p>\n\n\n\n<p class=\"has-text-align-right\"><strong><em>Con Informaci\u00f3n de Clarin.-<\/em><\/strong><\/p>\n","protected":false},"excerpt":{"rendered":"<p>El gremio de controladores a\u00e9reos har\u00e1 interrupciones parciales de sus tareas en reclamo de mejoras salariales.<br \/>\nSer\u00e1 desde el 24 hasta el 31 de mayo y afecta a todo tipo de vuelos.<\/p>\n","protected":false},"author":3,"featured_media":74024,"comment_status":"closed","ping_status":"closed","sticky":false,"template":"","format":"standard","meta":{"jnews-multi-image_gallery":[],"jnews_single_post":{"format":"standard"},"jnews_primary_category":[],"jnews_social_meta":[],"jnews_review":[],"enable_review":"","type":"","name":"","summary":"","brand":"","sku":"","good":[],"bad":[],"score_override":"","override_value":"","rating":[],"price":[],"jnews_override_counter":[],"jnews_post_split":[],"footnotes":""},"categories":[58,59],"tags":[44,5467,8708,45,3394,46,6744,16417],"class_list":["post-74022","post","type-post","status-publish","format-standard","has-post-thumbnail","hentry","category-argentina","category-politica","tag-argentina","tag-aviones","tag-medidas-de-fuerza","tag-noticias","tag-sindicatos","tag-vuelos","tag-vuelos-internacionales","tag-vuelos-nacionales"],"amp_enabled":true,"_links":{"self":[{"href":"https:\/\/esreviral.com\/index.php?rest_route=\/wp\/v2\/posts\/74022"}],"collection":[{"href":"https:\/\/esreviral.com\/index.php?rest_route=\/wp\/v2\/posts"}],"about":[{"href":"https:\/\/esreviral.com\/index.php?rest_route=\/wp\/v2\/types\/post"}],"author":[{"embeddable":true,"href":"https:\/\/esreviral.com\/index.php?rest_route=\/wp\/v2\/users\/3"}],"replies":[{"embeddable":true,"href":"https:\/\/esreviral.com\/index.php?rest_route=%2Fwp%2Fv2%2Fcomments&post=74022"}],"version-history":[{"count":1,"href":"https:\/\/esreviral.com\/index.php?rest_route=\/wp\/v2\/posts\/74022\/revisions"}],"predecessor-version":[{"id":74025,"href":"https:\/\/esreviral.com\/index.php?rest_route=\/wp\/v2\/posts\/74022\/revisions\/74025"}],"wp:featuredmedia":[{"embeddable":true,"href":"https:\/\/esreviral.com\/index.php?rest_route=\/wp\/v2\/media\/74024"}],"wp:attachment":[{"href":"https:\/\/esreviral.com\/index.php?rest_route=%2Fwp%2Fv2%2Fmedia&parent=74022"}],"wp:term":[{"taxonomy":"category","embeddable":true,"href":"https:\/\/esreviral.com\/index.php?rest_route=%2Fwp%2Fv2%2Fcategories&post=74022"},{"taxonomy":"post_tag","embeddable":true,"href":"https:\/\/esreviral.com\/index.php?rest_route=%2Fwp%2Fv2%2Ftags&post=74022"}],"curies":[{"name":"wp","href":"https:\/\/api.w.org\/{rel}","templated":true}]}}