{"id":74011,"date":"2025-05-22T10:56:59","date_gmt":"2025-05-22T15:56:59","guid":{"rendered":"https:\/\/esreviral.com\/?p=74011"},"modified":"2025-05-22T10:57:00","modified_gmt":"2025-05-22T15:57:00","slug":"cuanto-se-podra-transferir-por-billeteras-virtuales-sin-que-arca-lo-audite","status":"publish","type":"post","link":"https:\/\/esreviral.com\/?p=74011","title":{"rendered":"Cu\u00e1nto se podr\u00e1 transferir por billeteras virtuales sin que ARCA lo audite"},"content":{"rendered":"\n<p>Tras el anuncio del \u00ab<strong><em>Plan de Reparaci\u00f3n Hist\u00f3rica de los Ahorros de los Argentinos<\/em><\/strong>\u00ab, uno de los cambios m\u00e1s relevantes para el d\u00eda a d\u00eda ser\u00e1 el <strong>nuevo l\u00edmite de transferencias mediante billeteras virtuales sin auditor\u00eda de la Agencia de Recaudaci\u00f3n y Control Aduanero (ARCA)<\/strong>. Seg\u00fan detall\u00f3 el titular del organismo, Juan Pazo, <strong>el tope se eleva a $50 millones para personas f\u00edsicas<\/strong>.<\/p>\n\n\n\n<p>\u201c<strong><em>Antes, ese l\u00edmite era de $2 millones. Ahora sube a $50 millones para individuos y a $30 millones para personas jur\u00eddicas<\/em><\/strong>\u201d, explic\u00f3 Pazo.<\/p>\n\n\n\n<p class=\"has-text-align-center\"><em><strong><em><strong><em><strong><em><strong><a href=\"https:\/\/t.me\/esreviral\">\u00daNETE A NUESTRO CANAL DE TELEGRAM PARA ESTAR INFORMADO<\/a><\/strong><\/em><\/strong><\/em><\/strong><\/em><\/strong><\/em><\/p>\n\n\n\n<p><strong><mark style=\"background-color:rgba(0, 0, 0, 0)\" class=\"has-inline-color has-vivid-red-color\">\u00abTus d\u00f3lares, tu decisi\u00f3n\u00bb: la frase de Adorni que acompa\u00f1\u00f3 el anuncio del nuevo plan<\/mark><\/strong><\/p>\n\n\n\n<p><strong><a href=\"https:\/\/esreviral.com\/?p=73991\" data-type=\"link\" data-id=\"https:\/\/esreviral.com\/?p=73991\">Durante la conferencia de prensa, el vocero presidencial Manuel Adorni acompa\u00f1\u00f3 la presentaci\u00f3n del ministro de Econom\u00eda, Luis Caputo, con una frase que marc\u00f3 el tono del anuncio: <em>\u00abTus d\u00f3lares, tu decisi\u00f3n\u00bb<\/em>. Con ella, el Gobierno busca transmitir el esp\u00edritu del nuevo plan destinado a incentivar el uso de d\u00f3lares no declarados.<\/a><\/strong><\/p>\n\n\n\n<p>Adorni explic\u00f3 que el presidente Javier Milei instruy\u00f3 al equipo econ\u00f3mico para implementar este plan en dos etapas. La primera consistir\u00e1 en una serie de medidas que <strong>podr\u00e1n ejecutarse mediante un decreto presidencial<\/strong>, dentro del marco legal vigente. Estas disposiciones, adelant\u00f3, se oficializar\u00e1n \u00aben las pr\u00f3ximas horas\u00bb.<\/p>\n\n\n\n<p>La segunda etapa ser\u00e1 un proyecto de ley que buscar\u00e1 <strong>\u00abblindar a los ahorristas argentinos frente a futuras administraciones\u00bb<\/strong>. Seg\u00fan Adorni, la iniciativa implica un \u00abcambio de chip\u00bb en la relaci\u00f3n entre el Estado y los ciudadanos: <em>\u00abLo tuyo es tuyo, no del Estado. Tus d\u00f3lares, tu decisi\u00f3n\u00bb<\/em>, remarc\u00f3.<\/p>\n\n\n\n<p>Adem\u00e1s, subray\u00f3 que el nuevo esquema restablece un principio clave: <em>\u00abLos argentinos vuelven a ser inocentes hasta que ARCA demuestre lo contrario.\u00bb<\/em><\/p>\n\n\n\n<p class=\"has-text-align-center\"><strong><em><mark style=\"background-color:rgba(0, 0, 0, 0)\" class=\"has-inline-color has-vivid-red-color\"><a href=\"https:\/\/esreviral.com\/?p=74006\" data-type=\"link\" data-id=\"https:\/\/esreviral.com\/?p=74006\">Lea Tambi\u00e9n: \u00abD\u00f3lares del colch\u00f3n\u00bb: Una por una, las medidas del Gobierno para formalizar ahorros no declarados<\/a><\/mark><\/em><\/strong><\/p>\n\n\n\n<p class=\"has-text-align-center\"><strong><a href=\"https:\/\/chat.whatsapp.com\/KWkTmakY3I05kNdd2oZl6d\"><em>\u00daNETE A NUESTRO GRUPO DE WHATSAPP PARA ESTAR INFORMADO<\/em><\/a><\/strong><\/p>\n\n\n\n<p class=\"has-text-align-right\"><strong><em>Con Informaci\u00f3n de ambito.com.-<\/em><\/strong><\/p>\n","protected":false},"excerpt":{"rendered":"<p>El monto lo comunic\u00f3 el titular de la entidad, Juan Pazo. Fue tras el anuncio del ministro de Econom\u00eda Luis Caputo del plan para incentivar el uso de d\u00f3lares no declarados.<\/p>\n","protected":false},"author":3,"featured_media":74012,"comment_status":"closed","ping_status":"closed","sticky":false,"template":"","format":"standard","meta":{"jnews-multi-image_gallery":[],"jnews_single_post":{"format":"standard"},"jnews_primary_category":[],"jnews_social_meta":[],"jnews_review":[],"enable_review":"","type":"","name":"","summary":"","brand":"","sku":"","good":[],"bad":[],"score_override":"","override_value":"","rating":[],"price":[],"jnews_override_counter":[],"jnews_post_split":[],"footnotes":""},"categories":[58,61],"tags":[19191,44,3144,30409,45,30408],"class_list":["post-74011","post","type-post","status-publish","format-standard","has-post-thumbnail","hentry","category-argentina","category-economia","tag-arca","tag-argentina","tag-billeteras","tag-limite-de-transferencias-2","tag-noticias","tag-plan-de-reparacion-historica-de-los-ahorros-de-los-argentinos"],"amp_enabled":true,"_links":{"self":[{"href":"https:\/\/esreviral.com\/index.php?rest_route=\/wp\/v2\/posts\/74011"}],"collection":[{"href":"https:\/\/esreviral.com\/index.php?rest_route=\/wp\/v2\/posts"}],"about":[{"href":"https:\/\/esreviral.com\/index.php?rest_route=\/wp\/v2\/types\/post"}],"author":[{"embeddable":true,"href":"https:\/\/esreviral.com\/index.php?rest_route=\/wp\/v2\/users\/3"}],"replies":[{"embeddable":true,"href":"https:\/\/esreviral.com\/index.php?rest_route=%2Fwp%2Fv2%2Fcomments&post=74011"}],"version-history":[{"count":1,"href":"https:\/\/esreviral.com\/index.php?rest_route=\/wp\/v2\/posts\/74011\/revisions"}],"predecessor-version":[{"id":74013,"href":"https:\/\/esreviral.com\/index.php?rest_route=\/wp\/v2\/posts\/74011\/revisions\/74013"}],"wp:featuredmedia":[{"embeddable":true,"href":"https:\/\/esreviral.com\/index.php?rest_route=\/wp\/v2\/media\/74012"}],"wp:attachment":[{"href":"https:\/\/esreviral.com\/index.php?rest_route=%2Fwp%2Fv2%2Fmedia&parent=74011"}],"wp:term":[{"taxonomy":"category","embeddable":true,"href":"https:\/\/esreviral.com\/index.php?rest_route=%2Fwp%2Fv2%2Fcategories&post=74011"},{"taxonomy":"post_tag","embeddable":true,"href":"https:\/\/esreviral.com\/index.php?rest_route=%2Fwp%2Fv2%2Ftags&post=74011"}],"curies":[{"name":"wp","href":"https:\/\/api.w.org\/{rel}","templated":true}]}}