{"id":73989,"date":"2025-05-22T10:04:52","date_gmt":"2025-05-22T15:04:52","guid":{"rendered":"https:\/\/esreviral.com\/?p=73989"},"modified":"2025-05-22T15:28:31","modified_gmt":"2025-05-22T20:28:31","slug":"muy-perverso-lo-que-decia-la-carta-que-dejo-la-mujer-que-mato-al-esposo-y-a-sus-dos-hijos-en-argentina","status":"publish","type":"post","link":"https:\/\/esreviral.com\/?p=73989","title":{"rendered":"\u00abMuy perverso\u00bb: Se devel\u00f3 lo que dec\u00eda la carta que dej\u00f3 la mujer que mat\u00f3 al esposo y a sus dos hijos en Argentina"},"content":{"rendered":"\n<p>Hay conmoci\u00f3n en el barrio de Villa Crespo de Argentina. A\u00fan hay muchas preguntas sin respuestas. Los vecinos no escucharon nada. Muchos los conoc\u00edan aunque los ve\u00edan callados. Los amigos de los adolescentes est\u00e1n en shock. En el colegio ORT donde estudiaban, no pueden creerlo a\u00fan. Mientras tanto, las investigaciones contin\u00faa en b\u00fasqueda de lo que pas\u00f3. <\/p>\n\n\n\n<p>Las primeras averiguaciones de los sabuesos indican que <strong>Laura Fernanda Leguizam\u00f3n<\/strong>, tom\u00f3 un en la cocina, se fue calladamente hasta la habitaci\u00f3n que compart\u00eda con su esposo desde hac\u00eda 18 a\u00f1os, Bernardo Adri\u00e1n Seltzer, ah\u00ed estaba el hombre durmiendo, <strong>as\u00ed que aprovech\u00f3 su vulnerabilidad y le clav\u00f3 el pu\u00f1al en reiteradas ocasiones, <\/strong>quiz\u00e1 lo hizo con rabia en el momento pero tambi\u00e9n posiblemente fuera de control por sus problemas psiqui\u00e1tricos, lo que s\u00ed es cierto es que fue r\u00e1pida, al punto que el hombre no pudo reaccionar ni gritar.<\/p>\n\n\n\n<p><strong><a href=\"https:\/\/chat.whatsapp.com\/KWkTmakY3I05kNdd2oZl6d\"><em>\u00daNETE A NUESTRO GRUPO DE WHATSAPP PARA ESTAR INFORMADO<\/em><\/a><\/strong><\/p>\n\n\n\n<p>Posteriormen<strong>te, se habr\u00eda ido al cuarto de sus hijos, ah\u00ed agarr\u00f3 al mayor primero, de 15 a\u00f1os de edad, tambi\u00e9n lo apu\u00f1al\u00f3 y r\u00e1pidamente actu\u00f3 con el de 12 a\u00f1os de edad, <\/strong>a quien en principio s\u00f3lo hiri\u00f3 y \u00e9ste intent\u00f3 escapar pero no pudo. En el camino hacia la puerta de salida, cay\u00f3 desvanecido o quiz\u00e1, ella lo atrap\u00f3 y le clav\u00f3 las pu\u00f1aladas que acabaron con su vida, luego se meti\u00f3 en la ba\u00f1era y se clav\u00f3 el pu\u00f1al en el coraz\u00f3n. <\/p>\n\n\n\n<p>Pero antes de arrebatarse la vida, Leguizam\u00f3n escribi\u00f3 una carta, cuyas letras estaban puestas como por alguien nervioso, en la misma dec\u00eda: \u201c<strong>Todo mal, fue mucho. Los amo. Todo mal. Muy perverso<\/strong>\u201d. La carta fue encontrada en la cocina.<\/p>\n\n\n\n<p>En la carta tambi\u00e9n estaba la contrase\u00f1a de uno de los tel\u00e9fonos celulares de ellos. Todo fue incautado por los investigadores para su an\u00e1lisis.<\/p>\n\n\n\n<p>Aunque las mujer de servicio encontr\u00f3 los cad\u00e1veres aproximadamente a la 01:30pm del mi\u00e9rcoles, se presume que el acto criminal lo haya cometido a las 6am, aunque la \u00faltima conexi\u00f3n de whatsaap de uno de los fallecidos, en el grupo de vecinos fue a las 20:30 del martes, por lo que quiz\u00e1 se cometi\u00f3 el crimen ese d\u00eda. <\/p>\n\n\n\n<p>Lea tambi\u00e9n: <strong><a href=\"https:\/\/esreviral.com\/?p=73965\">Esta fue la raz\u00f3n por la que una mujer mat\u00f3 a su esposo e hijos y luego se suicid\u00f3 en Villa Crespo<\/a><\/strong><\/p>\n\n\n\n<figure class=\"wp-block-image size-large\"><img decoding=\"async\" src=\"https:\/\/www.infobae.com\/resizer\/v2\/ABRN2GKYRVAGPCWKUC2TLVCLIE.png?auth=508572235c93da91e4c94e35000fe7504d75680a9ead0fd66fba951631ea1ca0&amp;smart=true&amp;width=992&amp;height=606&amp;quality=85\" alt=\"\"\/><figcaption class=\"wp-element-caption\">Bernardo con sus dos hijos<\/figcaption><\/figure>\n\n\n\n<p><strong><mark style=\"background-color:rgba(0, 0, 0, 0)\" class=\"has-inline-color has-vivid-red-color\">El pasado de la familia<\/mark><\/strong><\/p>\n\n\n\n<p>La homicida &#8211; suicida, era conocida por compartir aspectos de su vida personal en redes sociales, era oriunda de&nbsp;<strong>Lan\u00fas<\/strong>, provincia de Buenos Aires. Sol\u00eda publicar momentos que reflejaban sus viajes y experiencias familiares, mostrando una faceta personal abierta al p\u00fablico en estas plataformas.<\/p>\n\n\n\n<p><strong>Bernardo Adri\u00e1n Seltzer&nbsp;<\/strong>naci\u00f3 el 6 de enero en&nbsp;<strong>Rivera<\/strong>, una localidad situada en la frontera entre&nbsp;<strong>Buenos Aires&nbsp;<\/strong>y&nbsp;<strong>La Pampa<\/strong>. Proven\u00eda de una familia profundamente ligada al \u00e1mbito agr\u00edcola y era el menor de tres hermanos. Su trayectoria profesional en la industria agr\u00edcola fue notable, destac\u00e1ndose en este sector a lo largo de su carrera.<\/p>\n\n\n\n<p><em><strong><em><strong><em><strong><em><strong><a href=\"https:\/\/t.me\/esreviral\">\u00daNETE A NUESTRO CANAL DE TELEGRAM PARA ESTAR INFORMADO<\/a><\/strong><\/em><\/strong><\/em><\/strong><\/em><\/strong><\/em><\/p>\n\n\n\n<p>En el pasado enero, la familia Seltzer disfrut\u00f3 de unas vacaciones en&nbsp;<strong>Uruguay<\/strong>, donde celebraron el cumplea\u00f1os de Bernardo. Meses antes, en octubre, hab\u00edan viajado a<strong>&nbsp;Rep\u00fablica Dominicana<\/strong>&nbsp;con el prop\u00f3sito de conmemorar los 50 a\u00f1os de Laura.<\/p>\n\n\n\n<p>El hallazgo ocurrido este mi\u00e9rcoles provoc\u00f3 que en las redes resurgiera una charla que Seltzer ofreci\u00f3 en 2017. En ella, al abordar el tema de \u201cadministrar riesgos\u201d, expres\u00f3 que las cosas m\u00e1s valiosas que pose\u00eda eran su familia. Durante la exposici\u00f3n, Bernardo mencion\u00f3: <strong>\u201cTengo una esposa amorosa, fant\u00e1stica, agradezco a la vida haberla encontrado. Y tengo dos hijos hermosos\u201d.<\/strong><\/p>\n","protected":false},"excerpt":{"rendered":"<p>Hay conmoci\u00f3n en el barrio de Villa Crespo de Argentina. A\u00fan hay muchas preguntas sin respuestas. Los vecinos no escucharon nada. Muchos los conoc\u00edan aunque los ve\u00edan callados. Los amigos de los adolescentes est\u00e1n en shock. En el colegio ORT donde estudiaban, no pueden creerlo a\u00fan. Mientras tanto, las investigaciones contin\u00faa en b\u00fasqueda de lo [&hellip;]<\/p>\n","protected":false},"author":2,"featured_media":73995,"comment_status":"closed","ping_status":"closed","sticky":false,"template":"","format":"standard","meta":{"jnews-multi-image_gallery":[],"jnews_single_post":{"format":"standard"},"jnews_primary_category":[],"jnews_social_meta":[],"jnews_review":[],"enable_review":"","type":"","name":"","summary":"","brand":"","sku":"","good":[],"bad":[],"score_override":"","override_value":"","rating":[],"price":[],"jnews_override_counter":[],"jnews_post_split":[],"footnotes":""},"categories":[64],"tags":[30406,30407,45,65],"class_list":["post-73989","post","type-post","status-publish","format-standard","has-post-thumbnail","hentry","category-sucesos","tag-bernardo-adrian-seltzer","tag-laura-fernanda-leguizamon","tag-noticias","tag-sucesos"],"amp_enabled":true,"_links":{"self":[{"href":"https:\/\/esreviral.com\/index.php?rest_route=\/wp\/v2\/posts\/73989"}],"collection":[{"href":"https:\/\/esreviral.com\/index.php?rest_route=\/wp\/v2\/posts"}],"about":[{"href":"https:\/\/esreviral.com\/index.php?rest_route=\/wp\/v2\/types\/post"}],"author":[{"embeddable":true,"href":"https:\/\/esreviral.com\/index.php?rest_route=\/wp\/v2\/users\/2"}],"replies":[{"embeddable":true,"href":"https:\/\/esreviral.com\/index.php?rest_route=%2Fwp%2Fv2%2Fcomments&post=73989"}],"version-history":[{"count":5,"href":"https:\/\/esreviral.com\/index.php?rest_route=\/wp\/v2\/posts\/73989\/revisions"}],"predecessor-version":[{"id":74036,"href":"https:\/\/esreviral.com\/index.php?rest_route=\/wp\/v2\/posts\/73989\/revisions\/74036"}],"wp:featuredmedia":[{"embeddable":true,"href":"https:\/\/esreviral.com\/index.php?rest_route=\/wp\/v2\/media\/73995"}],"wp:attachment":[{"href":"https:\/\/esreviral.com\/index.php?rest_route=%2Fwp%2Fv2%2Fmedia&parent=73989"}],"wp:term":[{"taxonomy":"category","embeddable":true,"href":"https:\/\/esreviral.com\/index.php?rest_route=%2Fwp%2Fv2%2Fcategories&post=73989"},{"taxonomy":"post_tag","embeddable":true,"href":"https:\/\/esreviral.com\/index.php?rest_route=%2Fwp%2Fv2%2Ftags&post=73989"}],"curies":[{"name":"wp","href":"https:\/\/api.w.org\/{rel}","templated":true}]}}