{"id":73968,"date":"2025-05-22T08:42:16","date_gmt":"2025-05-22T13:42:16","guid":{"rendered":"https:\/\/esreviral.com\/?p=73968"},"modified":"2025-05-22T08:42:17","modified_gmt":"2025-05-22T13:42:17","slug":"nuevo-aumento-del-boleto-de-colectivos-en-cuanto-quedara-el-minimo-y-desde-cuando-entra-en-vigencia","status":"publish","type":"post","link":"https:\/\/esreviral.com\/?p=73968","title":{"rendered":"Nuevo aumento del boleto de colectivos: En cu\u00e1nto quedar\u00e1 el m\u00ednimo y desde cu\u00e1ndo entra en vigencia"},"content":{"rendered":"\n<p><strong>El Gobierno nacional aprob\u00f3 un aumento del 21,52% en el valor del boleto de colectivo para las l\u00edneas que operan en el \u00c1rea Metropolitana de Buenos Aires (AMBA). La suba se aplicar\u00e1 en tres etapas mensuales consecutivas, comenzando este viernes 23 de mayo.<\/strong><\/p>\n\n\n\n<p>Con esta primera actualizaci\u00f3n, <strong>el boleto m\u00ednimo pasar\u00e1 de $371,13 a $397,11.<\/strong> La medida alcanza a 103 l\u00edneas de jurisdicci\u00f3n nacional y fue oficializada mediante la resoluci\u00f3n 28\/2025, publicada este jueves en el Bolet\u00edn Oficial con la firma del secretario de Transporte, Luis Octavio Pierrini.<\/p>\n\n\n\n<p>Por su parte, las l\u00edneas de colectivos que dependen de los gobiernos de la Ciudad y la Provincia de Buenos Aires aplicaron un incremento del 4,8% a comienzos de mayo y se espera que vuelvan a ajustar sus tarifas en junio.<\/p>\n\n\n\n<p class=\"has-text-align-center\"><em><strong><em><strong><em><strong><em><strong><a href=\"https:\/\/t.me\/esreviral\">\u00daNETE A NUESTRO CANAL DE TELEGRAM PARA ESTAR INFORMADO<\/a><\/strong><\/em><\/strong><\/em><\/strong><\/em><\/strong><\/em><\/p>\n\n\n\n<p>La decisi\u00f3n se tom\u00f3 luego del paro de colectivos del 6 de mayo, en el que los choferes reclamaron mejoras salariales. Tras ese conflicto, se alcanz\u00f3 un acuerdo paritario con las empresas, que hab\u00edan advertido que los aumentos deb\u00edan ser compensados con subas tarifarias o mayores subsidios.<\/p>\n\n\n\n<p>Con el objetivo de atenuar el impacto en los bolsillos de los usuarios, el Gobierno implementar\u00e1 el ajuste en tres tramos: mayo, junio y julio. Seg\u00fan un informe t\u00e9cnico de la Subsecretar\u00eda de Transporte Automotor, el \u00cdndice de Precios al Consumidor (IPC) del Gran Buenos Aires acumul\u00f3 una suba del 30,5% entre julio de 2024 y abril de 2025. En funci\u00f3n de ese dato, se fij\u00f3 el aumento progresivo del 21,52%.<\/p>\n\n\n\n<p>La resoluci\u00f3n recuerda que la emergencia p\u00fablica en materia econ\u00f3mica, financiera, tarifaria y social \u2014declarada por el DNU 70\/2023 y vigente hasta el 31 de diciembre de 2025\u2014 habilita la aplicaci\u00f3n de medidas urgentes para corregir los desajustes del sistema tarifario.<\/p>\n\n\n\n<figure class=\"wp-block-image size-large\"><img decoding=\"async\" src=\"https:\/\/tn.com.ar\/resizer\/v2\/el-gobierno-establecio-un-aumento-para-el-boleto-de-colectivos-de-jurisdiccion-nacional-desde-este-viernes-23-de-mayo-foto-na-4X2YLFHOAJCSDIWR33TXSDLNP4.jpg?auth=2110fc6b726a64e05e4a93f16d99947f744c1bbdd1036af35fdb60e2b77cfe1a&amp;width=1440\" alt=\"\"\/><\/figure>\n\n\n\n<h3 class=\"wp-block-heading\"><strong><mark style=\"background-color:rgba(0, 0, 0, 0)\" class=\"has-inline-color has-vivid-red-color\">Nuevas tarifas de colectivos en el AMBA<\/mark><\/strong><\/h3>\n\n\n\n<h4 class=\"wp-block-heading\"><strong><mark style=\"background-color:rgba(0, 0, 0, 0)\" class=\"has-inline-color has-vivid-red-color\">Desde el 23 de mayo<\/mark><\/strong><\/h4>\n\n\n\n<p><strong>L\u00edneas Suburbanas Grupo I<\/strong> (conectan CABA con el primer y segundo cord\u00f3n del conurbano):<\/p>\n\n\n\n<ul class=\"wp-block-list\">\n<li>0-3 km: $397,11 | SUBE sin nominar: $631,40<\/li>\n\n\n\n<li>3-6 km: $442,38 | SUBE sin nominar: $703,38<\/li>\n\n\n\n<li>6-12 km: $476,46 | SUBE sin nominar: $757,57<\/li>\n\n\n\n<li>12-27 km: $510,57 | SUBE sin nominar: $811,81<\/li>\n\n\n\n<li>M\u00e1s de 27 km: $544,45 | SUBE sin nominar: $865,68<\/li>\n\n\n\n<li><\/li>\n<\/ul>\n\n\n\n<p><strong>L\u00edneas Suburbanas Grupo II<\/strong> (CABA hacia zonas m\u00e1s alejadas, como La Plata o Z\u00e1rate):<\/p>\n\n\n\n<ul class=\"wp-block-list\">\n<li>Terminal: $132,11 | SUBE sin nominar: $219,05<\/li>\n\n\n\n<li>Base por pasajero\/km: $20,18 | SUBE sin nominar: $32,09<\/li>\n\n\n\n<li>Boleto m\u00ednimo: $522,46 | SUBE sin nominar: $830,71<\/li>\n<\/ul>\n\n\n\n<hr class=\"wp-block-separator has-alpha-channel-opacity\"\/>\n\n\n\n<h4 class=\"wp-block-heading\"><strong><mark style=\"background-color:rgba(0, 0, 0, 0)\" class=\"has-inline-color has-vivid-red-color\">Desde el 18 de junio<\/mark><\/strong><\/h4>\n\n\n\n<p><strong>Suburbanas Grupo I<\/strong><\/p>\n\n\n\n<ul class=\"wp-block-list\">\n<li>0-3 km: $424,91 | SUBE sin nominar: $675,61<\/li>\n\n\n\n<li>3-6 km: $473,35 | SUBE sin nominar: $752,63<\/li>\n\n\n\n<li>6-12 km: $509,81 | SUBE sin nominar: $810,60<\/li>\n\n\n\n<li>12-27 km: $546,31 | SUBE sin nominar: $868,63<\/li>\n\n\n\n<li>M\u00e1s de 27 km: $582,56 | SUBE sin nominar: $926,27<\/li>\n<\/ul>\n\n\n\n<p><\/p>\n\n\n\n<p><strong>Suburbanas Grupo II<\/strong><\/p>\n\n\n\n<ul class=\"wp-block-list\">\n<li>Terminal: $141,36 | SUBE sin nominar: $219,05<\/li>\n\n\n\n<li>Base pasajero\/km: $21,59 | SUBE sin nominar: $34,33<\/li>\n\n\n\n<li>Boleto m\u00ednimo: $559,03 | SUBE sin nominar: $888,86<\/li>\n<\/ul>\n\n\n\n<h4 class=\"wp-block-heading\"><strong><mark style=\"background-color:rgba(0, 0, 0, 0)\" class=\"has-inline-color has-vivid-red-color\">Desde el 16 de julio<\/mark><\/strong><\/h4>\n\n\n\n<p><\/p>\n\n\n\n<p><strong>Suburbanas Grupo I<\/strong><\/p>\n\n\n\n<ul class=\"wp-block-list\">\n<li>0-3 km: $451,01 | SUBE sin nominar: $717,11<\/li>\n\n\n\n<li>3-6 km: $502,43 | SUBE sin nominar: $798,86<\/li>\n\n\n\n<li>6-12 km: $541,13 | SUBE sin nominar: $860,40<\/li>\n\n\n\n<li>12-27 km: $579,87 | SUBE sin nominar: $921,99<\/li>\n\n\n\n<li>M\u00e1s de 27 km: $618,35 | SUBE sin nominar: $983,18<\/li>\n<\/ul>\n\n\n\n<p><\/p>\n\n\n\n<p><strong>Suburbanas Grupo II<\/strong><\/p>\n\n\n\n<ul class=\"wp-block-list\">\n<li>Terminal: $150,05 | SUBE sin nominar: $238,58<\/li>\n\n\n\n<li>Base pasajero\/km: $22,92 | SUBE sin nominar: $36,44<\/li>\n\n\n\n<li>Boleto m\u00ednimo: $593,37 | SUBE sin nominar: $943,46<\/li>\n<\/ul>\n\n\n\n<p><\/p>\n\n\n\n<p class=\"has-text-align-center\"><strong><a href=\"https:\/\/chat.whatsapp.com\/KWkTmakY3I05kNdd2oZl6d\"><em>\u00daNETE A NUESTRO GRUPO DE WHATSAPP PARA ESTAR INFORMADO<\/em><\/a><\/strong><\/p>\n","protected":false},"excerpt":{"rendered":"<p>La actualizaci\u00f3n se aplicar\u00e1 en tres tramos consecutivos. La primera etapa es desde este 23 de mayo. A cu\u00e1nto se va el m\u00ednimo.<\/p>\n","protected":false},"author":3,"featured_media":73969,"comment_status":"closed","ping_status":"closed","sticky":false,"template":"","format":"standard","meta":{"jnews-multi-image_gallery":[],"jnews_single_post":{"format":"standard"},"jnews_primary_category":[],"jnews_social_meta":[],"jnews_review":[],"enable_review":"","type":"","name":"","summary":"","brand":"","sku":"","good":[],"bad":[],"score_override":"","override_value":"","rating":[],"price":[],"jnews_override_counter":[],"jnews_post_split":[],"footnotes":""},"categories":[58,61],"tags":[204,44,5991,2143,9968,45,2503,274],"class_list":["post-73968","post","type-post","status-publish","format-standard","has-post-thumbnail","hentry","category-argentina","category-economia","tag-amba","tag-argentina","tag-boleto","tag-colectivos","tag-colectivos-mas-caros","tag-noticias","tag-transporte","tag-transporte-publico"],"amp_enabled":true,"_links":{"self":[{"href":"https:\/\/esreviral.com\/index.php?rest_route=\/wp\/v2\/posts\/73968"}],"collection":[{"href":"https:\/\/esreviral.com\/index.php?rest_route=\/wp\/v2\/posts"}],"about":[{"href":"https:\/\/esreviral.com\/index.php?rest_route=\/wp\/v2\/types\/post"}],"author":[{"embeddable":true,"href":"https:\/\/esreviral.com\/index.php?rest_route=\/wp\/v2\/users\/3"}],"replies":[{"embeddable":true,"href":"https:\/\/esreviral.com\/index.php?rest_route=%2Fwp%2Fv2%2Fcomments&post=73968"}],"version-history":[{"count":2,"href":"https:\/\/esreviral.com\/index.php?rest_route=\/wp\/v2\/posts\/73968\/revisions"}],"predecessor-version":[{"id":73982,"href":"https:\/\/esreviral.com\/index.php?rest_route=\/wp\/v2\/posts\/73968\/revisions\/73982"}],"wp:featuredmedia":[{"embeddable":true,"href":"https:\/\/esreviral.com\/index.php?rest_route=\/wp\/v2\/media\/73969"}],"wp:attachment":[{"href":"https:\/\/esreviral.com\/index.php?rest_route=%2Fwp%2Fv2%2Fmedia&parent=73968"}],"wp:term":[{"taxonomy":"category","embeddable":true,"href":"https:\/\/esreviral.com\/index.php?rest_route=%2Fwp%2Fv2%2Fcategories&post=73968"},{"taxonomy":"post_tag","embeddable":true,"href":"https:\/\/esreviral.com\/index.php?rest_route=%2Fwp%2Fv2%2Ftags&post=73968"}],"curies":[{"name":"wp","href":"https:\/\/api.w.org\/{rel}","templated":true}]}}