{"id":73951,"date":"2025-05-21T14:00:49","date_gmt":"2025-05-21T19:00:49","guid":{"rendered":"https:\/\/esreviral.com\/?p=73951"},"modified":"2025-05-21T14:00:50","modified_gmt":"2025-05-21T19:00:50","slug":"marco-rubio-afirmo-que-los-venezolanos-que-perderan-su-tps-pueden-pedir-asilo","status":"publish","type":"post","link":"https:\/\/esreviral.com\/?p=73951","title":{"rendered":"Marco Rubio afirm\u00f3 que los venezolanos que perder\u00e1n su TPS pueden pedir asilo"},"content":{"rendered":"\n<p><strong>El secretario de Estado de Estados Unidos, Marco Rubio<\/strong>, afirm\u00f3 este mi\u00e9rcoles 21 de mayo que <strong>los venezolanos que perder\u00e1n el Estatus de Protecci\u00f3n Temporal (TPS, por sus siglas en ingl\u00e9s) podr\u00e1n solicitar asilo en ese pa\u00eds. <\/strong>\u201cAhora, las personas que han recibido el TPS solicitar\u00e1n el proceso de asilo. Y creo que muchas de ellas, si no la mayor\u00eda, tendr\u00e1n solicitudes muy cre\u00edbles\u201d, se\u00f1al\u00f3 durante una audiencia en la C\u00e1mara de Representantes.<\/p>\n\n\n\n<p><strong><a href=\"https:\/\/esreviral.com\/?p=73802\" data-type=\"link\" data-id=\"https:\/\/esreviral.com\/?p=73802\">Sus declaraciones se produjeron un d\u00eda despu\u00e9s de que la Corte Suprema respaldara el plan del Presidente Donald Trump para revocar el TPS otorgado a unos 350.000 venezolanos, quienes ahora quedar\u00edan expuestos a procesos de deportaci\u00f3n.<\/a><\/strong><\/p>\n\n\n\n<p>Rubio sostuvo que \u201c<strong><em>por supuesto\u201d<\/em><\/strong> la mayor\u00eda de los beneficiarios no tienen antecedentes criminales, aunque advirti\u00f3: \u201c<strong><em>Si mil de ellos lo son, tenemos un gran problema\u201d<\/em><\/strong>. Adem\u00e1s, critic\u00f3 a la administraci\u00f3n de Joe Biden por haber concedido ese amparo de forma generalizada, \u201c<strong><em>sin revisar adecuadamente los antecedentes<\/em><\/strong>\u201d de los solicitantes.<\/p>\n\n\n\n<p class=\"has-text-align-center\"><em><strong><em><strong><em><strong><em><strong><a href=\"https:\/\/t.me\/esreviral\">\u00daNETE A NUESTRO CANAL DE TELEGRAM PARA ESTAR INFORMADO<\/a><\/strong><\/em><\/strong><\/em><\/strong><\/em><\/strong><\/em><\/p>\n\n\n\n<h3 class=\"wp-block-heading\"><strong><mark style=\"background-color:rgba(0, 0, 0, 0)\" class=\"has-inline-color has-vivid-red-color\">Revocatoria del TPS<\/mark><\/strong><\/h3>\n\n\n\n<p>El lunes 19 de mayo, la Corte Suprema de EE. UU. anul\u00f3 una orden judicial previa que bloqueaba la decisi\u00f3n del gobierno republicano de poner fin al TPS para los venezolanos. El Ejecutivo argument\u00f3 que la medida se alineaba con el \u201cinter\u00e9s nacional\u201d y que la Justicia no deber\u00eda intervenir en decisiones migratorias urgentes.<\/p>\n\n\n\n<p>El fallo fue duramente cuestionado por organizaciones defensoras de migrantes, legisladores dem\u00f3cratas y representantes de la comunidad venezolana, quienes advirtieron que el retorno forzado de estas personas a Venezuela implicar\u00eda exponerlas a graves riesgos humanitarios.<\/p>\n\n\n\n<h3 class=\"wp-block-heading\"><strong><mark style=\"background-color:rgba(0, 0, 0, 0)\" class=\"has-inline-color has-vivid-red-color\">\u00bfQu\u00e9 es el TPS?<\/mark><\/strong><\/h3>\n\n\n\n<p>El Estatus de Protecci\u00f3n Temporal es un programa creado en 1990 que permite a ciudadanos de pa\u00edses afectados por conflictos armados, desastres naturales u otras crisis permanecer legalmente en Estados Unidos y obtener permisos de trabajo, mientras sus naciones no sean consideradas seguras para el retorno.<\/p>\n\n\n\n<p>Durante la presidencia de Joe Biden, el Departamento de Seguridad Nacional (DHS) extendi\u00f3 el TPS a los venezolanos argumentando que el pa\u00eds enfrentaba una \u201cemergencia humanitaria\u201d debido a la crisis pol\u00edtica, social y econ\u00f3mica. Sin embargo, esa decisi\u00f3n fue frenada por el gobierno de Trump en febrero, antes de que pudiera entrar en vigencia.<\/p>\n\n\n\n<p>A pesar de esta revocatoria, la Casa Blanca mantiene el TPS para ciudadanos de otras nacionalidades, como los salvadore\u00f1os, cuya protecci\u00f3n data del a\u00f1o 2001 y beneficia a unos 200.000 migrantes.<\/p>\n\n\n\n<p class=\"has-text-align-center\"><strong><a href=\"https:\/\/chat.whatsapp.com\/KWkTmakY3I05kNdd2oZl6d\"><em>\u00daNETE A NUESTRO GRUPO DE WHATSAPP PARA ESTAR INFORMADO<\/em><\/a><\/strong><\/p>\n\n\n\n<p class=\"has-text-align-right\"><strong><em>Con Informaci\u00f3n de EFE.-<\/em><\/strong><\/p>\n","protected":false},"excerpt":{"rendered":"<p>El secretario de Estado de EE UU ofreci\u00f3 declaraciones a la prensa un d\u00eda despu\u00e9s de que la Corte Suprema de ese pa\u00eds revocara la medida migratoria a 350 mil migrantes de Venezuela<\/p>\n","protected":false},"author":3,"featured_media":73952,"comment_status":"closed","ping_status":"closed","sticky":false,"template":"","format":"standard","meta":{"jnews-multi-image_gallery":[],"jnews_single_post":{"format":"standard"},"jnews_primary_category":[],"jnews_social_meta":[],"jnews_review":[],"enable_review":"","type":"","name":"","summary":"","brand":"","sku":"","good":[],"bad":[],"score_override":"","override_value":"","rating":[],"price":[],"jnews_override_counter":[],"jnews_post_split":[],"footnotes":""},"categories":[54,88],"tags":[7360,2088,136,3250,2052,45,26198],"class_list":["post-73951","post","type-post","status-publish","format-standard","has-post-thumbnail","hentry","category-inmigracion","category-internacionales","tag-asilo","tag-donald-trump","tag-estados-unidos","tag-marco-rubio","tag-migrantes-venezolanos","tag-noticias","tag-presidente-donald-trump"],"amp_enabled":true,"_links":{"self":[{"href":"https:\/\/esreviral.com\/index.php?rest_route=\/wp\/v2\/posts\/73951"}],"collection":[{"href":"https:\/\/esreviral.com\/index.php?rest_route=\/wp\/v2\/posts"}],"about":[{"href":"https:\/\/esreviral.com\/index.php?rest_route=\/wp\/v2\/types\/post"}],"author":[{"embeddable":true,"href":"https:\/\/esreviral.com\/index.php?rest_route=\/wp\/v2\/users\/3"}],"replies":[{"embeddable":true,"href":"https:\/\/esreviral.com\/index.php?rest_route=%2Fwp%2Fv2%2Fcomments&post=73951"}],"version-history":[{"count":1,"href":"https:\/\/esreviral.com\/index.php?rest_route=\/wp\/v2\/posts\/73951\/revisions"}],"predecessor-version":[{"id":73953,"href":"https:\/\/esreviral.com\/index.php?rest_route=\/wp\/v2\/posts\/73951\/revisions\/73953"}],"wp:featuredmedia":[{"embeddable":true,"href":"https:\/\/esreviral.com\/index.php?rest_route=\/wp\/v2\/media\/73952"}],"wp:attachment":[{"href":"https:\/\/esreviral.com\/index.php?rest_route=%2Fwp%2Fv2%2Fmedia&parent=73951"}],"wp:term":[{"taxonomy":"category","embeddable":true,"href":"https:\/\/esreviral.com\/index.php?rest_route=%2Fwp%2Fv2%2Fcategories&post=73951"},{"taxonomy":"post_tag","embeddable":true,"href":"https:\/\/esreviral.com\/index.php?rest_route=%2Fwp%2Fv2%2Ftags&post=73951"}],"curies":[{"name":"wp","href":"https:\/\/api.w.org\/{rel}","templated":true}]}}