{"id":73835,"date":"2025-05-20T07:44:03","date_gmt":"2025-05-20T12:44:03","guid":{"rendered":"https:\/\/esreviral.com\/?p=73835"},"modified":"2025-05-20T07:44:05","modified_gmt":"2025-05-20T12:44:05","slug":"kicillof-busca-la-reeleccion-indefinida-para-intendentes","status":"publish","type":"post","link":"https:\/\/esreviral.com\/?p=73835","title":{"rendered":"Kicillof busca la reelecci\u00f3n indefinida para intendentes"},"content":{"rendered":"\n<p>El oficialismo bonaerense volvi\u00f3 a poner sobre la mesa la posibilidad de habilitar la reelecci\u00f3n indefinida de los intendentes. Este lunes, la senadora provincial <strong>Ayel\u00e9n Dur\u00e1n<\/strong>, del espacio que responde al <strong>gobernador Axel Kicillof, present\u00f3 un proyecto para permitir que jefes comunales que ya cumplieron dos mandatos consecutivos puedan volver a postularse.<\/strong><\/p>\n\n\n\n<p>La limitaci\u00f3n a la reelecci\u00f3n indefinida fue impuesta durante la gesti\u00f3n de <strong>Mar\u00eda Eugenia Vidal<\/strong>, y aunque fue cuestionada por sectores del peronismo, todav\u00eda sigue vigente. De mantenerse esa norma, al menos 80 intendentes del PJ, la UCR y el PRO no podr\u00e1n presentarse en las elecciones de 2027.<\/p>\n\n\n\n<p class=\"has-text-align-center\"><em><strong><em><strong><em><strong><em><strong><a href=\"https:\/\/t.me\/esreviral\">\u00daNETE A NUESTRO CANAL DE TELEGRAM PARA ESTAR INFORMADO<\/a><\/strong><\/em><\/strong><\/em><\/strong><\/em><\/strong><\/em><\/p>\n\n\n\n<p><strong><em>\u201cLa reelecci\u00f3n no implica perpetuidad en el poder, sino someterse al veredicto de las urnas en cada elecci\u00f3n<\/em><\/strong>\u201d, argument\u00f3 Dur\u00e1n en la iniciativa. Adem\u00e1s, este jueves la Legislatura bonaerense celebrar\u00e1 una sesi\u00f3n especial para debatir un proyecto similar, pero enfocado en habilitar la reelecci\u00f3n indefinida de diputados y senadores provinciales.<\/p>\n\n\n\n<p>\u201c<strong><em>El voto es el mejor mecanismo de control democr\u00e1tico. Si un intendente o concejal no cumple su funci\u00f3n, los ciudadanos tienen el poder de removerlo en las urnas. La democracia no se fortalece impidiendo candidaturas, sino garantizando elecciones libres y competitivas<\/em><\/strong>\u201d, a\u00f1adi\u00f3 la legisladora.<\/p>\n\n\n\n<h3 class=\"wp-block-heading\"><strong><mark style=\"background-color:rgba(0, 0, 0, 0)\" class=\"has-inline-color has-vivid-red-color\">Internas en el peronismo: tensi\u00f3n con el cristinismo<\/mark><\/strong><\/h3>\n\n\n\n<p>El proyecto de Dur\u00e1n, presentado desde el espacio Movimiento Derecho al Futuro, colisiona con el de su compa\u00f1ero de bancada Luis Vivona, m\u00e1s alineado con el cristinismo. La propuesta de Vivona tambi\u00e9n plantea la reelecci\u00f3n indefinida, pero excluye a los intendentes: abarca diputados, senadores, concejales y consejeros escolares. Dur\u00e1n busca incluirlos.<\/p>\n\n\n\n<p>La insistencia del kicillofismo por incorporar a los jefes comunales profundiza una interna abierta, especialmente tras los \u00faltimos resultados electorales en la Ciudad de Buenos Aires, que reavivaron el debate sobre el desdoblamiento o la unificaci\u00f3n de elecciones provinciales y nacionales. Aunque ese tema ya fue zanjado en el calendario electoral, sigue generando ruido dentro del peronismo.<\/p>\n\n\n\n<p>Por su parte, el jefe de Gabinete bonaerense, Carlos Bianco, desestim\u00f3 las comparaciones entre la situaci\u00f3n de la provincia y la Ciudad.<\/p>\n\n\n\n<p>El proyecto de Vivona ya cuenta con dictamen favorable y podr\u00eda tratarse este jueves en la C\u00e1mara, seg\u00fan la convocatoria hecha por la vicegobernadora Ver\u00f3nica Magario. Para su aprobaci\u00f3n, el oficialismo necesita mayor\u00eda simple: la mitad m\u00e1s uno de los legisladores presentes. El peronismo tiene 21 senadores y necesita al menos tres votos m\u00e1s para alcanzar la media sanci\u00f3n.<\/p>\n\n\n\n<p class=\"has-text-align-center\"><strong><a href=\"https:\/\/chat.whatsapp.com\/KWkTmakY3I05kNdd2oZl6d\"><em>\u00daNETE A NUESTRO GRUPO DE WHATSAPP PARA ESTAR INFORMADO<\/em><\/a><\/strong><\/p>\n\n\n\n<p class=\"has-text-align-right\"><strong><em>Con Informaci\u00f3n de perfil.com.-<\/em><\/strong><\/p>\n","protected":false},"excerpt":{"rendered":"<p>Una senadora alineada al gobernador bonaerense present\u00f3 un proyecto para eliminar la restricci\u00f3n que le impide a los mandatarios municipales renovar el mandato m\u00e1s de dos veces consecutivas.<\/p>\n","protected":false},"author":3,"featured_media":73836,"comment_status":"closed","ping_status":"closed","sticky":false,"template":"","format":"standard","meta":{"jnews-multi-image_gallery":[],"jnews_single_post":{"format":"standard"},"jnews_primary_category":[],"jnews_social_meta":[],"jnews_review":[],"enable_review":"","type":"","name":"","summary":"","brand":"","sku":"","good":[],"bad":[],"score_override":"","override_value":"","rating":[],"price":[],"jnews_override_counter":[],"jnews_post_split":[],"footnotes":""},"categories":[58,59],"tags":[44,888,30257,30255,30254,30253,30258,45,30256],"class_list":["post-73835","post","type-post","status-publish","format-standard","has-post-thumbnail","hentry","category-argentina","category-politica","tag-argentina","tag-axel-kicillof","tag-ayelen-duran","tag-intendentes","tag-kicillof","tag-kicillofismo","tag-luis-vivona","tag-noticias","tag-reeleccion-indefinida"],"_links":{"self":[{"href":"https:\/\/esreviral.com\/index.php?rest_route=\/wp\/v2\/posts\/73835","targetHints":{"allow":["GET"]}}],"collection":[{"href":"https:\/\/esreviral.com\/index.php?rest_route=\/wp\/v2\/posts"}],"about":[{"href":"https:\/\/esreviral.com\/index.php?rest_route=\/wp\/v2\/types\/post"}],"author":[{"embeddable":true,"href":"https:\/\/esreviral.com\/index.php?rest_route=\/wp\/v2\/users\/3"}],"replies":[{"embeddable":true,"href":"https:\/\/esreviral.com\/index.php?rest_route=%2Fwp%2Fv2%2Fcomments&post=73835"}],"version-history":[{"count":1,"href":"https:\/\/esreviral.com\/index.php?rest_route=\/wp\/v2\/posts\/73835\/revisions"}],"predecessor-version":[{"id":73837,"href":"https:\/\/esreviral.com\/index.php?rest_route=\/wp\/v2\/posts\/73835\/revisions\/73837"}],"wp:featuredmedia":[{"embeddable":true,"href":"https:\/\/esreviral.com\/index.php?rest_route=\/wp\/v2\/media\/73836"}],"wp:attachment":[{"href":"https:\/\/esreviral.com\/index.php?rest_route=%2Fwp%2Fv2%2Fmedia&parent=73835"}],"wp:term":[{"taxonomy":"category","embeddable":true,"href":"https:\/\/esreviral.com\/index.php?rest_route=%2Fwp%2Fv2%2Fcategories&post=73835"},{"taxonomy":"post_tag","embeddable":true,"href":"https:\/\/esreviral.com\/index.php?rest_route=%2Fwp%2Fv2%2Ftags&post=73835"}],"curies":[{"name":"wp","href":"https:\/\/api.w.org\/{rel}","templated":true}]}}