{"id":73795,"date":"2025-05-19T11:57:49","date_gmt":"2025-05-19T16:57:49","guid":{"rendered":"https:\/\/esreviral.com\/?p=73795"},"modified":"2025-05-19T11:59:30","modified_gmt":"2025-05-19T16:59:30","slug":"diosdado-cabello-anuncio-la-suspension-de-manera-inmediata-de-todos-los-vuelos-de-colombia-a-venezuela","status":"publish","type":"post","link":"https:\/\/esreviral.com\/?p=73795","title":{"rendered":"Diosdado Cabello anunci\u00f3 la suspensi\u00f3n de manera inmediata de todos los vuelos de Colombia a Venezuela"},"content":{"rendered":"\n<p>El vicepresidente del PSUV y actual ministro de Interior y Justicia, <strong>Diosdado Cabello<\/strong>, anunci\u00f3 la <strong>suspensi\u00f3n inmediata de todos los vuelos procedentes de Colombia hacia Venezuela<\/strong>, tras la captura de varios presuntos terroristas que, seg\u00fan afirm\u00f3, pretend\u00edan ejecutar ataques en el pa\u00eds.<\/p>\n\n\n\n<p class=\"has-text-align-center\"><em><strong><em><strong><em><strong><em><strong><a href=\"https:\/\/t.me\/esreviral\">\u00daNETE A NUESTRO CANAL DE TELEGRAM PARA ESTAR INFORMADO<\/a><\/strong><\/em><\/strong><\/em><\/strong><\/em><\/strong><\/em><\/p>\n\n\n\n<blockquote class=\"twitter-tweet\"><p lang=\"es\" dir=\"ltr\"><a href=\"https:\/\/twitter.com\/hashtag\/19may?src=hash&amp;ref_src=twsrc%5Etfw\">#19may<\/a> Diosdado Cabello anunci\u00f3 la prohibici\u00f3n de los vuelos desde Colombia a Venezuela <a href=\"https:\/\/t.co\/IhwYC0BeB1\">pic.twitter.com\/IhwYC0BeB1<\/a><\/p>&mdash; ES RE VIRAL (@esreviral) <a href=\"https:\/\/twitter.com\/esreviral\/status\/1924508968241541290?ref_src=twsrc%5Etfw\">May 19, 2025<\/a><\/blockquote> <script async src=\"https:\/\/platform.twitter.com\/widgets.js\" charset=\"utf-8\"><\/script>\n\n\n\n<p><\/p>\n\n\n\n<p>Cabello explic\u00f3 que estas rutas a\u00e9reas est\u00e1n siendo utilizadas por personas que ingresan a Venezuela desde otros destinos, <strong>haci\u00e9ndose pasar por turistas<\/strong>, con la finalidad de participar en planes de desestabilizaci\u00f3n. Entre los detenidos, mencion\u00f3 a un <strong>exmilitar involucrado en los hechos del 30 de abril en el distribuidor de La Carlota<\/strong>, en Caracas.<\/p>\n\n\n\n<p>El funcionario asegur\u00f3 que una nueva operaci\u00f3n permiti\u00f3 \u00ab<strong>desarticular un plan contra el presidente Nicol\u00e1s Maduro<\/strong>\u00bb y result\u00f3 en la <strong>detenci\u00f3n de 38 supuestos mercenarios<\/strong>, de los cuales <strong>19 ser\u00edan extranjeros<\/strong>\u00ab.<\/p>\n\n\n\n<p>\u201c<strong>Hemos ordenado suspender de manera inmediata todos los vuelos que vengan desde Colombia<\/strong>, porque la informaci\u00f3n que manejamos indica que estas personas ingresan como turistas y luego intentan ejecutar atentados en el pa\u00eds\u201d, afirm\u00f3 Cabello.<\/p>\n\n\n\n<p>De forma ir\u00f3nica, el dirigente oficialista respondi\u00f3 a quienes hablan de \u201cse\u00f1ales\u201d asegurando: \u201cYa est\u00e1n en Venezuela, s\u00ed. <strong>Ya hay 38 detenidos. Les mando esa se\u00f1al<\/strong>\u201d.<\/p>\n\n\n\n<p class=\"has-text-align-center\"><strong><a href=\"https:\/\/chat.whatsapp.com\/KWkTmakY3I05kNdd2oZl6d\"><em>\u00daNETE A NUESTRO GRUPO DE WHATSAPP PARA ESTAR INFORMADO<\/em><\/a><\/strong><\/p>\n\n\n\n<p class=\"has-text-align-right\"><\/p>\n\n\n\n<p class=\"has-text-align-right\"><strong><em>Con Informaci\u00f3n de ntn24.com-<\/em><\/strong><\/p>\n","protected":false},"excerpt":{"rendered":"<p>Diosdado Cabello denunci\u00f3 una trama para boicotear las elecciones del 25 de mayo.<\/p>\n","protected":false},"author":3,"featured_media":73796,"comment_status":"closed","ping_status":"closed","sticky":false,"template":"","format":"standard","meta":{"jnews-multi-image_gallery":[],"jnews_single_post":{"format":"standard"},"jnews_primary_category":[],"jnews_social_meta":[],"jnews_review":[],"enable_review":"","type":"","name":"","summary":"","brand":"","sku":"","good":[],"bad":[],"score_override":"","override_value":"","rating":[],"price":[],"jnews_override_counter":[],"jnews_post_split":[],"footnotes":""},"categories":[59,66],"tags":[3091,381,45,30228,2845,17380],"class_list":["post-73795","post","type-post","status-publish","format-standard","has-post-thumbnail","hentry","category-politica","category-venezuela","tag-detenciones","tag-diosdado-cabello","tag-noticias","tag-relaciones-comerciales","tag-terrorismo","tag-venezuela-y-colombia"],"amp_enabled":true,"_links":{"self":[{"href":"https:\/\/esreviral.com\/index.php?rest_route=\/wp\/v2\/posts\/73795"}],"collection":[{"href":"https:\/\/esreviral.com\/index.php?rest_route=\/wp\/v2\/posts"}],"about":[{"href":"https:\/\/esreviral.com\/index.php?rest_route=\/wp\/v2\/types\/post"}],"author":[{"embeddable":true,"href":"https:\/\/esreviral.com\/index.php?rest_route=\/wp\/v2\/users\/3"}],"replies":[{"embeddable":true,"href":"https:\/\/esreviral.com\/index.php?rest_route=%2Fwp%2Fv2%2Fcomments&post=73795"}],"version-history":[{"count":3,"href":"https:\/\/esreviral.com\/index.php?rest_route=\/wp\/v2\/posts\/73795\/revisions"}],"predecessor-version":[{"id":73799,"href":"https:\/\/esreviral.com\/index.php?rest_route=\/wp\/v2\/posts\/73795\/revisions\/73799"}],"wp:featuredmedia":[{"embeddable":true,"href":"https:\/\/esreviral.com\/index.php?rest_route=\/wp\/v2\/media\/73796"}],"wp:attachment":[{"href":"https:\/\/esreviral.com\/index.php?rest_route=%2Fwp%2Fv2%2Fmedia&parent=73795"}],"wp:term":[{"taxonomy":"category","embeddable":true,"href":"https:\/\/esreviral.com\/index.php?rest_route=%2Fwp%2Fv2%2Fcategories&post=73795"},{"taxonomy":"post_tag","embeddable":true,"href":"https:\/\/esreviral.com\/index.php?rest_route=%2Fwp%2Fv2%2Ftags&post=73795"}],"curies":[{"name":"wp","href":"https:\/\/api.w.org\/{rel}","templated":true}]}}