{"id":73779,"date":"2025-05-19T10:33:49","date_gmt":"2025-05-19T15:33:49","guid":{"rendered":"https:\/\/esreviral.com\/?p=73779"},"modified":"2025-05-19T10:37:42","modified_gmt":"2025-05-19T15:37:42","slug":"quienes-son-los-nuevos-legisladores-electos-en-caba-2025","status":"publish","type":"post","link":"https:\/\/esreviral.com\/?p=73779","title":{"rendered":"Qui\u00e9nes son los nuevos legisladores electos en CABA 2025"},"content":{"rendered":"\n<p><strong>El proceso electoral en la Ciudad de Buenos Aires<\/strong>, que culmin\u00f3 ayer, marcar\u00e1 un cambio significativo en la din\u00e1mica parlamentaria de cara al segundo tramo del mandato de Jorge Macri como jefe de Gobierno. En t\u00e9rminos pol\u00edticos, <strong>hubo un claro vencedor: La Libertad Avanza (LLA),<\/strong> que con el vocero presidencial <strong>Manuel Adorni<\/strong> como principal figura y una fuerte presencia del<strong> presidente Javier Milei, <\/strong>se impuso al kirchnerismo y al PRO, relegado al tercer lugar en su propio basti\u00f3n.<\/p>\n\n\n\n<p class=\"has-text-align-center\"><em><strong><em><strong><em><strong><em><strong><a href=\"https:\/\/t.me\/esreviral\">\u00daNETE A NUESTRO CANAL DE TELEGRAM PARA ESTAR INFORMADO<\/a><\/strong><\/em><\/strong><\/em><\/strong><\/em><\/strong><\/em><\/p>\n\n\n\n<p><strong>Con el 30,13% de los votos, LLA ampli\u00f3 su representaci\u00f3n en la Legislatura porte\u00f1a de ocho a 14 bancas<\/strong>. Adem\u00e1s de Adorni, obtuvieron esca\u00f1os <strong>Solana Pelayo,<\/strong> directora del Banco Naci\u00f3n; <strong>Nicol\u00e1s Pakgojz<\/strong>, presidente de la Agencia de Administraci\u00f3n de Bienes del Estado (AABE) y exjefe de Gabinete de la Secretar\u00eda de Desarrollo Urbano de CABA; y <strong>Andrea Freguia<\/strong>, coordinadora comunal de LLA en la ciudad. Tambi\u00e9n fueron electos <strong>Juan Pablo Arenaza, <\/strong>legislador porte\u00f1o desde 2021 y exPRO cercano a Patricia Bullrich; <strong>Luc\u00eda Montenegro<\/strong>, actual legisladora de 27 a\u00f1os, entrenadora de artes marciales y aliada de Victoria Villarruel; <strong>Leonardo Saifert,<\/strong> quien renov\u00f3 su banca; <strong>Rebeca Fleitas<\/strong>, comunicadora, locutora nacional y fundadora de Mujeres por la Libertad; Diego Vartabedian; <strong>Marina Kienast<\/strong>, abogada y traductora p\u00fablica; y <strong>Juan Ignacio Fern\u00e1ndez.<\/strong><\/p>\n\n\n\n<p><strong>El espacio Es Ahora Buenos Aires, liderado por Leandro Santoro,<\/strong> tambi\u00e9n logr\u00f3 consolidarse. Con el 27,35% de los votos, obtuvo diez nuevas bancas, que, sumadas a las diez ya vigentes hasta 2027, elevan su representaci\u00f3n a 20 legisladores. Junto a Santoro ingresaron <strong>Claudia Negri, <\/strong>m\u00e9dica obstetra y vicedecana de la Facultad de Medicina de la UBA; <strong>Federico Mochi,<\/strong> abogado y docente en Derecho (UBA); <strong>Mariana Gonz\u00e1lez,<\/strong> militante del Movimiento de Trabajadores Excluidos; <strong>Juan Pablo Modarelli,<\/strong> de La C\u00e1mpora, quien renov\u00f3 su banca;<strong> Noem\u00ed Geminiani<\/strong>, sindicalista del SUTERH; <strong>Alejandro \u201cPitu\u201d Salvatierra, <\/strong>referente barrial; <strong>B\u00e1rbara Rossen,<\/strong> arquitecta y exfuncionaria de la Defensor\u00eda del Pueblo;<strong> Francisco Caporiccio<\/strong>, del Frente Renovador; y Berenice Ia\u00f1ez, quien tambi\u00e9n renov\u00f3 su esca\u00f1o.<\/p>\n\n\n\n<p>En tanto, el PRO, que llev\u00f3 como principal candidata a <strong>Silvia Lospennato<\/strong>, qued\u00f3 tercero con el <strong>15,92% de los votos y perdi\u00f3 una banca.<\/strong> As\u00ed, logr\u00f3 incorporar cinco legisladores, reduciendo su presencia a 11 esca\u00f1os. Junto a Lospennato, asumieron <strong>Hern\u00e1n Lombardi,<\/strong> exministro de Cultura; <strong>Laura Alonso, <\/strong>exdiputada y extitular de la Oficina Anticorrupci\u00f3n, hoy vocera del Gobierno porte\u00f1o; y <strong>Dar\u00edo Nieto<\/strong>, quien renov\u00f3 su banca y lidera el bloque Vamos por M\u00e1s.<\/p>\n\n\n\n<p><strong>En cuarto lugar se ubic\u00f3 Volvamos Buenos Aires, <\/strong>la lista encabezada por <strong>Horacio Rodr\u00edguez Larreta<\/strong>, que obtuvo el 8,08% de los votos y sum\u00f3 tres legisladores, alcanzando un total de cinco bancas. A Larreta lo acompa\u00f1ar\u00e1n <strong>Guadalupe Tagliaferri<\/strong>, senadora nacional, y <strong>Emmanuel Ferrario, <\/strong>quien renov\u00f3 su lugar.<\/p>\n\n\n\n<p><strong>El Frente de Izquierda-Unidad (FIT-U) <\/strong>super\u00f3 el umbral del 3% con el 3,16% de los votos, lo que permiti\u00f3 a su candidata principal, <strong>Vanina Biasi,<\/strong> ingresar a la Legislatura. As\u00ed, la izquierda conserva dos esca\u00f1os.<\/p>\n\n\n\n<p>Por fuera del umbral, <strong>Evoluci\u00f3n, con Lucille \u00abLula\u00bb Levy <\/strong>como candidata, no logr\u00f3 representaci\u00f3n en esta elecci\u00f3n pero mantiene cinco bancas vigentes. En una situaci\u00f3n similar se encuentra el MID, que llev\u00f3 al exentrenador Ricardo Caruso Lombardi como figura principal: con apenas el 1,67% de los votos, tampoco obtuvo nuevas bancas, aunque retiene dos legisladores.<\/p>\n\n\n\n<p class=\"has-text-align-center\"><strong><a href=\"https:\/\/chat.whatsapp.com\/KWkTmakY3I05kNdd2oZl6d\"><em>\u00daNETE A NUESTRO GRUPO DE WHATSAPP PARA ESTAR INFORMADO<\/em><\/a><\/strong><\/p>\n\n\n\n<p class=\"has-text-align-right\"><strong><em>Con Informaci\u00f3n de Infobae.-<\/em><\/strong><\/p>\n","protected":false},"excerpt":{"rendered":"<p>Manuel Adorni, Leandro Santoro, Silvia Lospennato y Horacio Rodr\u00edguez Larreta se aseguraron un lugar en la Legislatura de la Ciudad de Buenos Aires. Qu\u00e9 otros dirigentes se sumar\u00e1n a la discusi\u00f3n legislativa<\/p>\n","protected":false},"author":3,"featured_media":73780,"comment_status":"closed","ping_status":"closed","sticky":false,"template":"","format":"standard","meta":{"jnews-multi-image_gallery":[],"jnews_single_post":{"format":"standard"},"jnews_primary_category":[],"jnews_social_meta":[],"jnews_review":[],"enable_review":"","type":"","name":"","summary":"","brand":"","sku":"","good":[],"bad":[],"score_override":"","override_value":"","rating":[],"price":[],"jnews_override_counter":[],"jnews_post_split":[],"footnotes":""},"categories":[58,59],"tags":[44,30211,30212,45,7230],"class_list":["post-73779","post","type-post","status-publish","format-standard","has-post-thumbnail","hentry","category-argentina","category-politica","tag-argentina","tag-elecciones-2025-caba","tag-lla","tag-noticias","tag-pro"],"_links":{"self":[{"href":"https:\/\/esreviral.com\/index.php?rest_route=\/wp\/v2\/posts\/73779","targetHints":{"allow":["GET"]}}],"collection":[{"href":"https:\/\/esreviral.com\/index.php?rest_route=\/wp\/v2\/posts"}],"about":[{"href":"https:\/\/esreviral.com\/index.php?rest_route=\/wp\/v2\/types\/post"}],"author":[{"embeddable":true,"href":"https:\/\/esreviral.com\/index.php?rest_route=\/wp\/v2\/users\/3"}],"replies":[{"embeddable":true,"href":"https:\/\/esreviral.com\/index.php?rest_route=%2Fwp%2Fv2%2Fcomments&post=73779"}],"version-history":[{"count":2,"href":"https:\/\/esreviral.com\/index.php?rest_route=\/wp\/v2\/posts\/73779\/revisions"}],"predecessor-version":[{"id":73783,"href":"https:\/\/esreviral.com\/index.php?rest_route=\/wp\/v2\/posts\/73779\/revisions\/73783"}],"wp:featuredmedia":[{"embeddable":true,"href":"https:\/\/esreviral.com\/index.php?rest_route=\/wp\/v2\/media\/73780"}],"wp:attachment":[{"href":"https:\/\/esreviral.com\/index.php?rest_route=%2Fwp%2Fv2%2Fmedia&parent=73779"}],"wp:term":[{"taxonomy":"category","embeddable":true,"href":"https:\/\/esreviral.com\/index.php?rest_route=%2Fwp%2Fv2%2Fcategories&post=73779"},{"taxonomy":"post_tag","embeddable":true,"href":"https:\/\/esreviral.com\/index.php?rest_route=%2Fwp%2Fv2%2Ftags&post=73779"}],"curies":[{"name":"wp","href":"https:\/\/api.w.org\/{rel}","templated":true}]}}