{"id":73693,"date":"2025-05-16T12:59:58","date_gmt":"2025-05-16T17:59:58","guid":{"rendered":"https:\/\/esreviral.com\/?p=73693"},"modified":"2025-05-16T12:59:58","modified_gmt":"2025-05-16T17:59:58","slug":"el-papa-leon-xiv-defendio-la-familia-tradicional-ante-diplomaticos","status":"publish","type":"post","link":"https:\/\/esreviral.com\/?p=73693","title":{"rendered":"El papa Le\u00f3n XIV defendi\u00f3 la familia tradicional ante diplom\u00e1ticos"},"content":{"rendered":"\n<p>El papa Le\u00f3n XIV inst\u00f3 este viernes a los l\u00edderes del mundo a \u201c<strong><em>aplicarse para construir sociedades civiles arm\u00f3nicas y pac\u00edficas\u201d<\/em><\/strong>, y afirm\u00f3 que este objetivo puede alcanzarse <strong><em>\u201cprincipalmente invirtiendo en la familia, fundada sobre la uni\u00f3n estable entre el hombre y la mujer\u201d<\/em><\/strong>.<\/p>\n\n\n\n<p>As\u00ed lo expres\u00f3 durante su primer discurso ante el <strong>cuerpo diplom\u00e1tico acreditado ante la Santa Sede<\/strong>, compuesto por representantes de los 184 pa\u00edses con los que el Vaticano mantiene relaciones diplom\u00e1ticas.<\/p>\n\n\n\n<p class=\"has-text-align-center\"><em><strong><em><strong><em><strong><em><strong><a href=\"https:\/\/t.me\/esreviral\">\u00daNETE A NUESTRO CANAL DE TELEGRAM PARA ESTAR INFORMADO<\/a><\/strong><\/em><\/strong><\/em><\/strong><\/em><\/strong><\/em><\/p>\n\n\n\n<p>Durante su intervenci\u00f3n, el pont\u00edfice estadounidense sostuvo que, en medio del cambio de \u00e9poca que atraviesa el mundo, <strong>\u201cla Santa Sede no puede dejar de hacer o\u00edr su voz\u201d<\/strong> ante los desequilibrios e injusticias que derivan en \u201ccondiciones indignas de trabajo y sociedades cada vez m\u00e1s fragmentadas y conflictivas\u201d.<\/p>\n\n\n\n<p>Asimismo, hizo un llamado urgente a <strong>reducir las desigualdades globales<\/strong>, que \u2014dijo\u2014 \u201cprofundizan las brechas entre continentes, pa\u00edses e incluso dentro de las propias sociedades\u201d.<\/p>\n\n\n\n<p>En ese marco, reafirm\u00f3 que <strong>la familia es la base de toda sociedad<\/strong>, y la defini\u00f3 como una instituci\u00f3n \u201cpeque\u00f1a, es cierto, pero verdadera y m\u00e1s antigua que cualquier otra\u201d.<\/p>\n\n\n\n<p>Tambi\u00e9n pidi\u00f3 a los gobiernos \u201cfavorecer contextos en los que se proteja la dignidad de cada persona, especialmente de los m\u00e1s fr\u00e1giles e indefensos: desde el ni\u00f1o por nacer hasta el anciano, desde el enfermo hasta el desempleado, sean ciudadanos o migrantes\u201d.<\/p>\n\n\n\n<p>En su primer encuentro con diplom\u00e1ticos, el papa Le\u00f3n XIV tambi\u00e9n hizo un llamado a <strong>revitalizar la diplomacia multilateral<\/strong> y fortalecer las instituciones internacionales creadas \u201cpara resolver controversias dentro de la comunidad internacional\u201d.<\/p>\n\n\n\n<p>Por \u00faltimo, record\u00f3 el pedido de su predecesor, el papa Francisco, pronunciado el pasado Domingo de Resurrecci\u00f3n, de <strong>detener la carrera armamentista<\/strong>, e hizo un llamado a la esperanza:<\/p>\n\n\n\n<blockquote class=\"wp-block-quote is-layout-flow wp-block-quote-is-layout-flow\">\n<p>\u201cEs tiempo de conversi\u00f3n y renovaci\u00f3n, y sobre todo de dejar atr\u00e1s las contiendas para iniciar un camino nuevo, animados por la esperanza de construir \u2014trabajando juntos, cada uno desde su sensibilidad y responsabilidad\u2014 un mundo donde cada ser humano pueda desarrollar plenamente su humanidad en la verdad, la justicia y la paz\u201d.<\/p>\n\n\n\n<p class=\"has-text-align-center\"><strong><a href=\"https:\/\/chat.whatsapp.com\/KWkTmakY3I05kNdd2oZl6d\"><em>\u00daNETE A NUESTRO GRUPO DE WHATSAPP PARA ESTAR INFORMADO<\/em><\/a><\/strong><\/p>\n<\/blockquote>\n\n\n\n<p class=\"has-text-align-right\"><strong><em>Con informaci\u00f3n de EFE<\/em>.-<\/strong><\/p>\n","protected":false},"excerpt":{"rendered":"<p>El pont\u00edfice brind\u00f3 un discurso ante los representantes de los 184 pa\u00edses con los que la Santa Sede mantiene relaciones diplom\u00e1ticas<\/p>\n","protected":false},"author":3,"featured_media":73694,"comment_status":"closed","ping_status":"closed","sticky":false,"template":"","format":"standard","meta":{"jnews-multi-image_gallery":[],"jnews_single_post":{"format":"standard"},"jnews_primary_category":[],"jnews_social_meta":[],"jnews_review":[],"enable_review":"","type":"","name":"","summary":"","brand":"","sku":"","good":[],"bad":[],"score_override":"","override_value":"","rating":[],"price":[],"jnews_override_counter":[],"jnews_post_split":[],"footnotes":""},"categories":[88],"tags":[3932,29763,45,129],"class_list":["post-73693","post","type-post","status-publish","format-standard","has-post-thumbnail","hentry","category-internacionales","tag-familia","tag-leon-xiv","tag-noticias","tag-vaticano"],"amp_enabled":true,"_links":{"self":[{"href":"https:\/\/esreviral.com\/index.php?rest_route=\/wp\/v2\/posts\/73693"}],"collection":[{"href":"https:\/\/esreviral.com\/index.php?rest_route=\/wp\/v2\/posts"}],"about":[{"href":"https:\/\/esreviral.com\/index.php?rest_route=\/wp\/v2\/types\/post"}],"author":[{"embeddable":true,"href":"https:\/\/esreviral.com\/index.php?rest_route=\/wp\/v2\/users\/3"}],"replies":[{"embeddable":true,"href":"https:\/\/esreviral.com\/index.php?rest_route=%2Fwp%2Fv2%2Fcomments&post=73693"}],"version-history":[{"count":1,"href":"https:\/\/esreviral.com\/index.php?rest_route=\/wp\/v2\/posts\/73693\/revisions"}],"predecessor-version":[{"id":73695,"href":"https:\/\/esreviral.com\/index.php?rest_route=\/wp\/v2\/posts\/73693\/revisions\/73695"}],"wp:featuredmedia":[{"embeddable":true,"href":"https:\/\/esreviral.com\/index.php?rest_route=\/wp\/v2\/media\/73694"}],"wp:attachment":[{"href":"https:\/\/esreviral.com\/index.php?rest_route=%2Fwp%2Fv2%2Fmedia&parent=73693"}],"wp:term":[{"taxonomy":"category","embeddable":true,"href":"https:\/\/esreviral.com\/index.php?rest_route=%2Fwp%2Fv2%2Fcategories&post=73693"},{"taxonomy":"post_tag","embeddable":true,"href":"https:\/\/esreviral.com\/index.php?rest_route=%2Fwp%2Fv2%2Ftags&post=73693"}],"curies":[{"name":"wp","href":"https:\/\/api.w.org\/{rel}","templated":true}]}}