{"id":73631,"date":"2025-05-15T13:47:55","date_gmt":"2025-05-15T18:47:55","guid":{"rendered":"https:\/\/esreviral.com\/?p=73631"},"modified":"2025-05-15T13:47:56","modified_gmt":"2025-05-15T18:47:56","slug":"aumentan-los-transportes-y-el-peaje-cuanto-costaran-a-partir-de-junio","status":"publish","type":"post","link":"https:\/\/esreviral.com\/?p=73631","title":{"rendered":"Aumentan los transportes y el peaje: Cu\u00e1nto costar\u00e1n a partir de Junio"},"content":{"rendered":"\n<p>A partir del 1\u00b0 de junio, las tarifas del transporte p\u00fablico y peajes en la Ciudad Aut\u00f3noma de Buenos Aires (CABA) sufrir\u00e1n un aumento del <strong>4,8%<\/strong>, en l\u00ednea con el esquema de actualizaci\u00f3n mensual basado en el \u00cdndice de Precios al Consumidor (IPC) de abril, al que se le suman <strong>dos puntos porcentuales adicionales<\/strong>.<\/p>\n\n\n\n<p>El ajuste aplica a los <strong>colectivos<\/strong>, <strong>subtes<\/strong>, <strong>Premetro<\/strong> y <strong>peajes porte\u00f1os<\/strong>. Este mismo mecanismo rige para las l\u00edneas de colectivos que circulan por la <strong>provincia de Buenos Aires<\/strong>.<\/p>\n\n\n\n<p>En cambio, los colectivos de <strong>jurisdicci\u00f3n nacional<\/strong> (que operan en el AMBA bajo competencia del Gobierno Nacional) <strong>no tendr\u00e1n modificaciones<\/strong>, ya que sus tarifas contin\u00faan congeladas desde agosto de 2023.<\/p>\n\n\n\n<p class=\"has-text-align-center\"><em><strong><em><strong><em><strong><em><strong><a href=\"https:\/\/t.me\/esreviral\">\u00daNETE A NUESTRO CANAL DE TELEGRAM PARA ESTAR INFORMADO<\/a><\/strong><\/em><\/strong><\/em><\/strong><\/em><\/strong><\/em><\/p>\n\n\n\n<h3 class=\"wp-block-heading\"><strong><mark style=\"background-color:rgba(0, 0, 0, 0)\" class=\"has-inline-color has-vivid-red-color\">\ud83d\ude8d Nuevas tarifas de colectivos en CABA (desde el 1\u00b0 de junio)<\/mark><\/strong><\/h3>\n\n\n\n<ul class=\"wp-block-list\">\n<li><strong>0 a 3 km:<\/strong> de $450,63 a <strong>$472,27<\/strong><\/li>\n\n\n\n<li><strong>3 a 6 km:<\/strong> de $502,00 a <strong>$526,10<\/strong><\/li>\n\n\n\n<li><strong>6 a 12 km:<\/strong> de $540,68 a <strong>$566,65<\/strong><\/li>\n\n\n\n<li><strong>12 a 27 km:<\/strong> de $579,39 a <strong>$607,21<\/strong><\/li>\n<\/ul>\n\n\n\n<h3 class=\"wp-block-heading\"><strong><mark style=\"background-color:rgba(0, 0, 0, 0)\" class=\"has-inline-color has-vivid-red-color\">\ud83d\ude8c Tarifas en colectivos de la Provincia de Buenos Aires<\/mark><\/strong><\/h3>\n\n\n\n<ul class=\"wp-block-list\">\n<li><strong>1\u00aa secci\u00f3n:<\/strong> de $451,01 a <strong>$472,66<\/strong><\/li>\n\n\n\n<li><strong>2\u00aa secci\u00f3n:<\/strong> de $502,43 a <strong>$526,56<\/strong><\/li>\n\n\n\n<li><strong>3\u00aa secci\u00f3n:<\/strong> de $541,13 a <strong>$567,07<\/strong><\/li>\n\n\n\n<li><strong>4\u00aa secci\u00f3n:<\/strong> de $579,88 a <strong>$607,70<\/strong><\/li>\n\n\n\n<li><strong>5\u00aa secci\u00f3n:<\/strong> de $618,35 a <strong>$648,00<\/strong><\/li>\n<\/ul>\n\n\n\n<h3 class=\"wp-block-heading\"><strong><mark style=\"background-color:rgba(0, 0, 0, 0)\" class=\"has-inline-color has-vivid-red-color\">\ud83d\udfe1 Tarifas congeladas en colectivos nacionales (sin aumentos)<\/mark><\/strong><\/h3>\n\n\n\n<ul class=\"wp-block-list\">\n<li><strong>0 a 3 km:<\/strong> $371,13<\/li>\n\n\n\n<li><strong>3 a 6 km:<\/strong> $413,44<\/li>\n\n\n\n<li><strong>6 a 12 km:<\/strong> $445,29<\/li>\n\n\n\n<li><strong>12 a 27 km:<\/strong> $477,17<\/li>\n\n\n\n<li><strong>M\u00e1s de 27 km:<\/strong> $508,83<\/li>\n<\/ul>\n\n\n\n<h3 class=\"wp-block-heading\"><strong><mark style=\"background-color:rgba(0, 0, 0, 0)\" class=\"has-inline-color has-vivid-red-color\">\ud83d\ude87 Nuevas tarifas de subte y Premetro<\/mark><\/strong><\/h3>\n\n\n\n<ul class=\"wp-block-list\">\n<li><strong>Subte:<\/strong> de $919,00 a <strong>$963,00<\/strong><\/li>\n\n\n\n<li><strong>Premetro:<\/strong> de $323,00 a <strong>$338,50<\/strong><\/li>\n<\/ul>\n\n\n\n<h3 class=\"wp-block-heading\"><strong><mark style=\"background-color:rgba(0, 0, 0, 0)\" class=\"has-inline-color has-vivid-red-color\">\ud83d\ude97 Aumento en peajes de CABA (autos y motos)<\/mark><\/strong><\/h3>\n\n\n\n<ul class=\"wp-block-list\">\n<li><strong>25 de Mayo y Perito Moreno (autos):<\/strong> de $3.729,84 a <strong>$3.908,79<\/strong><\/li>\n\n\n\n<li><strong>Illia (autos):<\/strong> de $1.550,63 a <strong>$1.624,07<\/strong><\/li>\n\n\n\n<li><strong>Dellepiane (autos):<\/strong> de $2.235,16 a <strong>$2.342,46<\/strong><\/li>\n\n\n\n<li><strong>25 de Mayo y Perito Moreno (motos):<\/strong> de $1.764,30 a <strong>$1.849,99<\/strong><\/li>\n\n\n\n<li><strong>Illia (motos):<\/strong> de $757,42 a <strong>$793,76<\/strong><\/li>\n\n\n\n<li><strong>Dellepiane (motos):<\/strong> de $1.058,96 a <strong>$1.109,76<\/strong><\/li>\n<\/ul>\n\n\n\n<p><\/p>\n\n\n\n<p class=\"has-text-align-center\"><strong><a href=\"https:\/\/chat.whatsapp.com\/KWkTmakY3I05kNdd2oZl6d\"><em>\u00daNETE A NUESTRO GRUPO DE WHATSAPP PARA ESTAR INFORMADO<\/em><\/a><\/strong><\/p>\n","protected":false},"excerpt":{"rendered":"<p>Las tarifas incrementar\u00e1n un 4,8%. Conoc\u00e9 los nuevos valores que regir\u00e1n a partir del primer d\u00eda del pr\u00f3ximo mes.<\/p>\n","protected":false},"author":3,"featured_media":73632,"comment_status":"closed","ping_status":"closed","sticky":false,"template":"","format":"standard","meta":{"jnews-multi-image_gallery":[],"jnews_single_post":{"format":"standard"},"jnews_primary_category":[],"jnews_social_meta":[],"jnews_review":[],"enable_review":"","type":"","name":"","summary":"","brand":"","sku":"","good":[],"bad":[],"score_override":"","override_value":"","rating":[],"price":[],"jnews_override_counter":[],"jnews_post_split":[],"footnotes":""},"categories":[58,61],"tags":[44,30083,2143,45,1427,1865,290,316],"class_list":["post-73631","post","type-post","status-publish","format-standard","has-post-thumbnail","hentry","category-argentina","category-economia","tag-argentina","tag-aumento-del-transporte","tag-colectivos","tag-noticias","tag-peajes","tag-premetro","tag-subte","tag-tarifas"],"_links":{"self":[{"href":"https:\/\/esreviral.com\/index.php?rest_route=\/wp\/v2\/posts\/73631","targetHints":{"allow":["GET"]}}],"collection":[{"href":"https:\/\/esreviral.com\/index.php?rest_route=\/wp\/v2\/posts"}],"about":[{"href":"https:\/\/esreviral.com\/index.php?rest_route=\/wp\/v2\/types\/post"}],"author":[{"embeddable":true,"href":"https:\/\/esreviral.com\/index.php?rest_route=\/wp\/v2\/users\/3"}],"replies":[{"embeddable":true,"href":"https:\/\/esreviral.com\/index.php?rest_route=%2Fwp%2Fv2%2Fcomments&post=73631"}],"version-history":[{"count":1,"href":"https:\/\/esreviral.com\/index.php?rest_route=\/wp\/v2\/posts\/73631\/revisions"}],"predecessor-version":[{"id":73633,"href":"https:\/\/esreviral.com\/index.php?rest_route=\/wp\/v2\/posts\/73631\/revisions\/73633"}],"wp:featuredmedia":[{"embeddable":true,"href":"https:\/\/esreviral.com\/index.php?rest_route=\/wp\/v2\/media\/73632"}],"wp:attachment":[{"href":"https:\/\/esreviral.com\/index.php?rest_route=%2Fwp%2Fv2%2Fmedia&parent=73631"}],"wp:term":[{"taxonomy":"category","embeddable":true,"href":"https:\/\/esreviral.com\/index.php?rest_route=%2Fwp%2Fv2%2Fcategories&post=73631"},{"taxonomy":"post_tag","embeddable":true,"href":"https:\/\/esreviral.com\/index.php?rest_route=%2Fwp%2Fv2%2Ftags&post=73631"}],"curies":[{"name":"wp","href":"https:\/\/api.w.org\/{rel}","templated":true}]}}