{"id":73563,"date":"2025-05-14T10:12:41","date_gmt":"2025-05-14T15:12:41","guid":{"rendered":"https:\/\/esreviral.com\/?p=73563"},"modified":"2025-05-14T10:12:42","modified_gmt":"2025-05-14T15:12:42","slug":"video-asesinaron-a-una-reconocida-influencer-de-belleza-en-medio-de-una-transmision-en-vivo","status":"publish","type":"post","link":"https:\/\/esreviral.com\/?p=73563","title":{"rendered":"+VIDEO: Asesinaron a una reconocida influencer de belleza en medio de una transmisi\u00f3n en vivo"},"content":{"rendered":"\n<p><strong>Valeria M\u00e1rquez<\/strong>, una influencer mexicana de 23 a\u00f1os de edad con m\u00e1s de 95.000 seguidores en TikTok, fue asesinada este martes mientras realizaba una transmisi\u00f3n en vivo desde su sal\u00f3n de belleza en el estado de Jalisco,  M\u00e9xico.<\/p>\n\n\n\n<h3 class=\"wp-block-heading\"><strong><mark style=\"background-color:rgba(0, 0, 0, 0)\" class=\"has-inline-color has-vivid-red-color\">\u00bfQui\u00e9n era Valeria M\u00e1rquez?<\/mark><\/strong><\/h3>\n\n\n\n<p>M\u00e1rquez era conocida por compartir contenido relacionado con tips de belleza, retos virales, bailes y tendencias de moda. Algunos de sus videos alcanzaban hasta 800.000 visualizaciones. Hab\u00eda ganado notoriedad en 2021 al obtener el t\u00edtulo de <strong>Miss Rostro<\/strong> en un certamen en Guadalajara. Adem\u00e1s, era propietaria del sal\u00f3n <em>Blossom The Beauty Lounge<\/em>, ubicado en Zapopan, un suburbio de la capital jalisciense.<\/p>\n\n\n\n<p><\/p>\n\n\n\n<p class=\"has-text-align-center\"><em><strong><em><strong><em><strong><em><strong><a href=\"https:\/\/t.me\/esreviral\">\u00daNETE A NUESTRO CANAL DE TELEGRAM PARA ESTAR INFORMADO<\/a><\/strong><\/em><\/strong><\/em><\/strong><\/em><\/strong><\/em><\/p>\n\n\n\n<blockquote class=\"twitter-tweet\"><p lang=\"es\" dir=\"ltr\">\ud83c\uddf2\ud83c\uddfd<a href=\"https:\/\/twitter.com\/hashtag\/Im%C3%A1genesFuertes?src=hash&amp;ref_src=twsrc%5Etfw\">#Im\u00e1genesFuertes<\/a> | La influencer Valeria M\u00e1rquez fue asesinada en <a href=\"https:\/\/twitter.com\/hashtag\/Zapopan?src=hash&amp;ref_src=twsrc%5Etfw\">#Zapopan<\/a>, Jalisco, Mexico, mientras hac\u00eda una transmisi\u00f3n en vivo. <a href=\"https:\/\/t.co\/Pvuju8bDwI\">pic.twitter.com\/Pvuju8bDwI<\/a><\/p>&mdash; ES RE VIRAL (@esreviral) <a href=\"https:\/\/twitter.com\/esreviral\/status\/1922657886783643749?ref_src=twsrc%5Etfw\">May 14, 2025<\/a><\/blockquote> <script async src=\"https:\/\/platform.twitter.com\/widgets.js\" charset=\"utf-8\"><\/script>\n\n\n\n<p><\/p>\n\n\n\n<h3 class=\"wp-block-heading\"><strong><mark style=\"background-color:rgba(0, 0, 0, 0)\" class=\"has-inline-color has-vivid-red-color\">El crimen<\/mark><\/strong><\/h3>\n\n\n\n<p>El ataque ocurri\u00f3 alrededor de las 18:30, cuando un hombre ingres\u00f3 al local con el pretexto de entregar un paquete. M\u00e1rquez, que en ese momento vest\u00eda un top rosa y sosten\u00eda un peluche, fue atacada a tiros mientras transmit\u00eda en vivo. En el video, que circul\u00f3 en redes sociales, se observa c\u00f3mo una empleada corta la transmisi\u00f3n segundos despu\u00e9s de los disparos.<\/p>\n\n\n\n<p>De acuerdo con el diario <em>Exc\u00e9lsior<\/em>, el atacante escap\u00f3 en una motocicleta. En la escena del crimen se hallaron varios casquillos, aunque no se precis\u00f3 el calibre del arma.<\/p>\n\n\n\n<p><strong><em>\u00abLa v\u00edctima era una persona con presencia activa e influencia en redes sociales<\/em><\/strong>\u00ab, se\u00f1al\u00f3 la Fiscal\u00eda de Jalisco en un comunicado. La polic\u00eda arrib\u00f3 al lugar tras recibir una alerta de quienes presenciaban el video en vivo y confirmaron el fallecimiento de la joven.<\/p>\n\n\n\n<p>\u201c<strong><em>El hombre ingres\u00f3 al establecimiento y, al parecer, dispar\u00f3 directamente contra la v\u00edctima, priv\u00e1ndola de la vida\u201d,<\/em><\/strong> indic\u00f3 la fiscal\u00eda. El cuerpo de M\u00e1rquez fue trasladado al Instituto Jalisciense de Ciencias Forenses para la autopsia correspondiente.<\/p>\n\n\n\n<p>Las autoridades informaron que el caso est\u00e1 siendo investigado bajo el protocolo de feminicidio, aunque no se descartan otras l\u00edneas de investigaci\u00f3n.<\/p>\n\n\n\n<h3 class=\"wp-block-heading\"><strong><mark style=\"background-color:rgba(0, 0, 0, 0)\" class=\"has-inline-color has-vivid-red-color\">M\u00e9xico: un pa\u00eds con alarmantes cifras de violencia de g\u00e9nero<\/mark><\/strong><\/h3>\n\n\n\n<p>La violencia contra las mujeres sigue siendo una grave problem\u00e1tica en M\u00e9xico. Seg\u00fan datos de ONU Mujeres, el 70% de las mexicanas mayores de 15 a\u00f1os ha sufrido alg\u00fan tipo de agresi\u00f3n al menos una vez en su vida.<\/p>\n\n\n\n<p>Adem\u00e1s, la combinaci\u00f3n de feminicidios y homicidios dolosos arroja una cifra estremecedora: en promedio, 10 mujeres son asesinadas por d\u00eda en el pa\u00eds.<\/p>\n\n\n\n<p class=\"has-text-align-center\"><strong><a href=\"https:\/\/chat.whatsapp.com\/KWkTmakY3I05kNdd2oZl6d\"><em>\u00daNETE A NUESTRO GRUPO DE WHATSAPP PARA ESTAR INFORMADO<\/em><\/a><\/strong><\/p>\n","protected":false},"excerpt":{"rendered":"<p>La modelo Valeria M\u00e1rquez fue atacada a tiros en su sal\u00f3n de belleza. El delincuente se hizo pasar por un repartidor y huy\u00f3 en moto tras el crimen.<\/p>\n","protected":false},"author":3,"featured_media":73564,"comment_status":"closed","ping_status":"closed","sticky":false,"template":"","format":"standard","meta":{"jnews-multi-image_gallery":[],"jnews_single_post":{"format":"standard"},"jnews_primary_category":[],"jnews_social_meta":[],"jnews_review":[],"enable_review":"","type":"","name":"","summary":"","brand":"","sku":"","good":[],"bad":[],"score_override":"","override_value":"","rating":[],"price":[],"jnews_override_counter":[],"jnews_post_split":[],"footnotes":""},"categories":[88,64],"tags":[3276,15500,457,45,21416,30047,310],"class_list":["post-73563","post","type-post","status-publish","format-standard","has-post-thumbnail","hentry","category-internacionales","category-sucesos","tag-influencer","tag-jalisco","tag-mexico","tag-noticias","tag-transmision-en-vivo","tag-valeria-marquez","tag-violencia-de-genero"],"amp_enabled":true,"_links":{"self":[{"href":"https:\/\/esreviral.com\/index.php?rest_route=\/wp\/v2\/posts\/73563"}],"collection":[{"href":"https:\/\/esreviral.com\/index.php?rest_route=\/wp\/v2\/posts"}],"about":[{"href":"https:\/\/esreviral.com\/index.php?rest_route=\/wp\/v2\/types\/post"}],"author":[{"embeddable":true,"href":"https:\/\/esreviral.com\/index.php?rest_route=\/wp\/v2\/users\/3"}],"replies":[{"embeddable":true,"href":"https:\/\/esreviral.com\/index.php?rest_route=%2Fwp%2Fv2%2Fcomments&post=73563"}],"version-history":[{"count":1,"href":"https:\/\/esreviral.com\/index.php?rest_route=\/wp\/v2\/posts\/73563\/revisions"}],"predecessor-version":[{"id":73565,"href":"https:\/\/esreviral.com\/index.php?rest_route=\/wp\/v2\/posts\/73563\/revisions\/73565"}],"wp:featuredmedia":[{"embeddable":true,"href":"https:\/\/esreviral.com\/index.php?rest_route=\/wp\/v2\/media\/73564"}],"wp:attachment":[{"href":"https:\/\/esreviral.com\/index.php?rest_route=%2Fwp%2Fv2%2Fmedia&parent=73563"}],"wp:term":[{"taxonomy":"category","embeddable":true,"href":"https:\/\/esreviral.com\/index.php?rest_route=%2Fwp%2Fv2%2Fcategories&post=73563"},{"taxonomy":"post_tag","embeddable":true,"href":"https:\/\/esreviral.com\/index.php?rest_route=%2Fwp%2Fv2%2Ftags&post=73563"}],"curies":[{"name":"wp","href":"https:\/\/api.w.org\/{rel}","templated":true}]}}