{"id":73511,"date":"2025-05-13T14:40:52","date_gmt":"2025-05-13T19:40:52","guid":{"rendered":"https:\/\/esreviral.com\/?p=73511"},"modified":"2025-05-13T16:27:46","modified_gmt":"2025-05-13T21:27:46","slug":"murio-el-expresidente-uruguayo-jose-pepe-mujica","status":"publish","type":"post","link":"https:\/\/esreviral.com\/?p=73511","title":{"rendered":"Muri\u00f3 el expresidente uruguayo Jos\u00e9 \u00abPepe\u00bb Mujica"},"content":{"rendered":"\n<p><strong>El expresidente uruguayo Jos\u00e9 \u201cPepe\u201d Mujica falleci\u00f3 a los 89 a\u00f1os de edad.<\/strong> En abril de 2024 hab\u00eda anunciado que padec\u00eda <strong>c\u00e1ncer de es\u00f3fago<\/strong>. A pesar de someterse a 32 sesiones de radioterapia que inicialmente mostraron mejoras, en enero de 2025 revel\u00f3 que la enfermedad se hab\u00eda extendido al h\u00edgado y que ya no quedaban opciones de tratamiento.<\/p>\n\n\n\n<p>\u201c<strong><em>El c\u00e1ncer en el es\u00f3fago me est\u00e1 colonizando el h\u00edgado. No lo paro con nada<\/em><\/strong>\u201d, declar\u00f3 entonces en una entrevista con el semanario <em>B\u00fasqueda<\/em>.<\/p>\n\n\n\n<p>Mujica fue presidente de Uruguay entre el 1 de marzo de 2010 y el 1 de marzo de 2015. Su legado pol\u00edtico, marcado por la austeridad, la cercan\u00eda con el pueblo y un pasado de militancia guerrillera, lo convirti\u00f3 en una de las figuras m\u00e1s influyentes de la pol\u00edtica latinoamericana contempor\u00e1nea.<\/p>\n\n\n\n<p class=\"has-text-align-center\"><em><strong><em><strong><em><strong><em><strong><a href=\"https:\/\/t.me\/esreviral\">\u00daNETE A NUESTRO CANAL DE TELEGRAM PARA ESTAR INFORMADO<\/a><\/strong><\/em><\/strong><\/em><\/strong><\/em><\/strong><\/em><\/p>\n\n\n\n<blockquote class=\"twitter-tweet\"><p lang=\"es\" dir=\"ltr\">Con profundo dolor comunicamos que falleci\u00f3 nuestro compa\u00f1ero Pepe Mujica. Presidente, militante, referente y conductor. Te vamos a extra\u00f1ar mucho Viejo querido. Gracias por todo lo que nos diste y por tu profundo amor por tu pueblo.<\/p>&mdash; Yamand\u00fa Orsi (@OrsiYamandu) <a href=\"https:\/\/twitter.com\/OrsiYamandu\/status\/1922369763457593477?ref_src=twsrc%5Etfw\">May 13, 2025<\/a><\/blockquote> <script async src=\"https:\/\/platform.twitter.com\/widgets.js\" charset=\"utf-8\"><\/script>\n\n\n\n<p><strong><mark style=\"background-color:rgba(0, 0, 0, 0)\" class=\"has-inline-color has-vivid-red-color\">\u00bfQui\u00e9n fue Jos\u00e9 \u201cPepe\u201d Mujica?<\/mark><\/strong><\/p>\n\n\n\n<p>Jos\u00e9 Alberto Mujica Cordano naci\u00f3 el 20 de mayo de 1935 en Montevideo. Fue elegido presidente en 2009 y asumi\u00f3 en 2010 como el 40\u00ba mandatario de la Rep\u00fablica Oriental del Uruguay. Su vida estuvo marcada por contrastes: de la lucha armada a la presidencia, del encierro carcelario a la veneraci\u00f3n internacional.<\/p>\n\n\n\n<p>Su primer acercamiento a la pol\u00edtica ocurri\u00f3 en el seno familiar. Su madre, Lucy Cordano \u2014descendiente de inmigrantes italianos\u2014 y su t\u00edo \u00c1ngel Cordano, un nacionalista y peronista con inquietudes intelectuales, fueron sus principales influencias. En su juventud, milit\u00f3 brevemente en el Partido Nacional y forj\u00f3 una estrecha relaci\u00f3n con el diputado Enrique Erro, con quien fund\u00f3 la Uni\u00f3n Popular tras abandonar el nacionalismo en 1962.<\/p>\n\n\n\n<p>En 1964, Mujica dio un giro decisivo al unirse al Movimiento de Liberaci\u00f3n Nacional-Tupamaros (MLN), una organizaci\u00f3n guerrillera inspirada en el socialismo. Fue uno de sus principales dirigentes y protagoniz\u00f3 acciones armadas que marcaron la historia reciente de Uruguay. En 1969, tras la c\u00e9lebre \u00abToma de Pando\u00bb, pas\u00f3 a la clandestinidad.<\/p>\n\n\n\n<p>Durante los a\u00f1os de dictadura (1973-1985), Mujica fue detenido en varias ocasiones y pas\u00f3 un total de 14 a\u00f1os en prisi\u00f3n. Fue liberado en 1985 tras una amnist\u00eda pol\u00edtica al retornar la democracia.<\/p>\n\n\n\n<figure class=\"wp-block-image size-large is-resized\"><img decoding=\"async\" src=\"https:\/\/tn.com.ar\/resizer\/v2\/jose-pepe-mujica-junto-con-lucia-topolansky-su-esposa-aun-teniendo-vehiculos-del-estado-a-disposicion-mujica-prefirio-durante-muchos-anos-trasladarse-en-uno-propio-foto-gentileza-de-el-observador-CXXPXADMORF4TGM2JF4L6W34TY.jpg?auth=27bce81834912bb4b4a92f3642a0351edd4cf7951f056ae10bb7381fa1ad2e3f&amp;width=1440\" alt=\"\" style=\"width:1071px;height:auto\"\/><\/figure>\n\n\n\n<p><\/p>\n\n\n\n<p><strong><mark style=\"background-color:rgba(0, 0, 0, 0)\" class=\"has-inline-color has-vivid-red-color\">De exguerrillero a presidente<\/mark><\/strong><\/p>\n\n\n\n<p>Ya en libertad, fund\u00f3 en 1989 el Movimiento de Participaci\u00f3n Popular (MPP), integrado al Frente Amplio. Fue elegido diputado y luego senador. En 2005, el entonces presidente Tabar\u00e9 V\u00e1zquez lo nombr\u00f3 ministro de Ganader\u00eda, Agricultura y Pesca, cargo que ocup\u00f3 hasta 2008.<\/p>\n\n\n\n<p>En 2009, tras vencer a Danilo Astori en las internas del Frente Amplio, se postul\u00f3 a la presidencia. Derrot\u00f3 a Luis Alberto Lacalle en segunda vuelta con el 54,63% de los votos. El 1 de marzo de 2010 asumi\u00f3 la presidencia, en una ceremonia donde fue investido por su esposa, Luc\u00eda Topolansky, entonces senadora.<\/p>\n\n\n\n<p>Durante su gobierno, Uruguay logr\u00f3 una notable reducci\u00f3n de la pobreza: cerca de 850 mil personas salieron de esa condici\u00f3n. Tambi\u00e9n se aprobaron leyes clave como la despenalizaci\u00f3n del aborto y se mantuvo el desempleo en m\u00ednimos hist\u00f3ricos.<\/p>\n\n\n\n<p>Mujica represent\u00f3 un estilo de liderazgo poco convencional: austero, directo y sin poses. Viv\u00eda en una modesta chacra, se movilizaba en un viejo Volkswagen Beetle y rechazaba el lujo del poder. \u201c<strong><em>No tengo religi\u00f3n, pero soy casi pante\u00edsta: admiro la naturaleza<\/em><\/strong>\u201d, confes\u00f3 a <em>BBC Mundo<\/em>.<\/p>\n\n\n\n<figure class=\"wp-block-image size-large\"><img decoding=\"async\" src=\"https:\/\/tn.com.ar\/resizer\/v2\/en-2020-jose-pepe-mujica-dejo-sus-funciones-en-el-parlamento-en-contexto-de-covid-19-foto-reutersandres-stapff-RK6LJQTOQNFVJEV3WSKD37VPBA.jpg?auth=9f57cfa31edbf6e79ce66aa2f5b68cd1ed44ada1580f4e55c86f02dff82e8f49&amp;width=1440\" alt=\"\"\/><\/figure>\n\n\n\n<p><\/p>\n\n\n\n<p><strong><mark style=\"background-color:rgba(0, 0, 0, 0)\" class=\"has-inline-color has-vivid-red-color\">El ocaso y su despedida<\/mark><\/strong><\/p>\n\n\n\n<p>Tras dejar la presidencia, fue reelegido al Senado en 2015 y en 2020. Ese mismo a\u00f1o, renunci\u00f3 de forma anticipada, argumentando que la pandemia le imped\u00eda cumplir adecuadamente su rol y que su salud ya no le acompa\u00f1aba.<\/p>\n\n\n\n<p>\u201c<strong><em>En la vida, hay un tiempo para llegar y un tiempo para irse<\/em><\/strong>\u201d, dijo en su discurso de despedida. \u201c<strong><em>Hace d\u00e9cadas que no cultivo el odio, porque aprend\u00ed una dura lecci\u00f3n. El odio estupidiza, el odio destruye\u201d.<\/em><\/strong><\/p>\n\n\n\n<p>Hasta sus \u00faltimos d\u00edas, Mujica fue una figura respetada dentro y fuera de Uruguay. Su historia, que transita entre la rebeld\u00eda, la c\u00e1rcel, la redenci\u00f3n y la presidencia, deja una huella profunda en la memoria colectiva de Am\u00e9rica Latina.<\/p>\n\n\n\n<p class=\"has-text-align-center\"><strong><em><mark style=\"background-color:rgba(0, 0, 0, 0)\" class=\"has-inline-color has-vivid-red-color\"><a href=\"https:\/\/esreviral.com\/?p=73523\" data-type=\"link\" data-id=\"https:\/\/esreviral.com\/?p=73523\">Lea Tambi\u00e9n: L\u00edderes pol\u00edticos de todo el mundo despidieron a \u201cPepe\u201d Mujica en redes sociales<\/a><\/mark><\/em><\/strong><\/p>\n\n\n\n<p class=\"has-text-align-center\"><strong><a href=\"https:\/\/chat.whatsapp.com\/KWkTmakY3I05kNdd2oZl6d\"><em>\u00daNETE A NUESTRO GRUPO DE WHATSAPP PARA ESTAR INFORMADO<\/em><\/a><\/strong><\/p>\n","protected":false},"excerpt":{"rendered":"<p>El \u00abpresidente m\u00e1s pobre del mundo\u00bb, nombre que gan\u00f3 por su austeridad, revel\u00f3 a principios de este a\u00f1o que el c\u00e1ncer de es\u00f3fago que le fue diagnosticado en mayo de 2024 se extendi\u00f3 y que su cuerpo no soportaba m\u00e1s tratamientos<\/p>\n","protected":false},"author":3,"featured_media":73512,"comment_status":"closed","ping_status":"closed","sticky":false,"template":"","format":"standard","meta":{"jnews-multi-image_gallery":[],"jnews_single_post":{"format":"standard"},"jnews_primary_category":[],"jnews_social_meta":[],"jnews_review":[],"enable_review":"","type":"","name":"","summary":"","brand":"","sku":"","good":[],"bad":[],"score_override":"","override_value":"","rating":[],"price":[],"jnews_override_counter":[],"jnews_post_split":[],"footnotes":""},"categories":[88,59],"tags":[30032,30030,14966,45],"class_list":["post-73511","post","type-post","status-publish","format-standard","has-post-thumbnail","hentry","category-internacionales","category-politica","tag-cancer-de-esofago","tag-jose-pepe-mujica","tag-jose-mujica","tag-noticias"],"amp_enabled":true,"_links":{"self":[{"href":"https:\/\/esreviral.com\/index.php?rest_route=\/wp\/v2\/posts\/73511"}],"collection":[{"href":"https:\/\/esreviral.com\/index.php?rest_route=\/wp\/v2\/posts"}],"about":[{"href":"https:\/\/esreviral.com\/index.php?rest_route=\/wp\/v2\/types\/post"}],"author":[{"embeddable":true,"href":"https:\/\/esreviral.com\/index.php?rest_route=\/wp\/v2\/users\/3"}],"replies":[{"embeddable":true,"href":"https:\/\/esreviral.com\/index.php?rest_route=%2Fwp%2Fv2%2Fcomments&post=73511"}],"version-history":[{"count":5,"href":"https:\/\/esreviral.com\/index.php?rest_route=\/wp\/v2\/posts\/73511\/revisions"}],"predecessor-version":[{"id":73527,"href":"https:\/\/esreviral.com\/index.php?rest_route=\/wp\/v2\/posts\/73511\/revisions\/73527"}],"wp:featuredmedia":[{"embeddable":true,"href":"https:\/\/esreviral.com\/index.php?rest_route=\/wp\/v2\/media\/73512"}],"wp:attachment":[{"href":"https:\/\/esreviral.com\/index.php?rest_route=%2Fwp%2Fv2%2Fmedia&parent=73511"}],"wp:term":[{"taxonomy":"category","embeddable":true,"href":"https:\/\/esreviral.com\/index.php?rest_route=%2Fwp%2Fv2%2Fcategories&post=73511"},{"taxonomy":"post_tag","embeddable":true,"href":"https:\/\/esreviral.com\/index.php?rest_route=%2Fwp%2Fv2%2Ftags&post=73511"}],"curies":[{"name":"wp","href":"https:\/\/api.w.org\/{rel}","templated":true}]}}