{"id":73324,"date":"2025-05-09T08:43:58","date_gmt":"2025-05-09T13:43:58","guid":{"rendered":"https:\/\/esreviral.com\/?p=73324"},"modified":"2025-05-09T08:43:59","modified_gmt":"2025-05-09T13:43:59","slug":"arrestado-joven-por-maniatar-y-abusar-sexualmente-de-su-sobrina","status":"publish","type":"post","link":"https:\/\/esreviral.com\/?p=73324","title":{"rendered":"Arrestado joven por maniatar y abusar sexualmente de su\u00a0sobrina"},"content":{"rendered":"\n<p>Un joven identificado como<strong> Tarcisio Jos\u00e9 Barrios Le\u00f3n,<\/strong> de 19 a\u00f1os de edad, fue arrestado por funcionarios del Cuerpo de Investigaciones Cient\u00edficas, Penales y Criminal\u00edsticas (Cicpc) de la Delegaci\u00f3n Municipal<strong> Puerto Cabello<\/strong>, en Venezuela,  <strong>acusado de abusar sexualmente de su sobrina.<\/strong><\/p>\n\n\n\n<p>Seg\u00fan inform\u00f3 el director del Cicpc, Douglas Rico, a trav\u00e9s de su cuenta en Instagram,<strong> la detenci\u00f3n se produjo tras una serie de investigaciones que permitieron confirmar que el detenido aprovechaba su v\u00ednculo familiar con la v\u00edctima.<\/strong><\/p>\n\n\n\n<p>Durante las ocasiones en que quedaba a cargo del cuidado de la menor,<strong> Barrios Le\u00f3n la amarraba de las manos y abusaba sexualmente de ella en repetidas oportunidades. Adem\u00e1s, se conoci\u00f3 que manten\u00eda a la ni\u00f1a bajo amenazas de muerte para evitar que lo denunciara.<\/strong><\/p>\n\n\n\n<p>El arresto tuvo lugar en la poblaci\u00f3n de Canoabito, parroquia Urama, municipio Juan Jos\u00e9 Mora, estado Carabobo. Tras su captura, el joven fue puesto a disposici\u00f3n del Ministerio P\u00fablico.<\/p>\n\n\n\n<p class=\"has-text-align-center\"><em><strong><em><strong><em><strong><em><strong><a href=\"https:\/\/t.me\/esreviral\">\u00daNETE A NUESTRO CANAL DE TELEGRAM PARA ESTAR INFORMADO<\/a><\/strong><\/em><\/strong><\/em><\/strong><\/em><\/strong><\/em><\/p>\n\n\n\n<p class=\"has-text-align-center\"><strong><a href=\"https:\/\/chat.whatsapp.com\/KWkTmakY3I05kNdd2oZl6d\"><em>\u00daNETE A NUESTRO GRUPO DE WHATSAPP PARA ESTAR INFORMADO<\/em><\/a><\/strong><\/p>\n","protected":false},"excerpt":{"rendered":"<p>El caso qued\u00f3 a la orden del Ministerio P\u00fablico<\/p>\n","protected":false},"author":3,"featured_media":73325,"comment_status":"closed","ping_status":"closed","sticky":false,"template":"","format":"standard","meta":{"jnews-multi-image_gallery":[],"jnews_single_post":{"format":"standard"},"jnews_primary_category":[],"jnews_social_meta":[],"jnews_review":[],"enable_review":"","type":"","name":"","summary":"","brand":"","sku":"","good":[],"bad":[],"score_override":"","override_value":"","rating":[],"price":[],"jnews_override_counter":[],"jnews_post_split":[],"footnotes":""},"categories":[64,66],"tags":[27829,19719,398,23948,182,45,1135,29859,56],"class_list":["post-73324","post","type-post","status-publish","format-standard","has-post-thumbnail","hentry","category-sucesos","category-venezuela","tag-abusada-sexualmente","tag-abuso-a-menores","tag-abuso-sexual","tag-abuso-sexual-a-menores","tag-ministerio-publico","tag-noticias","tag-puerto-cabello","tag-tarcisio-jose-barrios-leon","tag-venezuela"],"amp_enabled":true,"_links":{"self":[{"href":"https:\/\/esreviral.com\/index.php?rest_route=\/wp\/v2\/posts\/73324"}],"collection":[{"href":"https:\/\/esreviral.com\/index.php?rest_route=\/wp\/v2\/posts"}],"about":[{"href":"https:\/\/esreviral.com\/index.php?rest_route=\/wp\/v2\/types\/post"}],"author":[{"embeddable":true,"href":"https:\/\/esreviral.com\/index.php?rest_route=\/wp\/v2\/users\/3"}],"replies":[{"embeddable":true,"href":"https:\/\/esreviral.com\/index.php?rest_route=%2Fwp%2Fv2%2Fcomments&post=73324"}],"version-history":[{"count":1,"href":"https:\/\/esreviral.com\/index.php?rest_route=\/wp\/v2\/posts\/73324\/revisions"}],"predecessor-version":[{"id":73326,"href":"https:\/\/esreviral.com\/index.php?rest_route=\/wp\/v2\/posts\/73324\/revisions\/73326"}],"wp:featuredmedia":[{"embeddable":true,"href":"https:\/\/esreviral.com\/index.php?rest_route=\/wp\/v2\/media\/73325"}],"wp:attachment":[{"href":"https:\/\/esreviral.com\/index.php?rest_route=%2Fwp%2Fv2%2Fmedia&parent=73324"}],"wp:term":[{"taxonomy":"category","embeddable":true,"href":"https:\/\/esreviral.com\/index.php?rest_route=%2Fwp%2Fv2%2Fcategories&post=73324"},{"taxonomy":"post_tag","embeddable":true,"href":"https:\/\/esreviral.com\/index.php?rest_route=%2Fwp%2Fv2%2Ftags&post=73324"}],"curies":[{"name":"wp","href":"https:\/\/api.w.org\/{rel}","templated":true}]}}