{"id":73318,"date":"2025-05-09T08:18:15","date_gmt":"2025-05-09T13:18:15","guid":{"rendered":"https:\/\/esreviral.com\/?p=73318"},"modified":"2025-05-09T08:18:16","modified_gmt":"2025-05-09T13:18:16","slug":"detienen-a-barberos-venezolanos-acusados-por-extorsion-autoridades-incautaron-armas-y-drogas","status":"publish","type":"post","link":"https:\/\/esreviral.com\/?p=73318","title":{"rendered":"Detienen a barberos venezolanos acusados por extorsi\u00f3n: autoridades incautaron armas y drogas"},"content":{"rendered":"\n<p><strong>Las autoridades de Per\u00fa detuvieron a un grupo de ciudadanos venezolanos acusados de un atentado extorsivo<\/strong> contra un autob\u00fas del Corredor Rojo, en el distrito de Ate Vitarte.<\/p>\n\n\n\n<p>Seg\u00fan inform\u00f3 la polic\u00eda local, los detenidos ser\u00edan integrantes de la<strong> banda criminal \u201cLos Desa\u201d,<\/strong> dedicada a la extorsi\u00f3n, report\u00f3 Panamericana. Al momento de ser ubicados, <strong>los sospechosos estaban frente a una barber\u00eda<\/strong>. Al notar la presencia del escuadr\u00f3n policial, intentaron ocultarse dentro del local.<\/p>\n\n\n\n<p class=\"has-text-align-center\"><em><strong><em><strong><em><strong><em><strong><a href=\"https:\/\/t.me\/esreviral\">\u00daNETE A NUESTRO CANAL DE TELEGRAM PARA ESTAR INFORMADO<\/a><\/strong><\/em><\/strong><\/em><\/strong><\/em><\/strong><\/em><\/p>\n\n\n\n<p>Durante el operativo, los implicados habr\u00edan<strong> abierto fuego contra los agentes, desat\u00e1ndose una balacera dentro del comercio<\/strong>. Uno de los presuntos empleados de la barber\u00eda, identificado como <strong>David Ascania Ascania, de 30 a\u00f1os de edad y tambi\u00e9n de nacionalidad venezolana, result\u00f3 herido en el brazo.<\/strong><\/p>\n\n\n\n<p>Dentro del establecimiento, la polic\u00eda incaut\u00f3 <strong>cartuchos de dinamita, un arma de fuego, drogas, tarjetas presuntamente usadas en las extorsiones y tres sobres con balas.<\/strong><\/p>\n\n\n\n<p>Por otro lado, en un hecho aislado,<a href=\"https:\/\/esreviral.com\/?p=73196\" data-type=\"link\" data-id=\"https:\/\/esreviral.com\/?p=73196\"> <strong>seis j\u00f3venes venezolanos recluidos en el Centro Juvenil Maranguita, en San Miguel<\/strong>, <\/a>lograron fugarse durante la madrugada del viernes. Seg\u00fan los reportes, utilizaron una soga improvisada con telas para escalar el muro perimetral y sortear los alambres de seguridad.<\/p>\n\n\n\n<p>Francisco Naquira, director ejecutivo del Pronacej, atribuy\u00f3 la fuga a un posible <strong><em>\u201cdescuido intencional\u201d <\/em><\/strong>del personal de vigilancia. Como medida inmediata, se orden\u00f3 la detenci\u00f3n preliminar de cinco educadores y cuatro agentes de seguridad.<\/p>\n\n\n\n<p>El Ministerio de Justicia, responsable de los centros juveniles, enfrenta ahora nuevas cr\u00edticas y cuestionamientos sobre su gesti\u00f3n, en medio de una crisis que involucra a j\u00f3venes con antecedentes penales graves.<\/p>\n\n\n\n<p class=\"has-text-align-center\"><strong><a href=\"https:\/\/chat.whatsapp.com\/KWkTmakY3I05kNdd2oZl6d\"><em>\u00daNETE A NUESTRO GRUPO DE WHATSAPP PARA ESTAR INFORMADO<\/em><\/a><\/strong><\/p>\n","protected":false},"excerpt":{"rendered":"<p>Dentro del establecimiento, los agentes policiales hallaron cartuchos de dinamita y un arma de fuego<\/p>\n","protected":false},"author":3,"featured_media":73319,"comment_status":"closed","ping_status":"closed","sticky":false,"template":"","format":"standard","meta":{"jnews-multi-image_gallery":[],"jnews_single_post":{"format":"standard"},"jnews_primary_category":[],"jnews_social_meta":[],"jnews_review":[],"enable_review":"","type":"","name":"","summary":"","brand":"","sku":"","good":[],"bad":[],"score_override":"","override_value":"","rating":[],"price":[],"jnews_override_counter":[],"jnews_post_split":[],"footnotes":""},"categories":[54,88,64],"tags":[29854,29855,29853,1633,45,232,5628],"class_list":["post-73318","post","type-post","status-publish","format-standard","has-post-thumbnail","hentry","category-inmigracion","category-internacionales","category-sucesos","tag-armas-y-drogas","tag-banda-criminal-los-desa","tag-barberos-venezolano","tag-extorsion","tag-noticias","tag-peru","tag-venezolanos-en-peru-2"],"amp_enabled":true,"_links":{"self":[{"href":"https:\/\/esreviral.com\/index.php?rest_route=\/wp\/v2\/posts\/73318"}],"collection":[{"href":"https:\/\/esreviral.com\/index.php?rest_route=\/wp\/v2\/posts"}],"about":[{"href":"https:\/\/esreviral.com\/index.php?rest_route=\/wp\/v2\/types\/post"}],"author":[{"embeddable":true,"href":"https:\/\/esreviral.com\/index.php?rest_route=\/wp\/v2\/users\/3"}],"replies":[{"embeddable":true,"href":"https:\/\/esreviral.com\/index.php?rest_route=%2Fwp%2Fv2%2Fcomments&post=73318"}],"version-history":[{"count":1,"href":"https:\/\/esreviral.com\/index.php?rest_route=\/wp\/v2\/posts\/73318\/revisions"}],"predecessor-version":[{"id":73320,"href":"https:\/\/esreviral.com\/index.php?rest_route=\/wp\/v2\/posts\/73318\/revisions\/73320"}],"wp:featuredmedia":[{"embeddable":true,"href":"https:\/\/esreviral.com\/index.php?rest_route=\/wp\/v2\/media\/73319"}],"wp:attachment":[{"href":"https:\/\/esreviral.com\/index.php?rest_route=%2Fwp%2Fv2%2Fmedia&parent=73318"}],"wp:term":[{"taxonomy":"category","embeddable":true,"href":"https:\/\/esreviral.com\/index.php?rest_route=%2Fwp%2Fv2%2Fcategories&post=73318"},{"taxonomy":"post_tag","embeddable":true,"href":"https:\/\/esreviral.com\/index.php?rest_route=%2Fwp%2Fv2%2Ftags&post=73318"}],"curies":[{"name":"wp","href":"https:\/\/api.w.org\/{rel}","templated":true}]}}