{"id":73293,"date":"2025-05-10T09:49:55","date_gmt":"2025-05-10T14:49:55","guid":{"rendered":"https:\/\/esreviral.com\/?p=73293"},"modified":"2025-05-10T09:50:54","modified_gmt":"2025-05-10T14:50:54","slug":"que-red-social-marco-tu-adolescencia-segun-tu-ano-de-nacimiento","status":"publish","type":"post","link":"https:\/\/esreviral.com\/?p=73293","title":{"rendered":"Qu\u00e9 red social marc\u00f3 tu adolescencia, seg\u00fan tu a\u00f1o de nacimiento"},"content":{"rendered":"\n<p><strong>Las redes sociales<\/strong> transformaron para siempre nuestra forma de relacionarnos y, dependiendo del momento de la vida en que nos encontraron, dejaron una huella imborrable. Si naciste en los 80, 90 o 2000, es muy probable que tu adolescencia haya estado marcada por una red social distinta. Desde los m\u00edticos zumbidos del MSN hasta los bailes virales de TikTok, cada generaci\u00f3n tiene su favorita.<\/p>\n\n\n\n<h3 class=\"wp-block-heading\"><strong><mark style=\"background-color:rgba(0, 0, 0, 0)\" class=\"has-inline-color has-vivid-red-color\">\u00bfCu\u00e1l es tu red social seg\u00fan tu a\u00f1o de nacimiento?<\/mark><\/strong><\/h3>\n\n\n\n<p class=\"has-text-align-center\"><em><strong><em><strong><em><strong><em><strong><a href=\"https:\/\/t.me\/esreviral\">\u00daNETE A NUESTRO CANAL DE TELEGRAM PARA ESTAR INFORMADO<\/a><\/strong><\/em><\/strong><\/em><\/strong><\/em><\/strong><\/em><\/p>\n\n\n\n<p>\u2705 <strong>1980-1989<\/strong> \u2192 <em>Fotolog<\/em><br>Si naciste en los 80, seguramente pasaste tu adolescencia entre fotos cuidadosamente elegidas y reflexiones en Fotolog. Tener cuenta \u201cgold\u201d era s\u00edmbolo de estatus, y los famosos \u201cfirmas\u201d eran tan codiciados como hoy lo son los likes.<\/p>\n\n\n\n<p>\u2705 <strong>1990-1995<\/strong> \u2192 <em>MSN Messenger y Metroflog<\/em><br>Quienes nacieron en los 90 vivieron la era dorada de MSN Messenger y Metroflog. Zumbidos para llamar la atenci\u00f3n, nicks con letras intercaladas, fotos frente al espejo y chats interminables marcaron esta etapa. \u00bfQui\u00e9n no cerraba sesi\u00f3n solo para que su crush notara la desconexi\u00f3n y reconexi\u00f3n?<\/p>\n\n\n\n<p>\u2705 <strong>1996-2000<\/strong> \u2192 <em>Facebook<\/em><br>Los nacidos a finales de los 90 crecieron con Facebook en el centro de su mundo social. Estados, etiquetas en fotos, muros repletos de mensajes y los primeros memes formaron parte de su rutina. Adem\u00e1s, fueron pioneros en crear grupos para cualquier tipo de inter\u00e9s.<\/p>\n\n\n\n<p>\u2705 <strong>2001-2005<\/strong> \u2192 <em>Instagram<\/em><br>La adolescencia de esta generaci\u00f3n estuvo atravesada por Instagram. Selfies, filtros vintage y stories se volvieron esenciales. Cada publicaci\u00f3n requer\u00eda encontrar el mejor \u00e1ngulo, el pie de foto m\u00e1s original y esperar ansiosamente los likes.<\/p>\n\n\n\n<p>\u2705 <strong>2006-2010<\/strong> \u2192 <em>TikTok<\/em><br>Para quienes nacieron en estos a\u00f1os, TikTok es su plataforma principal. Videos cortos, bailes virales y desaf\u00edos son parte de c\u00f3mo se expresan y conectan. La inmediatez y el contenido audiovisual son su forma de comunicaci\u00f3n natural.<\/p>\n\n\n\n<p>Cada red social no solo marc\u00f3 una \u00e9poca tecnol\u00f3gica, sino tambi\u00e9n una manera \u00fanica de relacionarse, expresarse y construir identidad.<\/p>\n\n\n\n<p>\ud83d\udc49 <strong>Y t\u00fa, \u00bfcon cu\u00e1l creciste?<\/strong><\/p>\n\n\n\n<p class=\"has-text-align-center\"><strong><a href=\"https:\/\/chat.whatsapp.com\/KWkTmakY3I05kNdd2oZl6d\"><em>\u00daNETE A NUESTRO GRUPO DE WHATSAPP PARA ESTAR INFORMADO<\/em><\/a><\/strong><\/p>\n\n\n\n<p><\/p>\n","protected":false},"excerpt":{"rendered":"<p>Cada generaci\u00f3n creci\u00f3 al usar una plataforma distinta y eso define c\u00f3mo se comunican, se divierten y hasta c\u00f3mo recuerdan su adolescencia.<\/p>\n","protected":false},"author":3,"featured_media":73294,"comment_status":"closed","ping_status":"closed","sticky":false,"template":"","format":"standard","meta":{"jnews-multi-image_gallery":[],"jnews_single_post":{"format":"standard"},"jnews_primary_category":[],"jnews_social_meta":[],"jnews_review":[],"enable_review":"","type":"","name":"","summary":"","brand":"","sku":"","good":[],"bad":[],"score_override":"","override_value":"","rating":[],"price":[],"jnews_override_counter":[],"jnews_post_split":[],"footnotes":""},"categories":[43],"tags":[45,1714],"class_list":["post-73293","post","type-post","status-publish","format-standard","has-post-thumbnail","hentry","category-actualidad","tag-noticias","tag-redes-sociales"],"amp_enabled":true,"_links":{"self":[{"href":"https:\/\/esreviral.com\/index.php?rest_route=\/wp\/v2\/posts\/73293"}],"collection":[{"href":"https:\/\/esreviral.com\/index.php?rest_route=\/wp\/v2\/posts"}],"about":[{"href":"https:\/\/esreviral.com\/index.php?rest_route=\/wp\/v2\/types\/post"}],"author":[{"embeddable":true,"href":"https:\/\/esreviral.com\/index.php?rest_route=\/wp\/v2\/users\/3"}],"replies":[{"embeddable":true,"href":"https:\/\/esreviral.com\/index.php?rest_route=%2Fwp%2Fv2%2Fcomments&post=73293"}],"version-history":[{"count":2,"href":"https:\/\/esreviral.com\/index.php?rest_route=\/wp\/v2\/posts\/73293\/revisions"}],"predecessor-version":[{"id":73360,"href":"https:\/\/esreviral.com\/index.php?rest_route=\/wp\/v2\/posts\/73293\/revisions\/73360"}],"wp:featuredmedia":[{"embeddable":true,"href":"https:\/\/esreviral.com\/index.php?rest_route=\/wp\/v2\/media\/73294"}],"wp:attachment":[{"href":"https:\/\/esreviral.com\/index.php?rest_route=%2Fwp%2Fv2%2Fmedia&parent=73293"}],"wp:term":[{"taxonomy":"category","embeddable":true,"href":"https:\/\/esreviral.com\/index.php?rest_route=%2Fwp%2Fv2%2Fcategories&post=73293"},{"taxonomy":"post_tag","embeddable":true,"href":"https:\/\/esreviral.com\/index.php?rest_route=%2Fwp%2Fv2%2Ftags&post=73293"}],"curies":[{"name":"wp","href":"https:\/\/api.w.org\/{rel}","templated":true}]}}