{"id":73255,"date":"2025-05-08T13:26:25","date_gmt":"2025-05-08T18:26:25","guid":{"rendered":"https:\/\/esreviral.com\/?p=73255"},"modified":"2025-05-08T13:44:58","modified_gmt":"2025-05-08T18:44:58","slug":"trump-dice-que-es-un-honor-que-papa-leon-xiv-sea-nortemaericano","status":"publish","type":"post","link":"https:\/\/esreviral.com\/?p=73255","title":{"rendered":"Trump dice que es \u00abun honor\u00bb que papa Le\u00f3n XIV sea nortemaericano"},"content":{"rendered":"\n<p>El presidente de Estados Unidos, Donald Trump, consider\u00f3 este jueves un \u00abgran honor\u00bb para el pa\u00eds que Le\u00f3n XIV sea el primer papa estadounidense y dijo estar deseando reunirse con \u00e9l.<\/p>\n\n\n\n<p class=\"has-text-align-center\"><em><strong><em><strong><em><strong><em><strong><a href=\"https:\/\/t.me\/esreviral\">\u00daNETE A NUESTRO CANAL DE TELEGRAM PARA ESTAR INFORMADO<\/a><\/strong><\/em><\/strong><\/em><\/strong><\/em><\/strong><\/em><\/p>\n\n\n\n<p><strong>\u00abEnhorabuena al cardenal Robert Francis Prevost, que acaba de ser nombrado papa. Es un gran honor saber que es el primer papa estadounidense. Qu\u00e9 emoci\u00f3n y qu\u00e9 gran honor para nuestro pa\u00eds. Estoy deseando reunirme con el papa Le\u00f3n XIV. \u00a1Ser\u00e1 un momento muy significativo!\u00bb<\/strong>, indic\u00f3 el mandatario en su red social, Truth Social.<\/p>\n\n\n\n<p>El humo blanco que emergi\u00f3 de la chimenea instalada en la Capilla Sixtina a las 18.07 hora local (16.07 GMT) confirm\u00f3&nbsp;la elecci\u00f3n de un nuevo pont\u00edfice&nbsp;en el segundo d\u00eda de c\u00f3nclave papal.<\/p>\n\n\n\n<p>Le\u00f3n XIV ser\u00e1 el 267 pont\u00edfice de la historia, sucediendo a Francisco (2013-2025), quien falleci\u00f3 el pasado 21 de abril con 88 a\u00f1os de edad.<\/p>\n\n\n\n<p>El nuevo papa naci\u00f3 en Chicago hace 69 a\u00f1os, aunque obtuvo tambi\u00e9n la nacionalidad peruana en 2015 tras pasar gran parte de su vida religiosa en el pa\u00eds andino, y su elecci\u00f3n se produce en pleno Jubileo o A\u00f1o Santo convocado por Francisco y que deber\u00e1 clausurar el 6 de enero de 2026.<\/p>\n\n\n\n<p class=\"has-text-align-center\"><strong><a href=\"https:\/\/chat.whatsapp.com\/KWkTmakY3I05kNdd2oZl6d\"><em>\u00daNETE A NUESTRO GRUPO DE WHATSAPP PARA ESTAR INFORMADO<\/em><\/a><\/strong><\/p>\n","protected":false},"excerpt":{"rendered":"<p>El presidente de Estados Unidos, Donald Trump, consider\u00f3 este jueves un \u00abgran honor\u00bb para el pa\u00eds que Le\u00f3n XIV sea el primer papa estadounidense y dijo estar deseando reunirse con \u00e9l. \u00daNETE A NUESTRO CANAL DE TELEGRAM PARA ESTAR INFORMADO \u00abEnhorabuena al cardenal Robert Francis Prevost, que acaba de ser nombrado papa. Es un gran [&hellip;]<\/p>\n","protected":false},"author":2,"featured_media":73258,"comment_status":"closed","ping_status":"closed","sticky":false,"template":"","format":"standard","meta":{"jnews-multi-image_gallery":[],"jnews_single_post":{"format":"standard"},"jnews_primary_category":[],"jnews_social_meta":[],"jnews_review":[],"enable_review":"","type":"","name":"","summary":"","brand":"","sku":"","good":[],"bad":[],"score_override":"","override_value":"","rating":[],"price":[],"jnews_override_counter":[],"jnews_post_split":[],"footnotes":""},"categories":[43,88],"tags":[136,45,29764,129],"class_list":["post-73255","post","type-post","status-publish","format-standard","has-post-thumbnail","hentry","category-actualidad","category-internacionales","tag-estados-unidos","tag-noticias","tag-papa-leon-xiv","tag-vaticano"],"amp_enabled":true,"_links":{"self":[{"href":"https:\/\/esreviral.com\/index.php?rest_route=\/wp\/v2\/posts\/73255"}],"collection":[{"href":"https:\/\/esreviral.com\/index.php?rest_route=\/wp\/v2\/posts"}],"about":[{"href":"https:\/\/esreviral.com\/index.php?rest_route=\/wp\/v2\/types\/post"}],"author":[{"embeddable":true,"href":"https:\/\/esreviral.com\/index.php?rest_route=\/wp\/v2\/users\/2"}],"replies":[{"embeddable":true,"href":"https:\/\/esreviral.com\/index.php?rest_route=%2Fwp%2Fv2%2Fcomments&post=73255"}],"version-history":[{"count":2,"href":"https:\/\/esreviral.com\/index.php?rest_route=\/wp\/v2\/posts\/73255\/revisions"}],"predecessor-version":[{"id":73270,"href":"https:\/\/esreviral.com\/index.php?rest_route=\/wp\/v2\/posts\/73255\/revisions\/73270"}],"wp:featuredmedia":[{"embeddable":true,"href":"https:\/\/esreviral.com\/index.php?rest_route=\/wp\/v2\/media\/73258"}],"wp:attachment":[{"href":"https:\/\/esreviral.com\/index.php?rest_route=%2Fwp%2Fv2%2Fmedia&parent=73255"}],"wp:term":[{"taxonomy":"category","embeddable":true,"href":"https:\/\/esreviral.com\/index.php?rest_route=%2Fwp%2Fv2%2Fcategories&post=73255"},{"taxonomy":"post_tag","embeddable":true,"href":"https:\/\/esreviral.com\/index.php?rest_route=%2Fwp%2Fv2%2Ftags&post=73255"}],"curies":[{"name":"wp","href":"https:\/\/api.w.org\/{rel}","templated":true}]}}