{"id":73217,"date":"2025-05-08T09:25:11","date_gmt":"2025-05-08T14:25:11","guid":{"rendered":"https:\/\/esreviral.com\/?p=73217"},"modified":"2025-05-08T09:25:12","modified_gmt":"2025-05-08T14:25:12","slug":"allanaron-la-casa-de-una-de-las-colaboradoras-de-mcm","status":"publish","type":"post","link":"https:\/\/esreviral.com\/?p=73217","title":{"rendered":"Allanaron la casa de una de las colaboradoras de MCM"},"content":{"rendered":"\n<p><strong>Magalli Meda, exjefa de campa\u00f1a de Mar\u00eda Corina Machado y dirigente del Comando con Venezuela, denunci\u00f3 este mi\u00e9rcoles un nuevo acto de hostigamiento en su contra por parte del Gobierno de Nicol\u00e1s Maduro.<\/strong><\/p>\n\n\n\n<p>A trav\u00e9s de su cuenta en X, Meda asegur\u00f3 que su vivienda en Caracas, Venezuela, <strong>fue allanada por cuerpos de seguridad en un operativo que calific\u00f3 como represivo y arbitrario<\/strong>. Seg\u00fan relat\u00f3, el ataque ocurri\u00f3 mientras <strong>Diosdado Cabello,<\/strong> considerado el \u201cn\u00famero dos\u201d de Maduro, <strong>afirmaba p\u00fablicamente que se hab\u00edan negociado su salida del pa\u00eds, versi\u00f3n que Meda desminti\u00f3 tajantemente.<\/strong><\/p>\n\n\n\n<p><strong><em>\u201cEn estos momentos, mientras Diosdado miente sobre supuestos acuerdos, su brazo represor irrumpe en nuestro hogar<\/em><\/strong>\u201d, escribi\u00f3, denunciando lo que describi\u00f3 como una incursi\u00f3n forzada de agentes del Estado.<\/p>\n\n\n\n<p>La activista acompa\u00f1\u00f3 su denuncia con im\u00e1genes tomadas a distancia mediante dispositivos de vigilancia, donde se observa a funcionarios actuando de forma intimidatoria dentro de su propiedad.<\/p>\n\n\n\n<p><\/p>\n\n\n\n<p class=\"has-text-align-center\"><em><strong><em><strong><em><strong><em><strong><a href=\"https:\/\/t.me\/esreviral\">\u00daNETE A NUESTRO CANAL DE TELEGRAM PARA ESTAR INFORMADO<\/a><\/strong><\/em><\/strong><\/em><\/strong><\/em><\/strong><\/em><\/p>\n\n\n\n<blockquote class=\"twitter-tweet\"><p lang=\"es\" dir=\"ltr\">\ud83d\udea8 <a href=\"https:\/\/twitter.com\/MagalliMeda?ref_src=twsrc%5Etfw\">@MagalliMeda<\/a> denunci\u00f3 que en estos momentos, fuerzas de seguridad del Estado entraron a su domicilio en <a href=\"https:\/\/twitter.com\/hashtag\/Caracas?src=hash&amp;ref_src=twsrc%5Etfw\">#Caracas<\/a> <a href=\"https:\/\/twitter.com\/hashtag\/Venezuela?src=hash&amp;ref_src=twsrc%5Etfw\">#Venezuela<\/a> \ud83c\uddfb\ud83c\uddea<br><br>\u201cMientras Cabello miente sobre supuestas negociaciones para nuestra salida, su brazo represor violenta nuestro hogar\u201d, dijo. <a href=\"https:\/\/t.co\/Xzrxykvz1Z\">pic.twitter.com\/Xzrxykvz1Z<\/a><\/p>&mdash; ES RE VIRAL (@esreviral) <a href=\"https:\/\/twitter.com\/esreviral\/status\/1920295796387225968?ref_src=twsrc%5Etfw\">May 8, 2025<\/a><\/blockquote> <script async src=\"https:\/\/platform.twitter.com\/widgets.js\" charset=\"utf-8\"><\/script>\n\n\n\n<p><\/p>\n\n\n\n<p>Este episodio se suma a la creciente <strong>tensi\u00f3n pol\u00edtica en Venezuela,<\/strong> marcada por la presi\u00f3n internacional contra Maduro y su creciente aislamiento diplom\u00e1tico. Hasta el momento<strong>, las autoridades venezolanas no han emitido declaraciones sobre la denuncia de Meda.<\/strong><\/p>\n\n\n\n<p><strong>Meda hab\u00eda sido liberada recientemente como parte de una operaci\u00f3n de rescate impulsada por Estados Unidos, tras permanecer m\u00e1s de 400 d\u00edas asilada en la Embajada de Argentina en Caracas.<\/strong><\/p>\n\n\n\n<p>Junto a ella, tambi\u00e9n recuperaron su libertad otros integrantes del Comando con Venezuela, como <strong>Claudia Macero, Omar Gonz\u00e1lez, Pedro Urruchurtu y Humberto Villalobos, quienes eran perseguidos por su activismo en apoyo a Mar\u00eda Corina Machado.<\/strong><\/p>\n\n\n\n<p>La noticia de su liberaci\u00f3n fue confirmada por el senador estadounidense Marco Rubio, quien celebr\u00f3 en redes sociales el \u201cexitoso rescate de todos los rehenes retenidos por Maduro\u201d. Rubio afirm\u00f3: \u201cTras una precisa operaci\u00f3n, todos los rehenes est\u00e1n a salvo en territorio estadounidense. El r\u00e9gimen ileg\u00edtimo de Maduro ha socavado las instituciones venezolanas, violado derechos humanos y puesto en peligro la seguridad regional. Agradecemos al personal involucrado y a nuestros socios por asegurar la liberaci\u00f3n segura de estos h\u00e9roes venezolanos\u201d.<\/p>\n\n\n\n<figure class=\"wp-block-image size-large\"><img decoding=\"async\" src=\"https:\/\/www.infobae.com\/resizer\/v2\/XA3HI4VU2BC5BH2GNMCIFKF44A.jpeg?auth=acbb400ecf0fd875bbb6db71688498de135e3208e4146ebe84f2f141480e9a15&amp;smart=true&amp;width=992&amp;height=558&amp;quality=85\" alt=\"\"\/><\/figure>\n\n\n\n<p><\/p>\n\n\n\n<p>El 20 de marzo de 2024, los miembros del Comando con Venezuela se refugiaron en la Embajada de Argentina en Caracas, buscando protecci\u00f3n ante la persecuci\u00f3n del r\u00e9gimen por su respaldo a Machado. Durante su asilo, enfrentaron un constante asedio por parte del Palacio de Miraflores, sufriendo \u201c<strong><em>atropellos f\u00edsicos, mentales y emocionales<\/em><\/strong>\u201d, adem\u00e1s de violaciones a sus derechos humanos y a la Convenci\u00f3n de Viena sobre Relaciones Diplom\u00e1ticas.<\/p>\n\n\n\n<p>Uno de los miembros del grupo,<a href=\"https:\/\/esreviral.com\/?p=69394\" data-type=\"link\" data-id=\"https:\/\/esreviral.com\/?p=69394\"> <strong><em>Fernando Mart\u00ednez Mottola<\/em><\/strong><\/a>, abandon\u00f3 el refugio el 19 de diciembre de 2023, pero lamentablemente falleci\u00f3 el 26 de febrero de 2024, afectado por las secuelas psicol\u00f3gicas y f\u00edsicas del prolongado encierro.<\/p>\n\n\n\n<p>La situaci\u00f3n se agrav\u00f3 cuando las relaciones entre el presidente argentino Javier Milei y Maduro se tensaron, lo que llev\u00f3 al retiro de la delegaci\u00f3n diplom\u00e1tica argentina. La Embajada qued\u00f3 bajo custodia de Brasil, a la espera de que Buenos Aires designe un tercer Estado aceptable para Caracas.<\/p>\n\n\n\n<p>En los \u00faltimos meses, el cerco alrededor de la sede diplom\u00e1tica se endureci\u00f3: fuerzas de seguridad bloquearon calles cercanas e incluso impidieron el acceso del personal diplom\u00e1tico. Adem\u00e1s, el r\u00e9gimen cort\u00f3 suministros b\u00e1sicos como agua y electricidad, obligando a los asilados a sobrevivir con alimentos enlatados, generadores el\u00e9ctricos y paneles solares.<\/p>\n\n\n\n<p>\u201c<strong><em>Desde hace cinco meses no tenemos electricidad directa porque los fusibles fueron sustra\u00eddos, y desde hace cinco meses no fluye agua en las tuber\u00edas porque simplemente no llega<\/em><\/strong>\u201d, denunciaron los miembros del grupo a finales de abril de 2024, exponiendo las duras condiciones que enfrentaron durante su confinamiento.<\/p>\n\n\n\n<p class=\"has-text-align-center\"><strong><a href=\"https:\/\/chat.whatsapp.com\/KWkTmakY3I05kNdd2oZl6d\"><em>\u00daNETE A NUESTRO GRUPO DE WHATSAPP PARA ESTAR INFORMADO<\/em><\/a><\/strong><\/p>\n\n\n\n<p class=\"has-text-align-center\"><\/p>\n\n\n\n<blockquote class=\"twitter-tweet\"><p lang=\"es\" dir=\"ltr\">Alerta Mundial<br>Jorge Olavarr\u00eda y yo Magalli Meda DENUNCIAMOS que en estos momentos, mientras Cabello miente sobre supuestas negociaciones para nuestra salida, su brazo represor violenta nuestro hogar en Caracas.<br>Estas im\u00e1genes fueron obtenidas de manera remota hace pocos\u2026 <a href=\"https:\/\/t.co\/WKXiTi2Ktl\">pic.twitter.com\/WKXiTi2Ktl<\/a><\/p>&mdash; MAGALLI MEDA (@MagalliMeda) <a href=\"https:\/\/twitter.com\/MagalliMeda\/status\/1920288007145353268?ref_src=twsrc%5Etfw\">May 8, 2025<\/a><\/blockquote> <script async src=\"https:\/\/platform.twitter.com\/widgets.js\" charset=\"utf-8\"><\/script>\n","protected":false},"excerpt":{"rendered":"<p>El ataque se produjo mientras el llamado \u201cn\u00famero dos\u201d del chavismo, Diosdado Cabello, aseguraba p\u00fablicamente que se hab\u00edan realizado negociaciones para su salida del pa\u00eds, afirmaci\u00f3n que ella desminti\u00f3 tajantemente<\/p>\n","protected":false},"author":3,"featured_media":73218,"comment_status":"closed","ping_status":"closed","sticky":false,"template":"","format":"standard","meta":{"jnews-multi-image_gallery":[],"jnews_single_post":{"format":"standard"},"jnews_primary_category":[],"jnews_social_meta":[],"jnews_review":[],"enable_review":"","type":"","name":"","summary":"","brand":"","sku":"","good":[],"bad":[],"score_override":"","override_value":"","rating":[],"price":[],"jnews_override_counter":[],"jnews_post_split":[],"footnotes":""},"categories":[59,66],"tags":[381,21999,3265,45,56],"class_list":["post-73217","post","type-post","status-publish","format-standard","has-post-thumbnail","hentry","category-politica","category-venezuela","tag-diosdado-cabello","tag-magalli-meda","tag-maria-corina-machado-2","tag-noticias","tag-venezuela"],"amp_enabled":true,"_links":{"self":[{"href":"https:\/\/esreviral.com\/index.php?rest_route=\/wp\/v2\/posts\/73217"}],"collection":[{"href":"https:\/\/esreviral.com\/index.php?rest_route=\/wp\/v2\/posts"}],"about":[{"href":"https:\/\/esreviral.com\/index.php?rest_route=\/wp\/v2\/types\/post"}],"author":[{"embeddable":true,"href":"https:\/\/esreviral.com\/index.php?rest_route=\/wp\/v2\/users\/3"}],"replies":[{"embeddable":true,"href":"https:\/\/esreviral.com\/index.php?rest_route=%2Fwp%2Fv2%2Fcomments&post=73217"}],"version-history":[{"count":2,"href":"https:\/\/esreviral.com\/index.php?rest_route=\/wp\/v2\/posts\/73217\/revisions"}],"predecessor-version":[{"id":73220,"href":"https:\/\/esreviral.com\/index.php?rest_route=\/wp\/v2\/posts\/73217\/revisions\/73220"}],"wp:featuredmedia":[{"embeddable":true,"href":"https:\/\/esreviral.com\/index.php?rest_route=\/wp\/v2\/media\/73218"}],"wp:attachment":[{"href":"https:\/\/esreviral.com\/index.php?rest_route=%2Fwp%2Fv2%2Fmedia&parent=73217"}],"wp:term":[{"taxonomy":"category","embeddable":true,"href":"https:\/\/esreviral.com\/index.php?rest_route=%2Fwp%2Fv2%2Fcategories&post=73217"},{"taxonomy":"post_tag","embeddable":true,"href":"https:\/\/esreviral.com\/index.php?rest_route=%2Fwp%2Fv2%2Ftags&post=73217"}],"curies":[{"name":"wp","href":"https:\/\/api.w.org\/{rel}","templated":true}]}}