{"id":73205,"date":"2025-05-08T08:36:02","date_gmt":"2025-05-08T13:36:02","guid":{"rendered":"https:\/\/esreviral.com\/?p=73205"},"modified":"2025-05-08T08:36:03","modified_gmt":"2025-05-08T13:36:03","slug":"humo-rosa-en-el-vaticano-mujeres-catolicas-protestaron-por-su-exclusion-del-conclave","status":"publish","type":"post","link":"https:\/\/esreviral.com\/?p=73205","title":{"rendered":"Humo rosa en el Vaticano: mujeres cat\u00f3licas protestaron por su exclusi\u00f3n del C\u00f3nclave"},"content":{"rendered":"\n<p><strong>Un grupo de mujeres cat\u00f3licas<\/strong> se congreg\u00f3 a las afueras del <strong>Vaticano al inicio del C\u00f3nclave <\/strong>para denunciar su <strong>exclusi\u00f3n del proceso de elecci\u00f3n del pr\u00f3ximo Papa.<\/strong> Se trata de integrantes de la <strong>Conferencia de Ordenaci\u00f3n de Mujeres,<\/strong> quienes en se\u00f1al de protesta encendieron <strong>bengalas de humo rosa<\/strong>.<\/p>\n\n\n\n<p>La manifestaci\u00f3n busc\u00f3 visibilizar que la votaci\u00f3n para elegir al nuevo Pont\u00edfice est\u00e1 reservada exclusivamente a cardenales varones. \u201c<strong><em>Mientras el mundo espera humo blanco o negro, nuestro humo rosa es una se\u00f1al de que las mujeres deben ser incluidas en todos los aspectos de la vida de la Iglesia\u201d<\/em><\/strong>, declar\u00f3 Kate McElwee, directora ejecutiva de la Conferencia, desde la colina Gianicolo, detr\u00e1s del Vaticano.<\/p>\n\n\n\n<p>En declaraciones a <em>France24<\/em>, McElwee afirm\u00f3: \u201c<strong><em>El lugar de una mujer est\u00e1 en el c\u00f3nclave<\/em><\/strong>\u201d. Adem\u00e1s, record\u00f3 que en el pasado algunas integrantes fueron arrestadas por protestar en las cercan\u00edas de la Plaza de San Pedro.<\/p>\n\n\n\n<p class=\"has-text-align-center\"><em><strong><em><strong><em><strong><em><strong><a href=\"https:\/\/t.me\/esreviral\">\u00daNETE A NUESTRO CANAL DE TELEGRAM PARA ESTAR INFORMADO<\/a><\/strong><\/em><\/strong><\/em><\/strong><\/em><\/strong><\/em><\/p>\n\n\n\n<blockquote class=\"twitter-tweet\"><p lang=\"es\" dir=\"ltr\">\ud83d\udcffUn grupo de mujeres protesta lanzando humo rosa en <a href=\"https:\/\/twitter.com\/hashtag\/Roma?src=hash&amp;ref_src=twsrc%5Etfw\">#Roma<\/a> para exigir un mayor protagonismo de las f\u00e9minas en la Iglesia Cat\u00f3lica <a href=\"https:\/\/t.co\/CaSuQ2DflL\">pic.twitter.com\/CaSuQ2DflL<\/a><\/p>&mdash; ES RE VIRAL (@esreviral) <a href=\"https:\/\/twitter.com\/esreviral\/status\/1920471326323613882?ref_src=twsrc%5Etfw\">May 8, 2025<\/a><\/blockquote> <script async src=\"https:\/\/platform.twitter.com\/widgets.js\" charset=\"utf-8\"><\/script>\n\n\n\n<p><\/p>\n\n\n\n<p>Las manifestantes incluso propusieron candidatas femeninas para ocupar el cargo de Papa, entre ellas la<strong> expresidenta irlandesa Mary McAleese<\/strong>. En una entrevista, McAleese advirti\u00f3 que la Iglesia \u201c<strong><em>estar\u00eda en problemas a\u00fan m\u00e1s graves<\/em><\/strong>\u201d si los cardenales eligen a un pont\u00edfice conservador, y a\u00f1adi\u00f3: \u201c<strong><em>Necesitamos un hombre valiente, con verdadero coraje, que pueda guiar a la Iglesia hacia la igualdad que muchos creemos que Cristo prometi\u00f3 y defiende, pero que la Iglesia a\u00fan no cumple\u201d.<\/em><\/strong><\/p>\n\n\n\n<p><strong><mark style=\"background-color:rgba(0, 0, 0, 0)\" class=\"has-inline-color has-vivid-red-color\">Sospechas en la misa previa al C\u00f3nclave: \u201cFelicidades, por partida doble\u201d<\/mark><\/strong><\/p>\n\n\n\n<p>Poco antes de iniciarse el C\u00f3nclave 2025, un comentario captado fuera de micr\u00f3fono durante la misa matutina en la bas\u00edlica de San Pedro gener\u00f3 especulaciones en el Vaticano. \u201c<strong><em>Felicidades, por partida doble\u201d<\/em><\/strong>, le dijo el decano del Colegio Cardenalicio, Giovanni Battista Re, al cardenal Pietro Parolin, uno de los favoritos entre los electores.<\/p>\n\n\n\n<p>El episodio ocurri\u00f3 durante la misa <em>Pro eligendo Pontifice<\/em>, la tradicional liturgia que antecede al proceso de votaci\u00f3n, mientras los cardenales intercambiaban el saludo de la paz. El comentario aliment\u00f3 rumores y expectativas en torno al resultado del C\u00f3nclave.<\/p>\n\n\n\n<p><\/p>\n\n\n\n<p class=\"has-text-align-center\"><strong><a href=\"https:\/\/chat.whatsapp.com\/KWkTmakY3I05kNdd2oZl6d\"><em>\u00daNETE A NUESTRO GRUPO DE WHATSAPP PARA ESTAR INFORMADO<\/em><\/a><\/strong><\/p>\n","protected":false},"excerpt":{"rendered":"<p>Un grupo de cat\u00f3licas se congreg\u00f3 a las afueras del Vaticano. Desde all\u00ed afirman que las mujeres deben estar \u00aben todos los aspectos de la vida de la Iglesia\u00bb.<\/p>\n","protected":false},"author":3,"featured_media":73206,"comment_status":"closed","ping_status":"closed","sticky":false,"template":"","format":"standard","meta":{"jnews-multi-image_gallery":[],"jnews_single_post":{"format":"standard"},"jnews_primary_category":[],"jnews_social_meta":[],"jnews_review":[],"enable_review":"","type":"","name":"","summary":"","brand":"","sku":"","good":[],"bad":[],"score_override":"","override_value":"","rating":[],"price":[],"jnews_override_counter":[],"jnews_post_split":[],"footnotes":""},"categories":[88],"tags":[25347,29741,29739,29740,45,8378,129],"class_list":["post-73205","post","type-post","status-publish","format-standard","has-post-thumbnail","hentry","category-internacionales","tag-conclave","tag-conferencia-de-ordenacion-de-mujeres","tag-humo-rosa","tag-mujeres-catolicas","tag-noticias","tag-roma","tag-vaticano"],"amp_enabled":true,"_links":{"self":[{"href":"https:\/\/esreviral.com\/index.php?rest_route=\/wp\/v2\/posts\/73205"}],"collection":[{"href":"https:\/\/esreviral.com\/index.php?rest_route=\/wp\/v2\/posts"}],"about":[{"href":"https:\/\/esreviral.com\/index.php?rest_route=\/wp\/v2\/types\/post"}],"author":[{"embeddable":true,"href":"https:\/\/esreviral.com\/index.php?rest_route=\/wp\/v2\/users\/3"}],"replies":[{"embeddable":true,"href":"https:\/\/esreviral.com\/index.php?rest_route=%2Fwp%2Fv2%2Fcomments&post=73205"}],"version-history":[{"count":1,"href":"https:\/\/esreviral.com\/index.php?rest_route=\/wp\/v2\/posts\/73205\/revisions"}],"predecessor-version":[{"id":73207,"href":"https:\/\/esreviral.com\/index.php?rest_route=\/wp\/v2\/posts\/73205\/revisions\/73207"}],"wp:featuredmedia":[{"embeddable":true,"href":"https:\/\/esreviral.com\/index.php?rest_route=\/wp\/v2\/media\/73206"}],"wp:attachment":[{"href":"https:\/\/esreviral.com\/index.php?rest_route=%2Fwp%2Fv2%2Fmedia&parent=73205"}],"wp:term":[{"taxonomy":"category","embeddable":true,"href":"https:\/\/esreviral.com\/index.php?rest_route=%2Fwp%2Fv2%2Fcategories&post=73205"},{"taxonomy":"post_tag","embeddable":true,"href":"https:\/\/esreviral.com\/index.php?rest_route=%2Fwp%2Fv2%2Ftags&post=73205"}],"curies":[{"name":"wp","href":"https:\/\/api.w.org\/{rel}","templated":true}]}}