{"id":73190,"date":"2025-05-08T07:09:41","date_gmt":"2025-05-08T12:09:41","guid":{"rendered":"https:\/\/esreviral.com\/?p=73190"},"modified":"2025-05-08T07:14:46","modified_gmt":"2025-05-08T12:14:46","slug":"espana-nuevo-apagon-deja-a-canarias-sin-luz-por-segunda-vez-en-una-semana","status":"publish","type":"post","link":"https:\/\/esreviral.com\/?p=73190","title":{"rendered":"Espa\u00f1a: nuevo apag\u00f3n deja a Canarias sin luz por segunda vez en una semana"},"content":{"rendered":"\n<p><strong>A diez d\u00edas del apag\u00f3n que paraliz\u00f3 a Espa\u00f1a durante casi un d\u00eda entero,<\/strong> un nuevo corte de luz afecta ahora a las<strong> islas Canarias<\/strong>, espec\u00edficamente a la <strong>isla de La Palma,<\/strong> seg\u00fan informaron medios locales.<\/p>\n\n\n\n<p>El apag\u00f3n de este jueves dej\u00f3 sin suministro el\u00e9ctrico a miles de usuarios en varios municipios, entre ellos Santa Cruz de La Palma, Los Llanos de Aridane, El Paso, Puntallana, Bre\u00f1a Alta, Bre\u00f1a Baja y Mazo.<\/p>\n\n\n\n<p class=\"has-text-align-center\"><em><strong><em><strong><em><strong><em><strong><a href=\"https:\/\/t.me\/esreviral\">\u00daNETE A NUESTRO CANAL DE TELEGRAM PARA ESTAR INFORMADO<\/a><\/strong><\/em><\/strong><\/em><\/strong><\/em><\/strong><\/em><\/p>\n\n\n\n<p>Ante la situaci\u00f3n, el Cabildo de La Palma emiti\u00f3 un comunicado pidiendo calma a la poblaci\u00f3n, recomendando no saturar las l\u00edneas de emergencia \u2014llamar al 112 solo en casos estrictamente necesarios\u2014 y priorizar el ahorro de bater\u00eda en los dispositivos m\u00f3viles.<\/p>\n\n\n\n<p>El director general de Energ\u00eda del Gobierno de Canarias, Alberto Hern\u00e1ndez, inform\u00f3 en redes sociales que el corte se registr\u00f3 exactamente a las 09:47 horas. Adem\u00e1s, indic\u00f3 que el Centro de Control de Endesa en Gran Canaria trabaja en coordinaci\u00f3n con el operador del sistema para restablecer el servicio lo antes posible.<\/p>\n\n\n\n<p>Este nuevo apag\u00f3n ocurre apenas d\u00edas despu\u00e9s de otro similar a principios de mayo, cuando una aver\u00eda en dos l\u00edneas el\u00e9ctricas dej\u00f3 sin luz a zonas de Santa Cruz de La Palma y El Mulato, en San Andr\u00e9s y Sauces, alrededor de las 12:01 del mediod\u00eda, seg\u00fan inform\u00f3 Endesa a ElTime.es.<\/p>\n\n\n\n<p><em><strong>Noticia en desarrollo&#8230;<\/strong><\/em><\/p>\n\n\n\n<p class=\"has-text-align-center\"><strong><a href=\"https:\/\/chat.whatsapp.com\/KWkTmakY3I05kNdd2oZl6d\"><em>\u00daNETE A NUESTRO GRUPO DE WHATSAPP PARA ESTAR INFORMADO<\/em><\/a><\/strong><\/p>\n","protected":false},"excerpt":{"rendered":"<p>Un nuevo apag\u00f3n afectaba este jueves a miles de usuarios en la isla de La Palma.<br \/>\nEsta nueva falla se produce tan solo unos d\u00edas despu\u00e9s de otro incidente similar ocurrido a principios de mayo.<\/p>\n","protected":false},"author":3,"featured_media":73191,"comment_status":"closed","ping_status":"closed","sticky":false,"template":"","format":"standard","meta":{"jnews-multi-image_gallery":[],"jnews_single_post":{"format":"standard"},"jnews_primary_category":[],"jnews_social_meta":[],"jnews_review":[],"enable_review":"","type":"","name":"","summary":"","brand":"","sku":"","good":[],"bad":[],"score_override":"","override_value":"","rating":[],"price":[],"jnews_override_counter":[],"jnews_post_split":[],"footnotes":""},"categories":[88],"tags":[1213,29733,148,29735,29734,45,29732,441],"class_list":["post-73190","post","type-post","status-publish","format-standard","has-post-thumbnail","hentry","category-internacionales","tag-apagon","tag-canarias","tag-espana","tag-isla-de-la-palma","tag-islas-canarias","tag-noticias","tag-nuevo-apagon","tag-sin-luz"],"_links":{"self":[{"href":"https:\/\/esreviral.com\/index.php?rest_route=\/wp\/v2\/posts\/73190","targetHints":{"allow":["GET"]}}],"collection":[{"href":"https:\/\/esreviral.com\/index.php?rest_route=\/wp\/v2\/posts"}],"about":[{"href":"https:\/\/esreviral.com\/index.php?rest_route=\/wp\/v2\/types\/post"}],"author":[{"embeddable":true,"href":"https:\/\/esreviral.com\/index.php?rest_route=\/wp\/v2\/users\/3"}],"replies":[{"embeddable":true,"href":"https:\/\/esreviral.com\/index.php?rest_route=%2Fwp%2Fv2%2Fcomments&post=73190"}],"version-history":[{"count":1,"href":"https:\/\/esreviral.com\/index.php?rest_route=\/wp\/v2\/posts\/73190\/revisions"}],"predecessor-version":[{"id":73192,"href":"https:\/\/esreviral.com\/index.php?rest_route=\/wp\/v2\/posts\/73190\/revisions\/73192"}],"wp:featuredmedia":[{"embeddable":true,"href":"https:\/\/esreviral.com\/index.php?rest_route=\/wp\/v2\/media\/73191"}],"wp:attachment":[{"href":"https:\/\/esreviral.com\/index.php?rest_route=%2Fwp%2Fv2%2Fmedia&parent=73190"}],"wp:term":[{"taxonomy":"category","embeddable":true,"href":"https:\/\/esreviral.com\/index.php?rest_route=%2Fwp%2Fv2%2Fcategories&post=73190"},{"taxonomy":"post_tag","embeddable":true,"href":"https:\/\/esreviral.com\/index.php?rest_route=%2Fwp%2Fv2%2Ftags&post=73190"}],"curies":[{"name":"wp","href":"https:\/\/api.w.org\/{rel}","templated":true}]}}