{"id":73157,"date":"2025-05-07T11:58:54","date_gmt":"2025-05-07T16:58:54","guid":{"rendered":"https:\/\/esreviral.com\/?p=73157"},"modified":"2025-05-07T11:59:47","modified_gmt":"2025-05-07T16:59:47","slug":"que-implica-una-extraccion-politica-el-caso-de-los-opositores-refugiados-en-la-embajada-de-argentina","status":"publish","type":"post","link":"https:\/\/esreviral.com\/?p=73157","title":{"rendered":"Qu\u00e9 implica una extracci\u00f3n pol\u00edtica: el caso de los opositores refugiados en la Embajada de Argentina"},"content":{"rendered":"\n<p>La operaci\u00f3n <strong><a href=\"https:\/\/esreviral.com\/?p=73100\" data-type=\"link\" data-id=\"https:\/\/esreviral.com\/?p=73100\">para extraer a los cinco opositores venezolanos<\/a><\/strong> que permanecieron refugiados durante m\u00e1s de un a\u00f1o en la Embajada de Argentina en Caracas, Venezuela, fue calificada por Estados Unidos como una acci\u00f3n \u201c<strong><em>precisa y exitosa\u201d<\/em><\/strong>.<\/p>\n\n\n\n<h3 class=\"wp-block-heading\"><strong><mark style=\"background-color:rgba(0, 0, 0, 0)\" class=\"has-inline-color has-vivid-red-color\">\u00bfQui\u00e9nes eran los opositores y por qu\u00e9 estaban refugiados en la embajada?<\/mark><\/strong><\/h3>\n\n\n\n<p><strong>Pedro Urruchurtu, Omar Gonz\u00e1lez, Claudia Macero, Humberto Villalobos y Magalli <\/strong>Meda integran el equipo de la l\u00edder opositora Mar\u00eda Corina Machado. Desde marzo de 2024 buscaron refugio en la embajada argentina para evitar ser arrestados por orden de la Fiscal\u00eda venezolana, controlada por Nicol\u00e1s Maduro, que los acusa de conspiraci\u00f3n y traici\u00f3n a la patria, cargos habitualmente usados para perseguir a disidentes pol\u00edticos.<\/p>\n\n\n\n<p>Durante m\u00e1s de un a\u00f1o, los opositores vivieron bajo asedio en la sede diplom\u00e1tica, enfrentando cortes de electricidad, agua, internet y restricciones para recibir alimentos, en un intento del gobierno venezolano por forzarlos a salir. La embajada, bajo la protecci\u00f3n de Brasil \u2014aliado de Maduro\u2014, les brind\u00f3 resguardo diplom\u00e1tico que evit\u00f3 su captura.<\/p>\n\n\n\n<p class=\"has-text-align-center\"><em><strong><em><strong><em><strong><em><strong><a href=\"https:\/\/t.me\/esreviral\">\u00daNETE A NUESTRO CANAL DE TELEGRAM PARA ESTAR INFORMADO<\/a><\/strong><\/em><\/strong><\/em><\/strong><\/em><\/strong><\/em><\/p>\n\n\n\n<figure class=\"wp-block-image size-large\"><img decoding=\"async\" src=\"https:\/\/cdn.bitlysdowssl-aws.com\/wp-content\/uploads\/2025\/05\/opositores-embajada-argentina-caracas-1536x1080.jpg\" alt=\"\"\/><\/figure>\n\n\n\n<h3 class=\"wp-block-heading\"><strong><mark style=\"background-color:rgba(0, 0, 0, 0)\" class=\"has-inline-color has-vivid-red-color\">\u00bfQu\u00e9 significa una extracci\u00f3n o rescate en este contexto?<\/mark><\/strong><\/h3>\n\n\n\n<p><strong>Una extracci\u00f3n o rescate es una operaci\u00f3n planificada y coordinada para sacar de manera segura a personas en peligro o bajo asedio en un lugar protegido, como una embajada, y trasladarlas a un sitio seguro fuera del alcance del Gobierno que las amenaza<\/strong>. No se trata de una simple salida voluntaria, sino de una<strong> acci\u00f3n estrat\u00e9gica <\/strong>que puede involucrar log\u00edstica compleja, coordinaci\u00f3n internacional y, en ocasiones, maniobras encubiertas para evitar detenciones o represalias.<\/p>\n\n\n\n<p>En este caso, la operaci\u00f3n permiti\u00f3 asegurar la salida de los opositores sin que fueran interceptados por las autoridades venezolanas. Finalmente, fueron trasladados a Estados Unidos, donde gozan de libertad plena y garant\u00edas de seguridad.<\/p>\n\n\n\n<p>La firma de abogados Leppard Law, con sede en Florida, explica en su sitio web que \u201c<strong><em>las operaciones de recuperaci\u00f3n de rehenes son componentes cr\u00edticos de la seguridad nacional y p\u00fablica, que implican una compleja interacci\u00f3n de planificaci\u00f3n estrat\u00e9gica, marcos legales y coordinaci\u00f3n entre agencias<\/em><\/strong>\u201d. Seg\u00fan detalla, estas operaciones requieren desde la evaluaci\u00f3n de riesgos hasta la asignaci\u00f3n de recursos y la elaboraci\u00f3n de rutas seguras, todo dise\u00f1ado para maximizar las posibilidades de \u00e9xito y minimizar los riesgos tanto para los rescatados como para el equipo operativo.<\/p>\n\n\n\n<h3 class=\"wp-block-heading\"><strong><mark style=\"background-color:rgba(0, 0, 0, 0)\" class=\"has-inline-color has-vivid-red-color\">\u00bfQui\u00e9nes participaron en la operaci\u00f3n?<\/mark><\/strong><\/h3>\n\n\n\n<p>Marco Rubio, secretario de Estado de EE.UU., confirm\u00f3 este martes que los opositores est\u00e1n a salvo en suelo estadounidense. El gobierno argentino, encabezado por Javier Milei, tambi\u00e9n anunci\u00f3 el rescate y agradeci\u00f3 especialmente a Estados Unidos por hacerlo posible.<\/p>\n\n\n\n<p>Argentina asegur\u00f3 que continuar\u00e1 trabajando por la liberaci\u00f3n de otros presos pol\u00edticos del r\u00e9gimen venezolano, como el gendarme argentino Nahuel Gallo. Seg\u00fan diversos medios, la operaci\u00f3n fue coordinada y ejecutada principalmente por Estados Unidos, con respaldo diplom\u00e1tico de Argentina e Italia, aunque no se ha confirmado participaci\u00f3n directa del gobierno de Maduro.<\/p>\n\n\n\n<p>El momento del anuncio \u2014sin precisarse a\u00fan el d\u00eda exacto de la salida de los dirigentes de la embajada\u2014 coincidi\u00f3 con la llegada de Nicol\u00e1s Maduro a Rusia, en medio de crecientes presiones internacionales por el fraude electoral en las elecciones presidenciales del 28 de julio de 2024 y la persecuci\u00f3n contra la oposici\u00f3n.<\/p>\n\n\n\n<h3 class=\"wp-block-heading\"><strong><mark style=\"background-color:rgba(0, 0, 0, 0)\" class=\"has-inline-color has-vivid-red-color\">Un desaf\u00edo internacional<\/mark><\/strong><\/h3>\n\n\n\n<p>Leppard Law tambi\u00e9n subraya que este tipo de operaciones, en contextos internacionales, no solo requieren precisi\u00f3n t\u00e1ctica, sino tambi\u00e9n un riguroso cumplimiento de normas legales y principios \u00e9ticos. Cuando una extracci\u00f3n involucra a personas perseguidas en pa\u00edses extranjeros, es esencial la coordinaci\u00f3n con gobiernos aliados y organismos internacionales.<\/p>\n\n\n\n<p>Esa cooperaci\u00f3n, aunque clave, puede ralentizar las decisiones y plantear retos diplom\u00e1ticos. \u201c<strong><em>Los secuestradores pueden tener motivaciones pol\u00edticas, y sus acciones pueden afectar las relaciones diplom\u00e1ticas entre pa\u00edses. Los organismos federales deben considerar el contexto geopol\u00edtico m\u00e1s amplio para evitar exacerbar tensiones existentes o generar nuevos conflictos\u201d<\/em><\/strong>, advierte la firma.<\/p>\n\n\n\n<p class=\"has-text-align-center\"><strong><a href=\"https:\/\/chat.whatsapp.com\/KWkTmakY3I05kNdd2oZl6d\"><em>\u00daNETE A NUESTRO GRUPO DE WHATSAPP PARA ESTAR INFORMADO<\/em><\/a><\/strong><\/p>\n\n\n\n<p class=\"has-text-align-right\"><strong><em>Con Informaci\u00f3n de ElNacional.-<\/em><\/strong><\/p>\n","protected":false},"excerpt":{"rendered":"<p>Pedro Urruchurtu, Omar Gonz\u00e1lez, Claudia Macero, Humberto Villalobos y Magalli Meda forman parte del equipo de la l\u00edder opositora Mar\u00eda Corina Machado y estaban resguardados en la sede diplom\u00e1tica desde marzo de 2024<\/p>\n","protected":false},"author":3,"featured_media":73158,"comment_status":"closed","ping_status":"closed","sticky":false,"template":"","format":"standard","meta":{"jnews-multi-image_gallery":[],"jnews_single_post":{"format":"standard"},"jnews_primary_category":[],"jnews_social_meta":[],"jnews_review":[],"enable_review":"","type":"","name":"","summary":"","brand":"","sku":"","good":[],"bad":[],"score_override":"","override_value":"","rating":[],"price":[],"jnews_override_counter":[],"jnews_post_split":[],"footnotes":""},"categories":[59],"tags":[15366,136,3265,45],"class_list":["post-73157","post","type-post","status-publish","format-standard","has-post-thumbnail","hentry","category-politica","tag-embajada-de-argentina","tag-estados-unidos","tag-maria-corina-machado-2","tag-noticias"],"amp_enabled":true,"_links":{"self":[{"href":"https:\/\/esreviral.com\/index.php?rest_route=\/wp\/v2\/posts\/73157"}],"collection":[{"href":"https:\/\/esreviral.com\/index.php?rest_route=\/wp\/v2\/posts"}],"about":[{"href":"https:\/\/esreviral.com\/index.php?rest_route=\/wp\/v2\/types\/post"}],"author":[{"embeddable":true,"href":"https:\/\/esreviral.com\/index.php?rest_route=\/wp\/v2\/users\/3"}],"replies":[{"embeddable":true,"href":"https:\/\/esreviral.com\/index.php?rest_route=%2Fwp%2Fv2%2Fcomments&post=73157"}],"version-history":[{"count":2,"href":"https:\/\/esreviral.com\/index.php?rest_route=\/wp\/v2\/posts\/73157\/revisions"}],"predecessor-version":[{"id":73162,"href":"https:\/\/esreviral.com\/index.php?rest_route=\/wp\/v2\/posts\/73157\/revisions\/73162"}],"wp:featuredmedia":[{"embeddable":true,"href":"https:\/\/esreviral.com\/index.php?rest_route=\/wp\/v2\/media\/73158"}],"wp:attachment":[{"href":"https:\/\/esreviral.com\/index.php?rest_route=%2Fwp%2Fv2%2Fmedia&parent=73157"}],"wp:term":[{"taxonomy":"category","embeddable":true,"href":"https:\/\/esreviral.com\/index.php?rest_route=%2Fwp%2Fv2%2Fcategories&post=73157"},{"taxonomy":"post_tag","embeddable":true,"href":"https:\/\/esreviral.com\/index.php?rest_route=%2Fwp%2Fv2%2Ftags&post=73157"}],"curies":[{"name":"wp","href":"https:\/\/api.w.org\/{rel}","templated":true}]}}