{"id":73154,"date":"2025-05-07T11:44:37","date_gmt":"2025-05-07T16:44:37","guid":{"rendered":"https:\/\/esreviral.com\/?p=73154"},"modified":"2025-05-07T11:44:38","modified_gmt":"2025-05-07T16:44:38","slug":"inicio-el-conclave-cardenales-se-encerraron-en-la-capilla-sixtina-para-elegir-un-papa","status":"publish","type":"post","link":"https:\/\/esreviral.com\/?p=73154","title":{"rendered":"Inici\u00f3 el c\u00f3nclave: cardenales se encerraron en la Capilla Sixtina para elegir un Papa"},"content":{"rendered":"\n<p>Este mi\u00e9rcoles, los 133 cardenales encargados de elegir al <strong>sucesor del papa Francisco<\/strong> iniciaron formalmente el c\u00f3nclave en la Capilla Sixtina, tras el cierre oficial de sus puertas.<\/p>\n\n\n\n<p>El maestro de Celebraciones Lit\u00fargicas, Diego Ravelli, pronunci\u00f3 la tradicional f\u00f3rmula en lat\u00edn <em>\u201cExtra omnes\u201d<\/em> (\u201cfuera todos\u201d) para pedir que abandonaran la capilla todas las personas ajenas al proceso. Luego, a las 17.46 horas (15.46 GMT), cerr\u00f3 los portones de madera de la Sixtina, custodiados por dos guardias suizos armados con alabardas.<\/p>\n\n\n\n<p class=\"has-text-align-center\"><em><strong><em><strong><em><strong><em><strong><a href=\"https:\/\/t.me\/esreviral\">\u00daNETE A NUESTRO CANAL DE TELEGRAM PARA ESTAR INFORMADO<\/a><\/strong><\/em><\/strong><\/em><\/strong><\/em><\/strong><\/em><\/p>\n\n\n\n<blockquote class=\"twitter-tweet\"><p lang=\"es\" dir=\"ltr\">\ud83c\uddfb\ud83c\udde6 \u26ea\ufe0f | Se cierran las puertas de la Capilla Sixtina e inicia el c\u00f3nclave. Miles de fieles en la Plaza de San Pedro y en el mundo estar\u00e1n expectantes a la fumata blanca o negra. <a href=\"https:\/\/t.co\/YBZ5ep7RUc\">pic.twitter.com\/YBZ5ep7RUc<\/a><\/p>&mdash; ES RE VIRAL (@esreviral) <a href=\"https:\/\/twitter.com\/esreviral\/status\/1920144311343022174?ref_src=twsrc%5Etfw\">May 7, 2025<\/a><\/blockquote> <script async src=\"https:\/\/platform.twitter.com\/widgets.js\" charset=\"utf-8\"><\/script>\n\n\n\n<p><\/p>\n\n\n\n<p>En el interior quedaron los purpurados electores, acompa\u00f1ados por el predicador capuchino Raniero Cantalamessa, encargado de ofrecer una \u00faltima meditaci\u00f3n antes de retirarse y dejarles solos para el inicio de las votaciones.<\/p>\n\n\n\n<p>El c\u00f3nclave se desarrolla 17 d\u00edas despu\u00e9s del fallecimiento de Francisco, ocurrido el pasado 21 de abril. Los 133 cardenales, todos menores de 80 a\u00f1os, deber\u00e1n alcanzar un m\u00ednimo de 89 votos \u2014dos tercios del total\u2014 para elegir al nuevo pont\u00edfice.<\/p>\n\n\n\n<p>Est\u00e1 previsto que ya esta tarde se realice la primera votaci\u00f3n. Como marca la tradici\u00f3n, el resultado se anunciar\u00e1 mediante el humo que saldr\u00e1 por la chimenea instalada en el techo de la Capilla Sixtina: blanco si hay acuerdo para nombrar papa, negro si el c\u00f3nclave contin\u00faa.<\/p>\n\n\n\n<p>En caso de que hoy no se llegue a una decisi\u00f3n, las votaciones seguir\u00e1n ma\u00f1ana y los d\u00edas siguientes, con dos rondas por la ma\u00f1ana y dos por la tarde, hasta alcanzar un consenso.<\/p>\n\n\n\n<p>Durante todo el proceso, los cardenales permanecen dentro del territorio vaticano \u2014menos de medio kil\u00f3metro cuadrado en el coraz\u00f3n de Roma\u2014 y tienen prohibido abandonarlo o comunicarse con el exterior, bajo pena de excomuni\u00f3n. Saldr\u00e1n de la Sixtina \u00fanicamente para cenar y descansar, siempre dentro del Vaticano.<\/p>\n\n\n\n<p class=\"has-text-align-center\"><strong><a href=\"https:\/\/chat.whatsapp.com\/KWkTmakY3I05kNdd2oZl6d\"><em>\u00daNETE A NUESTRO GRUPO DE WHATSAPP PARA ESTAR INFORMADO<\/em><\/a><\/strong><\/p>\n","protected":false},"excerpt":{"rendered":"<p>El maestro de Celebraciones Lit\u00fargicas, Diego Ravelli, pronunci\u00f3 la f\u00f3rmula en lat\u00edn, \u00abExtra omnes\u00bb (fuera todos), para pedir a todo aquel ajeno al c\u00f3nclave que abandonara la capilla<\/p>\n","protected":false},"author":3,"featured_media":73155,"comment_status":"closed","ping_status":"closed","sticky":false,"template":"","format":"standard","meta":{"jnews-multi-image_gallery":[],"jnews_single_post":{"format":"standard"},"jnews_primary_category":[],"jnews_social_meta":[],"jnews_review":[],"enable_review":"","type":"","name":"","summary":"","brand":"","sku":"","good":[],"bad":[],"score_override":"","override_value":"","rating":[],"price":[],"jnews_override_counter":[],"jnews_post_split":[],"footnotes":""},"categories":[88],"tags":[29189,25347,29678,29677,45,28873],"class_list":["post-73154","post","type-post","status-publish","format-standard","has-post-thumbnail","hentry","category-internacionales","tag-capilla-sixtina","tag-conclave","tag-diego-ravelli","tag-maestro-de-celebraciones-liturgicas","tag-noticias","tag-sucesor-del-papa-francisco"],"amp_enabled":true,"_links":{"self":[{"href":"https:\/\/esreviral.com\/index.php?rest_route=\/wp\/v2\/posts\/73154"}],"collection":[{"href":"https:\/\/esreviral.com\/index.php?rest_route=\/wp\/v2\/posts"}],"about":[{"href":"https:\/\/esreviral.com\/index.php?rest_route=\/wp\/v2\/types\/post"}],"author":[{"embeddable":true,"href":"https:\/\/esreviral.com\/index.php?rest_route=\/wp\/v2\/users\/3"}],"replies":[{"embeddable":true,"href":"https:\/\/esreviral.com\/index.php?rest_route=%2Fwp%2Fv2%2Fcomments&post=73154"}],"version-history":[{"count":1,"href":"https:\/\/esreviral.com\/index.php?rest_route=\/wp\/v2\/posts\/73154\/revisions"}],"predecessor-version":[{"id":73156,"href":"https:\/\/esreviral.com\/index.php?rest_route=\/wp\/v2\/posts\/73154\/revisions\/73156"}],"wp:featuredmedia":[{"embeddable":true,"href":"https:\/\/esreviral.com\/index.php?rest_route=\/wp\/v2\/media\/73155"}],"wp:attachment":[{"href":"https:\/\/esreviral.com\/index.php?rest_route=%2Fwp%2Fv2%2Fmedia&parent=73154"}],"wp:term":[{"taxonomy":"category","embeddable":true,"href":"https:\/\/esreviral.com\/index.php?rest_route=%2Fwp%2Fv2%2Fcategories&post=73154"},{"taxonomy":"post_tag","embeddable":true,"href":"https:\/\/esreviral.com\/index.php?rest_route=%2Fwp%2Fv2%2Ftags&post=73154"}],"curies":[{"name":"wp","href":"https:\/\/api.w.org\/{rel}","templated":true}]}}