{"id":73090,"date":"2025-05-06T16:50:37","date_gmt":"2025-05-06T21:50:37","guid":{"rendered":"https:\/\/esreviral.com\/?p=73090"},"modified":"2025-05-07T07:02:05","modified_gmt":"2025-05-07T12:02:05","slug":"el-oficialismo-consiguio-dictamen-al-proyecto-para-bajar-la-edad-de-imputabilidad","status":"publish","type":"post","link":"https:\/\/esreviral.com\/?p=73090","title":{"rendered":"\u201cPresos desde los 14\u201d: el Congreso dio luz verde al proyecto m\u00e1s duro del Gobierno"},"content":{"rendered":"\n<p>Luego de introducir modificaciones relevantes, el oficialismo consigui\u00f3 dictamen <strong>favorable en comisiones para el proyecto de ley que baja la edad de imputabilidad penal. La iniciativa qued\u00f3 as\u00ed lista para ser tratada en el recinto de la C\u00e1mara de Diputados.<\/strong><\/p>\n\n\n\n<p>El proyecto original, impulsado por la <strong>ministra de Seguridad, Patricia Bullrich, y el ministro de Justicia, Mariano C\u00faneo Libarona, propon\u00eda reducir la edad de imputabilidad de 16 a 13 a\u00f1os<\/strong> <strong>de edad<\/strong>. Sin embargo, frente a la presi\u00f3n de otras bancadas, La Libertad Avanza<strong> accedi\u00f3 a fijarla en 14 a\u00f1os de edad. <\/strong>Tambi\u00e9n se modific\u00f3 el m\u00e1ximo de pena para menores: inicialmente de 20 a\u00f1os, se redujo a 15.<\/p>\n\n\n\n<p>El dictamen de mayor\u00eda fue aprobado en el plenario de las comisiones de Legislaci\u00f3n Penal, Justicia, Presupuesto y Ni\u00f1ez y Adolescencia, con 77 votos a favor. Respaldaron la iniciativa diputados de La Libertad Avanza, PRO, UCR, MID, los radicales \u201cpeluca\u201d e Innovaci\u00f3n Federal. En tanto, la Coalici\u00f3n C\u00edvica, Democracia para Siempre y Encuentro Federal (representaci\u00f3n cordobesa) firmaron en disidencia.<\/p>\n\n\n\n<p class=\"has-text-align-center\"><em><strong><em><strong><em><strong><em><strong><a href=\"https:\/\/t.me\/esreviral\">\u00daNETE A NUESTRO CANAL DE TELEGRAM PARA ESTAR INFORMADO<\/a><\/strong><\/em><\/strong><\/em><\/strong><\/em><\/strong><\/em><\/p>\n\n\n\n<blockquote class=\"wp-block-quote is-layout-flow wp-block-quote-is-layout-flow\">\n<p>\u201c<strong><em>Era una asignatura pendiente del Congreso. El proyecto tiene una misi\u00f3n resocializadora y busca brindar contenci\u00f3n a adolescentes en conflicto con la ley<\/em><\/strong>\u201d, destac\u00f3 la radical Roxana Reyes, presidenta de la Comisi\u00f3n de Ni\u00f1ez y Adolescencia. Tambi\u00e9n subray\u00f3 la creaci\u00f3n de la figura del <strong><em>\u201cacompa\u00f1ante<\/em><\/strong>\u201d.<\/p>\n<\/blockquote>\n\n\n\n<p>En la misma l\u00ednea, la diputada Marcela Campagnoli (Coalici\u00f3n C\u00edvica) valor\u00f3 que se establezca un r\u00e9gimen penal juvenil con garant\u00edas procesales: derecho a defensa, debido proceso, y supervisi\u00f3n de las medidas socioeducativas. No obstante, aclar\u00f3 su disidencia: <em>\u201c<\/em><strong><em>No se puede detener a menores si no existen centros habilitados para ello\u201d<\/em>.<\/strong><\/p>\n\n\n\n<p>Desde otro \u00e1ngulo, el diputado Fernando Carbajal (Democracia Sindical), exjuez federal, fue tajante: <em>\u201c<\/em><strong><em>Este dictamen no tiene nada que ver con el proyecto del Ejecutivo. Se rechaza el slogan \u2018delito de adulto, pena de adulto\u2019. El texto no refleja los ejes pol\u00edticos del Gobierno\u201d<\/em>. Su bloque tambi\u00e9n objet\u00f3 la falta de claridad sobre el financiamiento: <em>\u201c\u00bfCu\u00e1l ser\u00e1 el impacto presupuestario para las provincias?<\/em><\/strong><em>\u201d<\/em>, cuestion\u00f3.<\/p>\n\n\n\n<p>Uni\u00f3n por la Patria tambi\u00e9n expres\u00f3 reparos. Su jefe de bloque, Germ\u00e1n Mart\u00ednez, pidi\u00f3 postergar el tratamiento hasta contar con certezas sobre los recursos necesarios. UP presentar\u00e1 un dictamen alternativo que mantiene la edad de imputabilidad en 16 a\u00f1os. <em>\u201cBullrich ni siquiera construye c\u00e1rceles para adultos; pretenden hacernos creer que crear\u00e1n dispositivos socioeducativos especializados\u201d<\/em>, critic\u00f3 Victoria Tolosa Paz, visiblemente conmovida. <em>\u201cUn pibe no elige salir armado a los 8 a\u00f1os. Necesitamos m\u00e1s Estado para ellos, no menos\u201d<\/em>, agreg\u00f3, entre l\u00e1grimas.<\/p>\n\n\n\n<figure class=\"wp-block-image size-large\"><img decoding=\"async\" src=\"https:\/\/www.clarin.com\/img\/2024\/08\/17\/UtIGdXF9M_1256x620__1.jpg\" alt=\"\"\/><\/figure>\n\n\n\n<p class=\"has-text-align-center\"><strong><em>Germ\u00e1n Mart\u00ednez y Victoria Tolosa Paz. <\/em><\/strong><\/p>\n\n\n\n<p>Dentro del peronismo, el sector massista mostr\u00f3 una posici\u00f3n m\u00e1s cercana al oficialismo. Aunque sus representantes fueron reemplazados en la comisi\u00f3n, el oficialismo conf\u00eda en que acompa\u00f1ar\u00e1n al menos en general, dado que Sergio Massa ha presentado proyectos similares en el pasado.<\/p>\n\n\n\n<p>Por su parte, Encuentro Federal \u2014con Margarita Stolbizer, Nicol\u00e1s Massot y Natalia de la Sota\u2014 present\u00f3 un dictamen propio que conserva la edad m\u00ednima de imputabilidad en 16 a\u00f1os. <em>\u201cBajarla no resuelve el problema de la inseguridad. Todos los organismos especializados recomiendan mantenerla como est\u00e1\u201d<\/em>, afirm\u00f3 De la Sota. Adem\u00e1s, critic\u00f3 al oficialismo por buscar solo un \u201ct\u00edtulo\u201d en un a\u00f1o electoral.<\/p>\n\n\n\n<p>La Izquierda, en tanto, present\u00f3 un texto de rechazo. <em>\u201cEs una bomba de humo. C\u00e1rcel o bala quieren para los pibes. No van a contar con nosotros para eso\u201d<\/em>, expres\u00f3 Christian Castillo.<\/p>\n\n\n\n<p>Desde el Gobierno, celebraron el avance. <em>\u201cDespu\u00e9s de 314 d\u00edas, logramos dictaminar la baja de imputabilidad. Es simple: si sos lo suficientemente grande para matar o violar, tambi\u00e9n para ir preso\u201d<\/em>, se\u00f1al\u00f3 el secretario de Justicia, Sebasti\u00e1n Amerio. Compar\u00f3 adem\u00e1s la legislaci\u00f3n con otros pa\u00edses: <em>\u201cCompartimos con Cuba la edad m\u00e1s alta de la regi\u00f3n. En Uruguay es 13 a\u00f1os, en Brasil y M\u00e9xico, 12\u201d<\/em>.<\/p>\n\n\n\n<p><strong>El jefe del bloque PRO, Cristian Ritondo<\/strong>, se mostr\u00f3 satisfecho: <em>\u201c<strong>Logramos dictaminar la baja a 14 a\u00f1os, una demanda que impulsamos hace a\u00f1os<\/strong>\u201d<\/em>. En la misma sinton\u00eda, la radical Soledad Carrizo valor\u00f3 el consenso alcanzado: <strong><em>\u201cEs una propuesta que no desprotege ni a las v\u00edctimas ni a los menores. Responde a paradigmas actuales y necesidades concretas\u201d<\/em>.<\/strong><\/p>\n\n\n\n<p class=\"has-text-align-center\"><strong><a href=\"https:\/\/chat.whatsapp.com\/KWkTmakY3I05kNdd2oZl6d\"><em>\u00daNETE A NUESTRO GRUPO DE WHATSAPP PARA ESTAR INFORMADO<\/em><\/a><\/strong><\/p>\n\n\n\n<blockquote class=\"twitter-tweet\"><p lang=\"es\" dir=\"ltr\">Logramos dictaminar la baja de edad de imputabilidad a 14 a\u00f1os, tal como venimos impulsando hace a\u00f1os desde el Bloque PRO. Estudiamos el tema con seriedad, presentamos nuestro proyecto y hoy dimos un paso m\u00e1s para que pueda ser tratado en sesi\u00f3n. El que comete un delito debe\u2026 <a href=\"https:\/\/t.co\/iEeQtx9gte\">https:\/\/t.co\/iEeQtx9gte<\/a><\/p>&mdash; Cristian Ritondo (@cristianritondo) <a href=\"https:\/\/twitter.com\/cristianritondo\/status\/1919861640125661546?ref_src=twsrc%5Etfw\">May 6, 2025<\/a><\/blockquote> <script async src=\"https:\/\/platform.twitter.com\/widgets.js\" charset=\"utf-8\"><\/script>\n","protected":false},"excerpt":{"rendered":"<p>Actualmente entran al r\u00e9gimen de menores a partir de los 16 a\u00f1os. Con esta ley ser\u00edan imputables desde los 14.<br \/>\nLa prisi\u00f3n solo ser\u00eda efectiva para delitos graves y la pena m\u00e1xima qued\u00f3 fijada en 15 a\u00f1os.<br \/>\nLas Provincias alertan en que no est\u00e1 claro el financiamiento y el costo.<\/p>\n","protected":false},"author":3,"featured_media":73091,"comment_status":"closed","ping_status":"closed","sticky":false,"template":"","format":"standard","meta":{"jnews-multi-image_gallery":[],"jnews_single_post":{"format":"standard"},"jnews_primary_category":[],"jnews_social_meta":[],"jnews_review":[],"enable_review":"","type":"","name":"","summary":"","brand":"","sku":"","good":[],"bad":[],"score_override":"","override_value":"","rating":[],"price":[],"jnews_override_counter":[],"jnews_post_split":[],"footnotes":""},"categories":[58,59],"tags":[44,28818,29587,45,391],"class_list":["post-73090","post","type-post","status-publish","format-standard","has-post-thumbnail","hentry","category-argentina","category-politica","tag-argentina","tag-cristian-ritondo","tag-imputabilidad-penal","tag-noticias","tag-patricia-bullrich"],"amp_enabled":true,"_links":{"self":[{"href":"https:\/\/esreviral.com\/index.php?rest_route=\/wp\/v2\/posts\/73090"}],"collection":[{"href":"https:\/\/esreviral.com\/index.php?rest_route=\/wp\/v2\/posts"}],"about":[{"href":"https:\/\/esreviral.com\/index.php?rest_route=\/wp\/v2\/types\/post"}],"author":[{"embeddable":true,"href":"https:\/\/esreviral.com\/index.php?rest_route=\/wp\/v2\/users\/3"}],"replies":[{"embeddable":true,"href":"https:\/\/esreviral.com\/index.php?rest_route=%2Fwp%2Fv2%2Fcomments&post=73090"}],"version-history":[{"count":4,"href":"https:\/\/esreviral.com\/index.php?rest_route=\/wp\/v2\/posts\/73090\/revisions"}],"predecessor-version":[{"id":73118,"href":"https:\/\/esreviral.com\/index.php?rest_route=\/wp\/v2\/posts\/73090\/revisions\/73118"}],"wp:featuredmedia":[{"embeddable":true,"href":"https:\/\/esreviral.com\/index.php?rest_route=\/wp\/v2\/media\/73091"}],"wp:attachment":[{"href":"https:\/\/esreviral.com\/index.php?rest_route=%2Fwp%2Fv2%2Fmedia&parent=73090"}],"wp:term":[{"taxonomy":"category","embeddable":true,"href":"https:\/\/esreviral.com\/index.php?rest_route=%2Fwp%2Fv2%2Fcategories&post=73090"},{"taxonomy":"post_tag","embeddable":true,"href":"https:\/\/esreviral.com\/index.php?rest_route=%2Fwp%2Fv2%2Ftags&post=73090"}],"curies":[{"name":"wp","href":"https:\/\/api.w.org\/{rel}","templated":true}]}}