{"id":72976,"date":"2025-05-05T11:53:36","date_gmt":"2025-05-05T16:53:36","guid":{"rendered":"https:\/\/esreviral.com\/?p=72976"},"modified":"2025-05-05T11:53:38","modified_gmt":"2025-05-05T16:53:38","slug":"habra-feriado-puente-el-25-de-mayo-la-decision-que-tomo-el-gobierno","status":"publish","type":"post","link":"https:\/\/esreviral.com\/?p=72976","title":{"rendered":"\u00bfHabr\u00e1 feriado puente el 25 de mayo?: La decisi\u00f3n que tom\u00f3 el Gobierno"},"content":{"rendered":"\n<p>El feriado del <strong>25 de mayo<\/strong>, que conmemora la Revoluci\u00f3n de Mayo de 1810, caer\u00e1 en domingo este 2025 y <strong>no ser\u00e1 trasladado ni tendr\u00e1 feriado puente tur\u00edstico<\/strong>.<\/p>\n\n\n\n<p>Seg\u00fan la <strong>Ley 27.399<\/strong>, que regula los feriados nacionales en Argentina, las fechas patrias inamovibles que coinciden con fines de semana no pueden modificarse ni postergarse. Por lo tanto, el <strong>lunes 26 de mayo ser\u00e1 laborable con normalidad<\/strong>.<\/p>\n\n\n\n<p>Esto significa que <strong>no habr\u00e1 fin de semana largo<\/strong>: solo descansar\u00e1n quienes habitualmente no trabajan los domingos, sin impacto para el resto de los trabajadores o estudiantes.<\/p>\n\n\n\n<p>El <strong>25 de mayo<\/strong> se recuerda como el d\u00eda de la formaci\u00f3n del <strong>Primer Gobierno Patrio en 1810<\/strong>, un hecho clave en la historia argentina que marc\u00f3 el inicio del proceso de independencia de Espa\u00f1a, con figuras destacadas como <strong>Cornelio Saavedra, Mariano Moreno y Manuel Belgrano<\/strong>.<\/p>\n\n\n\n<p class=\"has-text-align-center\"><em><strong><em><strong><em><strong><em><strong><a href=\"https:\/\/t.me\/esreviral\">\u00daNETE A NUESTRO CANAL DE TELEGRAM PARA ESTAR INFORMADO<\/a><\/strong><\/em><\/strong><\/em><\/strong><\/em><\/strong><\/em><\/p>\n\n\n\n<h3 class=\"wp-block-heading\"><strong><mark style=\"background-color:rgba(0, 0, 0, 0)\" class=\"has-inline-color has-vivid-red-color\">Pr\u00f3ximos feriados en 2025<\/mark><\/strong><\/h3>\n\n\n\n<p><strong>Mayo<\/strong><\/p>\n\n\n\n<ul class=\"wp-block-list\">\n<li>Domingo 25: D\u00eda de la Revoluci\u00f3n de Mayo (inamovible).<\/li>\n<\/ul>\n\n\n\n<p><\/p>\n\n\n\n<p><strong>Junio<\/strong><\/p>\n\n\n\n<ul class=\"wp-block-list\">\n<li>Lunes 16: Paso a la Inmortalidad del Gral. Mart\u00edn Miguel de G\u00fcemes (se traslada del martes 17).<\/li>\n\n\n\n<li>Viernes 20: Paso a la Inmortalidad del Gral. Manuel Belgrano (inamovible).<\/li>\n<\/ul>\n\n\n\n<p><\/p>\n\n\n\n<p><strong>Julio<\/strong><\/p>\n\n\n\n<ul class=\"wp-block-list\">\n<li>Mi\u00e9rcoles 9: D\u00eda de la Independencia (inamovible).<\/li>\n<\/ul>\n\n\n\n<p><\/p>\n\n\n\n<p><strong>Agosto<\/strong><\/p>\n\n\n\n<ul class=\"wp-block-list\">\n<li>Viernes 15: D\u00eda no laborable puente.<\/li>\n\n\n\n<li>Domingo 17: Paso a la Inmortalidad del Gral. Jos\u00e9 de San Mart\u00edn (trasladable).<\/li>\n<\/ul>\n\n\n\n<p><\/p>\n\n\n\n<p><strong>Octubre<\/strong><\/p>\n\n\n\n<ul class=\"wp-block-list\">\n<li>Domingo 12: D\u00eda del Respeto a la Diversidad Cultural (trasladable).<\/li>\n<\/ul>\n\n\n\n<p><\/p>\n\n\n\n<p><strong>Noviembre<\/strong><\/p>\n\n\n\n<ul class=\"wp-block-list\">\n<li>Viernes 21: D\u00eda no laborable puente.<\/li>\n\n\n\n<li>Lunes 24: D\u00eda de la Soberan\u00eda Nacional (se traslada del jueves 20).<\/li>\n<\/ul>\n\n\n\n<p><\/p>\n\n\n\n<p><strong>Diciembre<\/strong><\/p>\n\n\n\n<ul class=\"wp-block-list\">\n<li>Lunes 8: Inmaculada Concepci\u00f3n de Mar\u00eda (inamovible).<\/li>\n\n\n\n<li>Jueves 25: Navidad (inamovible).<\/li>\n<\/ul>\n\n\n\n<h3 class=\"wp-block-heading\"><strong><mark style=\"background-color:rgba(0, 0, 0, 0)\" class=\"has-inline-color has-vivid-red-color\">Fines de semana largos que quedan en 2025<\/mark><\/strong><\/h3>\n\n\n\n<ul class=\"wp-block-list\">\n<li><strong>14, 15 y 16 de junio<\/strong> \u2192 Paso a la Inmortalidad del Gral. G\u00fcemes<\/li>\n\n\n\n<li><strong>15, 16 y 17 de agosto<\/strong> \u2192 Paso a la Inmortalidad del Gral. San Mart\u00edn<\/li>\n\n\n\n<li><strong>22, 23 y 24 de noviembre<\/strong> \u2192 D\u00eda de la Soberan\u00eda Nacional<\/li>\n\n\n\n<li><strong>6, 7 y 8 de diciembre<\/strong> \u2192 Inmaculada Concepci\u00f3n de Mar\u00eda<\/li>\n<\/ul>\n\n\n\n<p><\/p>\n\n\n\n<p class=\"has-text-align-center\"><strong><a href=\"https:\/\/chat.whatsapp.com\/KWkTmakY3I05kNdd2oZl6d\"><em>\u00daNETE A NUESTRO GRUPO DE WHATSAPP PARA ESTAR INFORMADO<\/em><\/a><\/strong><\/p>\n","protected":false},"excerpt":{"rendered":"<p>Conoce todo sobre este d\u00eda en el que se conmemora la Revoluci\u00f3n de Mayo de 1810.<\/p>\n","protected":false},"author":3,"featured_media":72977,"comment_status":"closed","ping_status":"closed","sticky":false,"template":"","format":"standard","meta":{"jnews-multi-image_gallery":[],"jnews_single_post":{"format":"standard"},"jnews_primary_category":[],"jnews_social_meta":[],"jnews_review":[],"enable_review":"","type":"","name":"","summary":"","brand":"","sku":"","good":[],"bad":[],"score_override":"","override_value":"","rating":[],"price":[],"jnews_override_counter":[],"jnews_post_split":[],"footnotes":""},"categories":[58],"tags":[44,5252,45],"class_list":["post-72976","post","type-post","status-publish","format-standard","has-post-thumbnail","hentry","category-argentina","tag-argentina","tag-feriados","tag-noticias"],"amp_enabled":true,"_links":{"self":[{"href":"https:\/\/esreviral.com\/index.php?rest_route=\/wp\/v2\/posts\/72976"}],"collection":[{"href":"https:\/\/esreviral.com\/index.php?rest_route=\/wp\/v2\/posts"}],"about":[{"href":"https:\/\/esreviral.com\/index.php?rest_route=\/wp\/v2\/types\/post"}],"author":[{"embeddable":true,"href":"https:\/\/esreviral.com\/index.php?rest_route=\/wp\/v2\/users\/3"}],"replies":[{"embeddable":true,"href":"https:\/\/esreviral.com\/index.php?rest_route=%2Fwp%2Fv2%2Fcomments&post=72976"}],"version-history":[{"count":1,"href":"https:\/\/esreviral.com\/index.php?rest_route=\/wp\/v2\/posts\/72976\/revisions"}],"predecessor-version":[{"id":72978,"href":"https:\/\/esreviral.com\/index.php?rest_route=\/wp\/v2\/posts\/72976\/revisions\/72978"}],"wp:featuredmedia":[{"embeddable":true,"href":"https:\/\/esreviral.com\/index.php?rest_route=\/wp\/v2\/media\/72977"}],"wp:attachment":[{"href":"https:\/\/esreviral.com\/index.php?rest_route=%2Fwp%2Fv2%2Fmedia&parent=72976"}],"wp:term":[{"taxonomy":"category","embeddable":true,"href":"https:\/\/esreviral.com\/index.php?rest_route=%2Fwp%2Fv2%2Fcategories&post=72976"},{"taxonomy":"post_tag","embeddable":true,"href":"https:\/\/esreviral.com\/index.php?rest_route=%2Fwp%2Fv2%2Ftags&post=72976"}],"curies":[{"name":"wp","href":"https:\/\/api.w.org\/{rel}","templated":true}]}}