{"id":72949,"date":"2025-05-05T09:04:18","date_gmt":"2025-05-05T14:04:18","guid":{"rendered":"https:\/\/esreviral.com\/?p=72949"},"modified":"2025-05-05T09:04:19","modified_gmt":"2025-05-05T14:04:19","slug":"met-gala-2025-todos-los-detalles-del-evento-mas-exclusivo-de-la-moda","status":"publish","type":"post","link":"https:\/\/esreviral.com\/?p=72949","title":{"rendered":"MET Gala 2025: todos los detalles del evento m\u00e1s exclusivo de la moda"},"content":{"rendered":"\n<p>A tan solo horas de su inicio, la <strong>MET Gala 2025<\/strong> ya genera enormes expectativas entre los<strong> amantes de la moda y la cultura<\/strong>. Seg\u00fan expertos, esta edici\u00f3n podr\u00eda convertirse en una de las m\u00e1s significativas de la historia del evento, no solo por el glamour habitual, sino por la potente carga cultural que trae: este a\u00f1o, el foco estar\u00e1 puesto en celebrar la herencia y la expresi\u00f3n identitaria de la comunidad negra a trav\u00e9s del vestir.<\/p>\n\n\n\n<p>La MET Gala naci\u00f3 en 1948 gracias a Eleanor Lambert, reconocida publicista de moda, como una cena ben\u00e9fica para recaudar fondos para el entonces reci\u00e9n creado Costume Institute del Museo Metropolitano de Arte de Nueva York. Durante d\u00e9cadas, fue un evento exclusivo del c\u00edrculo social neoyorquino, hasta que en 1995, bajo la direcci\u00f3n de Anna Wintour, editora en jefe de <em>Vogue<\/em>, dio un giro radical: pas\u00f3 a convertirse en un fen\u00f3meno global que fusiona arte, moda y cultura pop, fij\u00e1ndose en el calendario como la cita ineludible para los fan\u00e1ticos del estilo.<\/p>\n\n\n\n<p class=\"has-text-align-center\"><em><strong><em><strong><em><strong><em><strong><a href=\"https:\/\/t.me\/esreviral\">\u00daNETE A NUESTRO CANAL DE TELEGRAM PARA ESTAR INFORMADO<\/a><\/strong><\/em><\/strong><\/em><\/strong><\/em><\/strong><\/em><\/p>\n\n\n\n<figure class=\"wp-block-image size-large\"><img decoding=\"async\" src=\"https:\/\/cloudfront-us-east-1.images.arcpublishing.com\/infobae\/4SVAZUZEOREWVEMOQHCS2EXJ74.jpg\" alt=\"\"\/><\/figure>\n\n\n\n<p><\/p>\n\n\n\n<p><strong><mark style=\"background-color:rgba(0, 0, 0, 0)\" class=\"has-inline-color has-vivid-red-color\">\u00bfCu\u00e1l es la tem\u00e1tica de la MET Gala 2025?<\/mark><\/strong><br>El tema central ser\u00e1 el <em>dandismo<\/em> negro, que tambi\u00e9n inspirar\u00e1 la gran exposici\u00f3n de primavera del MET Museum, titulada <em>Superfine: Tailoring Black Style<\/em>. La muestra explora c\u00f3mo, desde el siglo XVIII hasta hoy, los dandis negros \u2014hombres reconocidos por su refinamiento al vestir\u2014 han usado la moda como herramienta de construcci\u00f3n identitaria dentro de la di\u00e1spora africana. Inspirada en el libro <em>Slaves to Fashion<\/em> de Monica L. Miller, la exposici\u00f3n estar\u00e1 co-comisariada por Miller junto a Andrew Bolton.<\/p>\n\n\n\n<p><strong><mark style=\"background-color:rgba(0, 0, 0, 0)\" class=\"has-inline-color has-vivid-red-color\">Fecha, hora y d\u00f3nde verla<\/mark><\/strong><br>La MET Gala se celebrar\u00e1 este lunes 5 de mayo en Nueva York. La alfombra roja \u2014el momento m\u00e1s medi\u00e1tico del evento\u2014 podr\u00e1 seguirse a partir de estos horarios:<\/p>\n\n\n\n<ul class=\"wp-block-list\">\n<li>Per\u00fa, Ecuador, Colombia: 5 p.m.<\/li>\n\n\n\n<li>M\u00e9xico: 4 p.m.<\/li>\n\n\n\n<li><strong>Chile, Venezuela: 6 p.m.<\/strong><\/li>\n\n\n\n<li><strong>Argentina, Uruguay: 7 p.m<\/strong>.<\/li>\n<\/ul>\n\n\n\n<p><\/p>\n\n\n\n<p>En Estados Unidos, las transmisiones oficiales ser\u00e1n por Peacock desde las 6 p.m., mientras que en Am\u00e9rica Latina se podr\u00e1 seguir a trav\u00e9s de los canales de YouTube de agencias como AP y Reuters, que mostrar\u00e1n la salida de las celebridades de hoteles ic\u00f3nicos como el Mark Hotel y el Carlyle Hotel.<\/p>\n\n\n\n<figure class=\"wp-block-image size-large\"><img decoding=\"async\" src=\"https:\/\/los40.com\/resizer\/v2\/DAH253CWHFLALL4CNZUXAFIKOE.jpg?auth=b650f13015b95c01867fd5da9e0d5e7bacd3cfa36a1a4563c815945bff303956&amp;quality=70&amp;width=1200&amp;height=544&amp;smart=true\" alt=\"\"\/><\/figure>\n\n\n\n<p><\/p>\n\n\n\n<p><strong><mark style=\"background-color:rgba(0, 0, 0, 0)\" class=\"has-inline-color has-vivid-red-color\">Los anfitriones y los invitados confirmados<\/mark><\/strong><br>La MET Gala 2025 contar\u00e1 con un equipo estelar de co-anfitriones:<\/p>\n\n\n\n<ul class=\"wp-block-list\">\n<li>Pharrell Williams (cantante y dise\u00f1ador)<\/li>\n\n\n\n<li>Lewis Hamilton (piloto de F\u00f3rmula 1)<\/li>\n\n\n\n<li>A$AP Rocky (m\u00fasico)<\/li>\n\n\n\n<li>Colman Domingo (actor)<\/li>\n\n\n\n<li>Anna Wintour (<em>Vogue<\/em>)<\/li>\n<\/ul>\n\n\n\n<p><\/p>\n\n\n\n<p>Adem\u00e1s, LeBron James ser\u00e1 el anfitri\u00f3n honorario. Entre los invitados confirmados figuran Usher, Regina King, Spike Lee, Simone Biles (junto a su esposo Jonathan Owens), Janelle Mon\u00e1e, Doechii y Ayo Edebiri.<\/p>\n\n\n\n<p><strong><mark style=\"background-color:rgba(0, 0, 0, 0)\" class=\"has-inline-color has-vivid-red-color\">\u00bfQu\u00e9 esperar de los looks?<\/mark><\/strong><br>Los atuendos estar\u00e1n inspirados en <em>Superfine: Tailoring Black Style<\/em>, que examina c\u00f3mo la moda masculina de los dandis negros \u2014desde Am\u00e9rica y el Caribe hasta Gran Breta\u00f1a\u2014 ha desafiado estereotipos y ha marcado tendencias globales. La exposici\u00f3n incluir\u00e1 doce caracter\u00edsticas del dandismo negro, basadas en un ensayo de Zora Neale Hurston de 1934, y mostrar\u00e1 prendas, accesorios, ilustraciones, fotograf\u00edas y fragmentos de pel\u00edculas.<\/p>\n\n\n\n<p>Seg\u00fan Monica L. Miller, la muestra busca mostrar c\u00f3mo la poblaci\u00f3n negra pas\u00f3 de ser esclavizada y estilizada como objetos de lujo a convertirse en creadores de tendencias globales: <em>\u201cLa exposici\u00f3n ilustrar\u00e1 c\u00f3mo los negros dejaron de ser s\u00edmbolos de riqueza ajena para convertirse en individuos aut\u00f3nomos que marcan la moda en el mundo\u201d<\/em>.<\/p>\n\n\n\n<p class=\"has-text-align-center\"><strong><a href=\"https:\/\/chat.whatsapp.com\/KWkTmakY3I05kNdd2oZl6d\"><em>\u00daNETE A NUESTRO GRUPO DE WHATSAPP PARA ESTAR INFORMADO<\/em><\/a><\/strong><\/p>\n","protected":false},"excerpt":{"rendered":"<p>El Museo Metropolitano de Arte de Nueva York se convertir\u00e1 una vez m\u00e1s en el mayor escenario del glamour en una nueva edici\u00f3n de la MET Gala, cuya tem\u00e1tica central ser\u00e1 el \u00abdandismo\u00bb de los hombres negros<\/p>\n","protected":false},"author":3,"featured_media":72955,"comment_status":"closed","ping_status":"closed","sticky":false,"template":"","format":"standard","meta":{"jnews-multi-image_gallery":[],"jnews_single_post":{"format":"standard"},"jnews_primary_category":[],"jnews_social_meta":[],"jnews_review":[],"enable_review":"","type":"","name":"","summary":"","brand":"","sku":"","good":[],"bad":[],"score_override":"","override_value":"","rating":[],"price":[],"jnews_override_counter":[],"jnews_post_split":[],"footnotes":""},"categories":[50],"tags":[5545,29535,136,18859,534],"class_list":["post-72949","post","type-post","status-publish","format-standard","has-post-thumbnail","hentry","category-entretenimiento","tag-alfombra-roja","tag-dandismo-negro","tag-estados-unidos","tag-met-gala-2025","tag-nueva-york"],"_links":{"self":[{"href":"https:\/\/esreviral.com\/index.php?rest_route=\/wp\/v2\/posts\/72949","targetHints":{"allow":["GET"]}}],"collection":[{"href":"https:\/\/esreviral.com\/index.php?rest_route=\/wp\/v2\/posts"}],"about":[{"href":"https:\/\/esreviral.com\/index.php?rest_route=\/wp\/v2\/types\/post"}],"author":[{"embeddable":true,"href":"https:\/\/esreviral.com\/index.php?rest_route=\/wp\/v2\/users\/3"}],"replies":[{"embeddable":true,"href":"https:\/\/esreviral.com\/index.php?rest_route=%2Fwp%2Fv2%2Fcomments&post=72949"}],"version-history":[{"count":2,"href":"https:\/\/esreviral.com\/index.php?rest_route=\/wp\/v2\/posts\/72949\/revisions"}],"predecessor-version":[{"id":72959,"href":"https:\/\/esreviral.com\/index.php?rest_route=\/wp\/v2\/posts\/72949\/revisions\/72959"}],"wp:featuredmedia":[{"embeddable":true,"href":"https:\/\/esreviral.com\/index.php?rest_route=\/wp\/v2\/media\/72955"}],"wp:attachment":[{"href":"https:\/\/esreviral.com\/index.php?rest_route=%2Fwp%2Fv2%2Fmedia&parent=72949"}],"wp:term":[{"taxonomy":"category","embeddable":true,"href":"https:\/\/esreviral.com\/index.php?rest_route=%2Fwp%2Fv2%2Fcategories&post=72949"},{"taxonomy":"post_tag","embeddable":true,"href":"https:\/\/esreviral.com\/index.php?rest_route=%2Fwp%2Fv2%2Ftags&post=72949"}],"curies":[{"name":"wp","href":"https:\/\/api.w.org\/{rel}","templated":true}]}}