{"id":72938,"date":"2025-05-05T08:37:50","date_gmt":"2025-05-05T13:37:50","guid":{"rendered":"https:\/\/esreviral.com\/?p=72938"},"modified":"2025-05-05T08:50:10","modified_gmt":"2025-05-05T13:50:10","slug":"un-cura-que-manejaba-un-auto-choco-y-mato-a-un-motociclista","status":"publish","type":"post","link":"https:\/\/esreviral.com\/?p=72938","title":{"rendered":"A horas del inicio del c\u00f3nclave un cura atropell\u00f3 y mat\u00f3 a un motociclista\u00a0"},"content":{"rendered":"\n<p><strong>A tan solo horas del inicio del c\u00f3nclave donde se elegir\u00e1 al nuevo sucesor de San Pedro, un cura protagoniz\u00f3 una tragedia en Monte Hermoso: atropell\u00f3 a un joven de 18 a\u00f1os de edad que muri\u00f3 horas despu\u00e9s.<\/strong><\/p>\n\n\n\n<p><strong>La v\u00edctima, Valentino Marelli R\u00edos,<\/strong> era oriundo de Coronel Dorrego y trabajaba desde hac\u00eda cuatro meses en la estaci\u00f3n YPF de la zona. El s\u00e1bado por la tarde, mientras circulaba en su moto Zanella 100 ZB por el kil\u00f3metro 20 de la ruta provincial 78 \u2014a ocho kil\u00f3metros de la ruta nacional 3\u2014,<strong> fue embestido por el sacerdote Walter Alejandro Par\u00eds, de 54 a\u00f1os de edad.<\/strong><\/p>\n\n\n\n<p>Valentino fue trasladado de urgencia al hospital municipal de Coronel Dorrego, donde<strong> le amputaron la pierna izquierda <\/strong>por una grave lesi\u00f3n en la arteria femoral. Pese a los esfuerzos m\u00e9dicos, <strong>falleci\u00f3 el domingo<\/strong>.<\/p>\n\n\n\n<p class=\"has-text-align-center\"><em><strong><em><strong><em><strong><em><strong><a href=\"https:\/\/t.me\/esreviral\">\u00daNETE A NUESTRO CANAL DE TELEGRAM PARA ESTAR INFORMADO<\/a><\/strong><\/em><\/strong><\/em><\/strong><\/em><\/strong><\/em><\/p>\n\n\n\n<figure class=\"wp-block-image size-large\"><img decoding=\"async\" src=\"https:\/\/tn.com.ar\/resizer\/v2\/el-lugar-donde-se-produjo-el-fatal-choque-foto-gentileza-la-dorrego-IOVQK4JDQBH5NI6ACITWX2VBT4.jpg?auth=bce9754df4af18538087692935cb74e38e5b660845aec28ecd3786c33ab90ea0&amp;width=1440\" alt=\"\"\/><\/figure>\n\n\n\n<p><\/p>\n\n\n\n<p>Desde la YPF donde trabajaba, lo despidieron con dolor: <em>\u201cHoy nos toca despedir con un dolor inmenso a Valentino, que con apenas 18 a\u00f1os nos dej\u00f3 tras un tr\u00e1gico accidente. Llevaba solo cuatro meses en la empresa, pero alcanz\u00f3 para que todos lo quisi\u00e9ramos como si hiciera a\u00f1os que compart\u00edamos d\u00edas con \u00e9l\u201d<\/em>.<\/p>\n\n\n\n<p>Sus compa\u00f1eros lo recordaron como <em>\u201cun chico bueno de verdad, siempre amable, trabajador, con una sonrisa lista y una energ\u00eda que contagiaba. Alegre, comprometido, siempre dispuesto. Nos cuesta much\u00edsimo entender que ya no est\u00e9. Lo vamos a llevar en el coraz\u00f3n\u201d<\/em>.<\/p>\n\n\n\n<figure class=\"wp-block-image size-large\"><img decoding=\"async\" src=\"https:\/\/tn.com.ar\/resizer\/v2\/la-triste-despedida-de-sus-companeros-de-trabajo-foto-facebook-ypf-monte-hermoso-plataforma-urbana-srl-OHYCBHR5SNB4RK7GEPKJWQMRDQ.PNG?auth=9547bb48ee23c195edd0c1d0067584062a06f39c68e3ef17891286f668817de5&amp;width=1440\" alt=\"\"\/><\/figure>\n\n\n\n<p><\/p>\n\n\n\n<p>En redes sociales, amigos y familiares tambi\u00e9n expresaron su pesar: <em>\u201c\u00a1Te voy a extra\u00f1ar tanto, mi chiquito! Excelente compa\u00f1ero, gran amigo. Te quiero mucho, Valen, hasta siempre\u201d<\/em>; <em>\u201cHab\u00eda egresado el a\u00f1o pasado, ten\u00eda muchos sue\u00f1os y metas\u2026 Fue un excelente alumno, compa\u00f1ero y persona. Descans\u00e1 en paz, Valen\u201d<\/em>, fueron algunos de los mensajes.<\/p>\n\n\n\n<p>La causa fue caratulada como \u201c<strong><em>homicidio culposo<\/em><\/strong>\u201d por la Ayudant\u00eda Fiscal de Coronel Dorrego, a cargo de Leopoldo Vega. Por el momento, no trascendieron detalles sobre c\u00f3mo ocurri\u00f3 el accidente ni si se tomaron medidas judiciales contra el cura involucrado.<\/p>\n\n\n\n<p class=\"has-text-align-center\"><strong><a href=\"https:\/\/chat.whatsapp.com\/KWkTmakY3I05kNdd2oZl6d\"><em>\u00daNETE A NUESTRO GRUPO DE WHATSAPP PARA ESTAR INFORMADO<\/em><\/a><\/strong><\/p>\n","protected":false},"excerpt":{"rendered":"<p>Tras el accidente, a Valentino Marelli le amputaron una pierna. Sin embargo, muri\u00f3 por la gravedad de las heridas.<\/p>\n","protected":false},"author":3,"featured_media":72947,"comment_status":"closed","ping_status":"closed","sticky":false,"template":"","format":"standard","meta":{"jnews-multi-image_gallery":[],"jnews_single_post":{"format":"standard"},"jnews_primary_category":[],"jnews_social_meta":[],"jnews_review":[],"enable_review":"","type":"","name":"","summary":"","brand":"","sku":"","good":[],"bad":[],"score_override":"","override_value":"","rating":[],"price":[],"jnews_override_counter":[],"jnews_post_split":[],"footnotes":""},"categories":[58,64],"tags":[433,44,384,29502,6602,13640,45,423],"class_list":["post-72938","post","type-post","status-publish","format-standard","has-post-thumbnail","hentry","category-argentina","category-sucesos","tag-accidente","tag-argentina","tag-choque","tag-cura-del-pueblo","tag-homicidio-culposo","tag-monte-hermoso","tag-noticias","tag-tragedia"],"_links":{"self":[{"href":"https:\/\/esreviral.com\/index.php?rest_route=\/wp\/v2\/posts\/72938","targetHints":{"allow":["GET"]}}],"collection":[{"href":"https:\/\/esreviral.com\/index.php?rest_route=\/wp\/v2\/posts"}],"about":[{"href":"https:\/\/esreviral.com\/index.php?rest_route=\/wp\/v2\/types\/post"}],"author":[{"embeddable":true,"href":"https:\/\/esreviral.com\/index.php?rest_route=\/wp\/v2\/users\/3"}],"replies":[{"embeddable":true,"href":"https:\/\/esreviral.com\/index.php?rest_route=%2Fwp%2Fv2%2Fcomments&post=72938"}],"version-history":[{"count":5,"href":"https:\/\/esreviral.com\/index.php?rest_route=\/wp\/v2\/posts\/72938\/revisions"}],"predecessor-version":[{"id":72952,"href":"https:\/\/esreviral.com\/index.php?rest_route=\/wp\/v2\/posts\/72938\/revisions\/72952"}],"wp:featuredmedia":[{"embeddable":true,"href":"https:\/\/esreviral.com\/index.php?rest_route=\/wp\/v2\/media\/72947"}],"wp:attachment":[{"href":"https:\/\/esreviral.com\/index.php?rest_route=%2Fwp%2Fv2%2Fmedia&parent=72938"}],"wp:term":[{"taxonomy":"category","embeddable":true,"href":"https:\/\/esreviral.com\/index.php?rest_route=%2Fwp%2Fv2%2Fcategories&post=72938"},{"taxonomy":"post_tag","embeddable":true,"href":"https:\/\/esreviral.com\/index.php?rest_route=%2Fwp%2Fv2%2Ftags&post=72938"}],"curies":[{"name":"wp","href":"https:\/\/api.w.org\/{rel}","templated":true}]}}