{"id":72858,"date":"2025-05-02T09:54:20","date_gmt":"2025-05-02T14:54:20","guid":{"rendered":"https:\/\/esreviral.com\/?p=72858"},"modified":"2025-05-02T09:56:41","modified_gmt":"2025-05-02T14:56:41","slug":"autoridades-creen-que-el-frio-del-invierno-sera-menos-fuerte","status":"publish","type":"post","link":"https:\/\/esreviral.com\/?p=72858","title":{"rendered":"Autoridades creen que el fr\u00edo del invierno ser\u00e1 menos fuerte"},"content":{"rendered":"\n<p>El Servicio Meteorol\u00f3gico Nacional (SMN) difundi\u00f3 el nuevo pron\u00f3stico clim\u00e1tico trimestral que <strong>abarca hasta fin de julio.<\/strong> La previsi\u00f3n comprende ya una parte importante del invierno y, seg\u00fan los datos difundidos,<strong> la tendencia marca temperaturas fuera de lo normal tanto en la Ciudad de Buenos Aires como en gran parte del pa\u00eds.<\/strong><\/p>\n\n\n\n<p>La previsi\u00f3n se desv\u00eda del informe trimestral anterior, que llegaba hasta fin de junio, ya que hasta ah\u00ed los datos hab\u00edan arrojado un periodo de normalidad t\u00e9rmica para el \u00e1rea metropolitana de Buenos Aires. Ahora, las temperaturas cuasi primaverales de estos \u00faltimos d\u00edas, <strong>con m\u00e1ximas de hasta 27 grados anunciadas para este fin de semana largo,<\/strong> se condicen con los datos oficiales.<\/p>\n\n\n\n<p>Marcelo Madel\u00f3n, meteor\u00f3logo y experto en medio ambiente, explic\u00f3 en una entrevista de Clar\u00edn el motivo de este fen\u00f3meno: \u00abLos modelos indican un calentamiento en las aguas del Atl\u00e1ntico, frente a Mar del Plata, fen\u00f3meno bastante raro y relacionado con la corriente de El Ni\u00f1o o en situaciones neutrales\u00bb. De acuerdo a los modelos din\u00e1micos y estad\u00edsticos, en promedio, hasta el trimestre abril-junio hay 77 por ciento de probabilidad de que las condiciones sean neutrales.<\/p>\n\n\n\n<p>\u00abEstamos en una fase neutral, es decir, no hay ni Ni\u00f1o ni Ni\u00f1a. Lo m\u00e1s probable es que despu\u00e9s de esta etapa neutral venga El Ni\u00f1o. Esta fase neutral nos trae ahora temperaturas m\u00e1s altas de lo normal y posiblemente la misma tendencia contin\u00fae el resto del a\u00f1o\u00bb, agreg\u00f3 Madel\u00f3n.<\/p>\n\n\n\n<p>En cuanto al pron\u00f3stico de lluvias, hay incertidumbre en la zona metropolitana de Buenos Aires porque no est\u00e1 definido -seg\u00fan las mediciones del SMN- si las precipitaciones ser\u00e1n normales o, en su defecto, tendr\u00e1n alg\u00fan grado de anomal\u00eda ya sea por exceso o defecto. La misma hoja en blanco aplica para C\u00f3rdoba, Santa Fe y la Mesopotamia.<\/p>\n\n\n\n<p>El SMN difundi\u00f3 en las \u00faltimas horas, adem\u00e1s, las anomal\u00edas de temperaturas m\u00ednimas medias a nivel pa\u00eds para los meses del oto\u00f1o, en el periodo que va de 1961 a 2024. All\u00ed puede observarse que en la mayor\u00eda de los \u00faltimos a\u00f1os ese desv\u00edo se ubic\u00f3 por encima de lo normal. Los a\u00f1os en que la anomal\u00eda<\/p>\n\n\n\n<p>Es por un calentamiento en las aguas del Atl\u00e1ntico.<\/p>\n\n\n\n<p> fue m\u00e1s marcada fueron 2024 (1 grado) y 2015 (1,3 grado). Mientras que en el sentido contrario, con marcas inferiores a lo normal, la mayor diferencia se dio en 2023 (1,4 grado).<\/p>\n\n\n\n<p>A partir de 2010 se observa una tendencia a que los oto\u00f1os sean en general m\u00e1s c\u00e1lidos que el promedio hist\u00f3rico, cuando antes de ese a\u00f1o predominaba la tendencia de anomal\u00edas m\u00e1s fr\u00edas. En ese sentido, el r\u00e9cord del periodo lo tiene el a\u00f1o 1968, cuando el registro de la estaci\u00f3n marc\u00f3 un promedio de 2,2 grados por debajo de lo habitual.<\/p>\n","protected":false},"excerpt":{"rendered":"<p>El Servicio Meteorol\u00f3gico Nacional (SMN) difundi\u00f3 el nuevo pron\u00f3stico clim\u00e1tico trimestral que abarca hasta fin de julio. La previsi\u00f3n comprende ya una parte importante del invierno y, seg\u00fan los datos difundidos, la tendencia marca temperaturas fuera de lo normal tanto en la Ciudad de Buenos Aires como en gran parte del pa\u00eds. La previsi\u00f3n se [&hellip;]<\/p>\n","protected":false},"author":2,"featured_media":72860,"comment_status":"closed","ping_status":"closed","sticky":false,"template":"","format":"standard","meta":{"jnews-multi-image_gallery":[],"jnews_single_post":{"format":"standard"},"jnews_primary_category":[],"jnews_social_meta":[],"jnews_review":[],"enable_review":"","type":"","name":"","summary":"","brand":"","sku":"","good":[],"bad":[],"score_override":"","override_value":"","rating":[],"price":[],"jnews_override_counter":[],"jnews_post_split":[],"footnotes":""},"categories":[43,58],"tags":[44,1016,942,45],"class_list":["post-72858","post","type-post","status-publish","format-standard","has-post-thumbnail","hentry","category-actualidad","category-argentina","tag-argentina","tag-clima","tag-invierno","tag-noticias"],"amp_enabled":true,"_links":{"self":[{"href":"https:\/\/esreviral.com\/index.php?rest_route=\/wp\/v2\/posts\/72858"}],"collection":[{"href":"https:\/\/esreviral.com\/index.php?rest_route=\/wp\/v2\/posts"}],"about":[{"href":"https:\/\/esreviral.com\/index.php?rest_route=\/wp\/v2\/types\/post"}],"author":[{"embeddable":true,"href":"https:\/\/esreviral.com\/index.php?rest_route=\/wp\/v2\/users\/2"}],"replies":[{"embeddable":true,"href":"https:\/\/esreviral.com\/index.php?rest_route=%2Fwp%2Fv2%2Fcomments&post=72858"}],"version-history":[{"count":1,"href":"https:\/\/esreviral.com\/index.php?rest_route=\/wp\/v2\/posts\/72858\/revisions"}],"predecessor-version":[{"id":72861,"href":"https:\/\/esreviral.com\/index.php?rest_route=\/wp\/v2\/posts\/72858\/revisions\/72861"}],"wp:featuredmedia":[{"embeddable":true,"href":"https:\/\/esreviral.com\/index.php?rest_route=\/wp\/v2\/media\/72860"}],"wp:attachment":[{"href":"https:\/\/esreviral.com\/index.php?rest_route=%2Fwp%2Fv2%2Fmedia&parent=72858"}],"wp:term":[{"taxonomy":"category","embeddable":true,"href":"https:\/\/esreviral.com\/index.php?rest_route=%2Fwp%2Fv2%2Fcategories&post=72858"},{"taxonomy":"post_tag","embeddable":true,"href":"https:\/\/esreviral.com\/index.php?rest_route=%2Fwp%2Fv2%2Ftags&post=72858"}],"curies":[{"name":"wp","href":"https:\/\/api.w.org\/{rel}","templated":true}]}}