{"id":72842,"date":"2025-05-02T07:56:01","date_gmt":"2025-05-02T12:56:01","guid":{"rendered":"https:\/\/esreviral.com\/?p=72842"},"modified":"2025-05-02T07:56:02","modified_gmt":"2025-05-02T12:56:02","slug":"la-chimenea-ya-corona-la-capilla-sixtina-para-el-conclave","status":"publish","type":"post","link":"https:\/\/esreviral.com\/?p=72842","title":{"rendered":"La chimenea ya corona la Capilla Sixtina para el c\u00f3nclave"},"content":{"rendered":"\n<p>El Vaticano instal\u00f3 este viernes en el techo de la Capilla Sixtina la tradicional chimenea que anunciar\u00e1 al mundo la elecci\u00f3n del nuevo papa, sucesor de Francisco, al frente de la Iglesia cat\u00f3lica.<\/p>\n\n\n\n<p>La instalaci\u00f3n fue realizada por una brigada de bomberos de la Santa Sede, y en las pr\u00f3ximas horas se llevar\u00e1n a cabo pruebas para asegurar su correcto funcionamiento.<\/p>\n\n\n\n<p class=\"has-text-align-center\"><em><strong><em><strong><em><strong><em><strong><a href=\"https:\/\/t.me\/esreviral\">\u00daNETE A NUESTRO CANAL DE TELEGRAM PARA ESTAR INFORMADO<\/a><\/strong><\/em><\/strong><\/em><\/strong><\/em><\/strong><\/em>.<\/p>\n\n\n\n<p>La Capilla Sixtina cuenta con dos estufas conectadas a la misma chimenea, que es la \u00fanica se\u00f1al visible de lo que ocurre en el interior. En la estufa m\u00e1s antigua se queman las papeletas de votaci\u00f3n y las notas de los cardenales; en la m\u00e1s moderna, productos qu\u00edmicos permiten generar el humo: negro si no se ha alcanzado un acuerdo, o blanco cuando se ha elegido al nuevo pont\u00edfice.<\/p>\n\n\n\n<blockquote class=\"twitter-tweet\"><p lang=\"it\" dir=\"ltr\">I vigili del fuoco del Vaticano hanno installato questa mattina il <a href=\"https:\/\/twitter.com\/hashtag\/comignolo?src=hash&amp;ref_src=twsrc%5Etfw\">#comignolo<\/a> che, con una fumata bianca, annuncer\u00e0 l&#39;elezione del nuovo Papa. I cardinali si riuniranno nella <a href=\"https:\/\/twitter.com\/hashtag\/CappellaSistina?src=hash&amp;ref_src=twsrc%5Etfw\">#CappellaSistina<\/a> per dare inizio al Conclave a partire dal 7 maggio.<a href=\"https:\/\/twitter.com\/hashtag\/VaticanNewsIT?src=hash&amp;ref_src=twsrc%5Etfw\">#VaticanNewsIT<\/a> <a href=\"https:\/\/t.co\/YZ1IUxxlMt\">pic.twitter.com\/YZ1IUxxlMt<\/a><\/p>&mdash; Vatican News (@vaticannews_it) <a href=\"https:\/\/twitter.com\/vaticannews_it\/status\/1918250837962571860?ref_src=twsrc%5Etfw\">May 2, 2025<\/a><\/blockquote> <script async src=\"https:\/\/platform.twitter.com\/widgets.js\" charset=\"utf-8\"><\/script>\n\n\n\n<p><\/p>\n\n\n\n<p>Un total de 133 cardenales, menores de 80 a\u00f1os y con derecho a voto, se reunir\u00e1n a partir del mi\u00e9rcoles pr\u00f3ximo bajo los frescos de Miguel \u00c1ngel para elegir al l\u00edder espiritual de los 1.400 millones de cat\u00f3licos en el mundo.<\/p>\n\n\n\n<p>La atm\u00f3sfera en el Vaticano es especial. \u201cHay un ambiente m\u00e1s espiritual\u201d, coment\u00f3 a AFP Diana Ispego, una mexicana residente en Estados Unidos, mientras observaba la chimenea. Glenn Atherton, turista brit\u00e1nico, lo describi\u00f3 como \u201cuna oportunidad \u00fanica en la vida\u201d y destac\u00f3 la mezcla de tristeza e ilusi\u00f3n que se respira en el lugar.<\/p>\n\n\n\n<p><strong><mark style=\"background-color:rgba(0, 0, 0, 0)\" class=\"has-inline-color has-vivid-red-color\">El calendario del c\u00f3nclave<\/mark><\/strong><\/p>\n\n\n\n<ul class=\"wp-block-list\">\n<li><strong>Lunes 5 de mayo:<\/strong> El personal que asistir\u00e1 a los cardenales durante el c\u00f3nclave \u2014como enfermeros y celebrantes lit\u00fargicos\u2014 prestar\u00e1 juramento.<\/li>\n\n\n\n<li><strong>Mi\u00e9rcoles 7 de mayo:<\/strong> Comenzar\u00e1 el c\u00f3nclave. A las 10:00 a.m. (hora local) se celebrar\u00e1 la misa <em>Pro Eligendo Pontifice<\/em>, que tradicionalmente precede al inicio de la elecci\u00f3n.<br>A las 16:30 (14:30 GMT), los 133 cardenales ingresar\u00e1n a la Capilla Sixtina para dar inicio formal al proceso.<\/li>\n<\/ul>\n\n\n\n<p><\/p>\n\n\n\n<p>Vestidos con sus paramentos rojos, saldr\u00e1n de la Capilla Paolina entonando las letan\u00edas, y en procesi\u00f3n se dirigir\u00e1n a la Capilla Sixtina, donde cantar\u00e1n el <em>Veni Creator<\/em> y pronunciar\u00e1n el juramento.<\/p>\n\n\n\n<p>Una vez dentro, el maestro de ceremonias, Diego Ravelli, dir\u00e1 la f\u00f3rmula <em>extra omnes<\/em> (\u201ctodos fuera\u201d), solicitando que abandonen la sala todos los no electores.<\/p>\n\n\n\n<p>A partir de ese momento, comenzar\u00e1 el c\u00f3nclave, que prev\u00e9 dos votaciones por la ma\u00f1ana y dos por la tarde, hasta alcanzar los dos tercios necesarios para elegir al nuevo pont\u00edfice. El esperado anuncio llegar\u00e1, como dicta la tradici\u00f3n, con la \u201cfumata blanca\u201d que saldr\u00e1 de la <strong>chimenea de la Sixtina<\/strong>.<\/p>\n\n\n\n<p class=\"has-text-align-center\"><strong><a href=\"https:\/\/chat.whatsapp.com\/KWkTmakY3I05kNdd2oZl6d\"><em>\u00daNETE A NUESTRO GRUPO DE WHATSAPP PARA ESTAR INFORMADO<\/em><\/a><\/strong><\/p>\n","protected":false},"excerpt":{"rendered":"<p>La instalaci\u00f3n fue realizada por una brigada de bomberos de la Santa Sede y se espera que en las pr\u00f3ximas horas se hagan algunas pruebas para comprobar que la chimenea funciona<\/p>\n","protected":false},"author":3,"featured_media":72843,"comment_status":"closed","ping_status":"closed","sticky":false,"template":"","format":"standard","meta":{"jnews-multi-image_gallery":[],"jnews_single_post":{"format":"standard"},"jnews_primary_category":[],"jnews_social_meta":[],"jnews_review":[],"enable_review":"","type":"","name":"","summary":"","brand":"","sku":"","good":[],"bad":[],"score_override":"","override_value":"","rating":[],"price":[],"jnews_override_counter":[],"jnews_post_split":[],"footnotes":""},"categories":[88],"tags":[29320,29319,25347,5969,45,28873],"class_list":["post-72842","post","type-post","status-publish","format-standard","has-post-thumbnail","hentry","category-internacionales","tag-chimenea","tag-chimenea-capilla-sixtina","tag-conclave","tag-el-vaticano","tag-noticias","tag-sucesor-del-papa-francisco"],"amp_enabled":true,"_links":{"self":[{"href":"https:\/\/esreviral.com\/index.php?rest_route=\/wp\/v2\/posts\/72842"}],"collection":[{"href":"https:\/\/esreviral.com\/index.php?rest_route=\/wp\/v2\/posts"}],"about":[{"href":"https:\/\/esreviral.com\/index.php?rest_route=\/wp\/v2\/types\/post"}],"author":[{"embeddable":true,"href":"https:\/\/esreviral.com\/index.php?rest_route=\/wp\/v2\/users\/3"}],"replies":[{"embeddable":true,"href":"https:\/\/esreviral.com\/index.php?rest_route=%2Fwp%2Fv2%2Fcomments&post=72842"}],"version-history":[{"count":1,"href":"https:\/\/esreviral.com\/index.php?rest_route=\/wp\/v2\/posts\/72842\/revisions"}],"predecessor-version":[{"id":72844,"href":"https:\/\/esreviral.com\/index.php?rest_route=\/wp\/v2\/posts\/72842\/revisions\/72844"}],"wp:featuredmedia":[{"embeddable":true,"href":"https:\/\/esreviral.com\/index.php?rest_route=\/wp\/v2\/media\/72843"}],"wp:attachment":[{"href":"https:\/\/esreviral.com\/index.php?rest_route=%2Fwp%2Fv2%2Fmedia&parent=72842"}],"wp:term":[{"taxonomy":"category","embeddable":true,"href":"https:\/\/esreviral.com\/index.php?rest_route=%2Fwp%2Fv2%2Fcategories&post=72842"},{"taxonomy":"post_tag","embeddable":true,"href":"https:\/\/esreviral.com\/index.php?rest_route=%2Fwp%2Fv2%2Ftags&post=72842"}],"curies":[{"name":"wp","href":"https:\/\/api.w.org\/{rel}","templated":true}]}}