{"id":72821,"date":"2025-05-02T06:53:14","date_gmt":"2025-05-02T11:53:14","guid":{"rendered":"https:\/\/esreviral.com\/?p=72821"},"modified":"2025-05-02T06:53:15","modified_gmt":"2025-05-02T11:53:15","slug":"una-escuelas-para-papas-comenzara-a-escucharse-a-traves-de-la-radio","status":"publish","type":"post","link":"https:\/\/esreviral.com\/?p=72821","title":{"rendered":"Una \u201cEscuelas para Pap\u00e1s\u201d comenzar\u00e1 a escucharse a trav\u00e9s de la radio"},"content":{"rendered":"\n<p><strong>El periodista y comunicador Andr\u00e9s Ca\u00f1iz\u00e1lez<\/strong>, con m\u00e1s de 30 a\u00f1os de trayectoria en la radio, estrena este viernes 2 de mayo a las 10:00 a.m. su nuevo programa <strong>\u201cEscuelas para Pap\u00e1s\u201d<\/strong> por OK 101.5 FM. El espacio busca promover <strong>la paternidad responsable y ofrecer apoyo, recursos e inspiraci\u00f3n a los padres venezolanos.<\/strong><\/p>\n\n\n\n<p>\u201c<strong><em>Escuelas para Pap\u00e1s<\/em><\/strong>\u201d promete convertirse en un punto de encuentro para reflexionar, aprender y compartir sobre los desaf\u00edos y alegr\u00edas de la paternidad. Producido y conducido por Ca\u00f1iz\u00e1lez, director de Median\u00e1lisis, el programa apuesta por visibilizar y fortalecer el rol masculino en la crianza y en la vida familiar.<\/p>\n\n\n\n<p class=\"has-text-align-center\"><em><strong><em><strong><em><strong><em><strong><a href=\"https:\/\/t.me\/esreviral\">\u00daNETE A NUESTRO CANAL DE TELEGRAM PARA ESTAR INFORMADO<\/a><\/strong><\/em><\/strong><\/em><\/strong><\/em><\/strong><\/em><\/p>\n\n\n\n<p>Bajo la premisa de que \u201c<strong><em>no hay un manual para ser pap\u00e1<\/em><\/strong>\u201d, Ca\u00f1iz\u00e1lez destaca que s\u00ed existen experiencias, reflexiones e informaci\u00f3n valiosa que estar\u00e1n a disposici\u00f3n de padres y madres. El programa abordar\u00e1 temas como el papel del padre en la familia, la paternidad en padres solteros, el impacto de la migraci\u00f3n en pap\u00e1s y abuelos, y la conexi\u00f3n musical entre generaciones.<\/p>\n\n\n\n<p>\u201c<strong><em>Hay muchos programas de orientaci\u00f3n familiar enfocados en las madres, pero en \u2018Escuelas para Pap\u00e1s\u2019 queremos abrir un espacio para los hombres que participan activamente en la crianza de sus hijos\u201d<\/em><\/strong>, explica Ca\u00f1iz\u00e1lez. Se\u00f1ala, adem\u00e1s, que hoy en d\u00eda vemos a una nueva generaci\u00f3n de padres m\u00e1s involucrados en tareas cotidianas como la educaci\u00f3n, las consultas m\u00e9dicas y las actividades deportivas de sus hijos.<\/p>\n\n\n\n<p>Inspirado en su propia historia \u2014fue criado por Francisco, la pareja de su madre, ante la ausencia de su padre biol\u00f3gico\u2014, Ca\u00f1iz\u00e1lez busca que el programa sea un espacio para compartir experiencias que ayuden a superar momentos dif\u00edciles y fortalezcan los lazos paternales. As\u00ed, \u201c<strong><em>Escuelas para Pap\u00e1s\u201d<\/em><\/strong> nace del deseo de convertir vivencias personales en aprendizajes colectivos.<\/p>\n\n\n\n<p>Adem\u00e1s del programa principal, el proyecto incluir\u00e1 c\u00e1psulas radiales y presencia en redes sociales, con entrevistas a expertos, testimonios de padres y recomendaciones musicales y cinematogr\u00e1ficas.<\/p>\n\n\n\n<p>El director de OK 101.5 FM, Manolo Ferrer, tambi\u00e9n sum\u00f3 su aporte proponiendo debates sobre c\u00f3mo fen\u00f3menos sociales, como la migraci\u00f3n, est\u00e1n transformando las din\u00e1micas familiares y modificando las relaciones entre padres, abuelos e hijos.<\/p>\n\n\n\n<p>El programa est\u00e1 dirigido a padres, futuros padres y a cualquier persona interesada en temas de <strong>crianza y familia.<\/strong> Se transmitir\u00e1 los s\u00e1bados de 10:00 a.m. a 12:00 m., mientras que los micros saldr\u00e1n al aire de lunes a viernes a las 7:00 a.m. En Barquisimeto puede sintonizarse por OK 101.5 FM, y en el resto del pa\u00eds y del mundo a trav\u00e9s de <a class=\"\" href=\"http:\/\/www.ok101fm.net\">www.ok101fm.net<\/a>. Tambi\u00e9n pueden seguir sus redes sociales: @escuela.parapapas.<\/p>\n\n\n\n<p class=\"has-text-align-center\"><strong><a href=\"https:\/\/chat.whatsapp.com\/KWkTmakY3I05kNdd2oZl6d\"><em>\u00daNETE A NUESTRO GRUPO DE WHATSAPP PARA ESTAR INFORMADO<\/em><\/a><\/strong><\/p>\n\n\n\n<p class=\"has-text-align-right\"><strong><em>Redacci\u00f3n: Por Luinerma M\u00e1rquez Castellanos.-<\/em><\/strong><\/p>\n","protected":false},"excerpt":{"rendered":"<p>\u00a1Un espacio imperdible para padres modernos!<\/p>\n","protected":false},"author":3,"featured_media":72822,"comment_status":"closed","ping_status":"closed","sticky":false,"template":"","format":"standard","meta":{"jnews-multi-image_gallery":[],"jnews_single_post":{"format":"standard"},"jnews_primary_category":[],"jnews_social_meta":[],"jnews_review":[],"enable_review":"","type":"","name":"","summary":"","brand":"","sku":"","good":[],"bad":[],"score_override":"","override_value":"","rating":[],"price":[],"jnews_override_counter":[],"jnews_post_split":[],"footnotes":""},"categories":[43,66],"tags":[29312,29314,29310,45,29313,29311,56],"class_list":["post-72821","post","type-post","status-publish","format-standard","has-post-thumbnail","hentry","category-actualidad","category-venezuela","tag-andres-canizalez","tag-crianza-y-familia","tag-escuela-para-papas","tag-noticias","tag-padres-venezolanos","tag-proyecto-radial","tag-venezuela"],"amp_enabled":true,"_links":{"self":[{"href":"https:\/\/esreviral.com\/index.php?rest_route=\/wp\/v2\/posts\/72821"}],"collection":[{"href":"https:\/\/esreviral.com\/index.php?rest_route=\/wp\/v2\/posts"}],"about":[{"href":"https:\/\/esreviral.com\/index.php?rest_route=\/wp\/v2\/types\/post"}],"author":[{"embeddable":true,"href":"https:\/\/esreviral.com\/index.php?rest_route=\/wp\/v2\/users\/3"}],"replies":[{"embeddable":true,"href":"https:\/\/esreviral.com\/index.php?rest_route=%2Fwp%2Fv2%2Fcomments&post=72821"}],"version-history":[{"count":1,"href":"https:\/\/esreviral.com\/index.php?rest_route=\/wp\/v2\/posts\/72821\/revisions"}],"predecessor-version":[{"id":72823,"href":"https:\/\/esreviral.com\/index.php?rest_route=\/wp\/v2\/posts\/72821\/revisions\/72823"}],"wp:featuredmedia":[{"embeddable":true,"href":"https:\/\/esreviral.com\/index.php?rest_route=\/wp\/v2\/media\/72822"}],"wp:attachment":[{"href":"https:\/\/esreviral.com\/index.php?rest_route=%2Fwp%2Fv2%2Fmedia&parent=72821"}],"wp:term":[{"taxonomy":"category","embeddable":true,"href":"https:\/\/esreviral.com\/index.php?rest_route=%2Fwp%2Fv2%2Fcategories&post=72821"},{"taxonomy":"post_tag","embeddable":true,"href":"https:\/\/esreviral.com\/index.php?rest_route=%2Fwp%2Fv2%2Ftags&post=72821"}],"curies":[{"name":"wp","href":"https:\/\/api.w.org\/{rel}","templated":true}]}}